{"id":10207,"date":"2022-11-23T21:23:14","date_gmt":"2022-11-23T21:23:14","guid":{"rendered":"https:\/\/www.danubia.com\/?p=10207"},"modified":"2022-11-24T13:13:06","modified_gmt":"2022-11-24T13:13:06","slug":"street-art-utcarol-a-divatuzleten-at-a-ketrecharcig-avagy-szerzoi-jogvitabol-bolti-lopasra-valo-felbujtas","status":"publish","type":"post","link":"https:\/\/www.danubia.com\/hu\/szerzoi-jog\/street-art-utcarol-a-divatuzleten-at-a-ketrecharcig-avagy-szerzoi-jogvitabol-bolti-lopasra-valo-felbujtas\/","title":{"rendered":"Street art \u2013 utc\u00e1r\u00f3l a divat\u00fczleten \u00e1t a ketrecharcig avagy szerz\u0151i jogvit\u00e1b\u00f3l bolti lop\u00e1sra val\u00f3 felbujt\u00e1s?"},"content":{"rendered":"<p>[et_pb_section fb_built=&#8221;1&#8243; module_id=&#8221;szellemitulajdon&#8221; _builder_version=&#8221;4.18.0&#8243; custom_margin=&#8221;0px||||false|false&#8221; custom_padding=&#8221;0px||||false|false&#8221; global_colors_info=&#8221;{}&#8221;][et_pb_row _builder_version=&#8221;4.16&#8243; global_colors_info=&#8221;{}&#8221;][et_pb_column type=&#8221;4_4&#8243; _builder_version=&#8221;4.16&#8243; global_colors_info=&#8221;{}&#8221;][et_pb_text _builder_version=&#8221;4.18.1&#8243; text_orientation=&#8221;justified&#8221; hover_enabled=&#8221;0&#8243; global_colors_info=&#8221;{}&#8221; sticky_enabled=&#8221;0&#8243;]<\/p>\n<p>M\u00falt p\u00e9nteken (2022. november 18-\u00e1n) Banksy a vil\u00e1gh\u00edr\u0171 brit graffitim\u0171v\u00e9sz, fest\u0151-politikai aktivista \u00e9s performance m\u0171v\u00e9sz, Instagram oldal\u00e1n <a href=\"https:\/\/www.instagram.com\/p\/ClGt3p4Mljx\/\" target=\"_blank\" rel=\"noopener\">egy ritka k\u00fcl\u00f6nleges felh\u00edv\u00e1st tett k\u00f6zz\u00e9<\/a> a &#8222;bolti szark\u00e1knak&#8221; c\u00edmezve:<\/p>\n<p><em>&#8222;Bolti szark\u00e1k figyelem! L\u00e9gyszi t\u00e9rjetek be a Guess shopba a londoni Regent street-en. Enged\u00e9ly n\u00e9lk\u00fcl maguk\u00e9v\u00e1 tett\u00e9k a grafik\u00e1m, h\u00e1t hogyan is k\u00e9rhetn\u00e9k sz\u00e1mon rajtatok, ha ugyan\u00edgy tenn\u00e9tek a cuccaikkal?&#8221;<\/em><\/p>\n<p>A m\u0171v\u00e9sz az eml\u00edtett boltr\u00f3l k\u00e9sz\u00fclt k\u00e9pet posztolt, melynek kirakat\u00e1ban Banksy alkot\u00e1sa, a Molotov kokt\u00e9l helyett vir\u00e1gcsokrot hajig\u00e1l\u00f3 &#8222;Flower-thrower&#8221; l\u00e1that\u00f3, a kirakatra stencilezett felirattal, miszerint \u00faj Guess kollekci\u00f3 jelent meg Brandalised m\u00e1rkan\u00e9v alatt, melynek darabjait Banksy graffitik d\u00edsz\u00edtik. A kirakatban pedig n\u00e9h\u00e1ny ruhadarab l\u00e1that\u00f3, a m\u0171v\u00e9sz <a href=\"https:\/\/banksy.newtfire.org\/html\/gallery_pages\/graffiti\/thug_for_life_bunny.html\" target=\"_blank\" rel=\"noopener\">2009-es gangsta-rapper nyuszit<\/a> \u00e1br\u00e1zol\u00f3 munk\u00e1j\u00e1val.<\/p>\n<p>A h\u00edrr\u0151l besz\u00e1mol\u00f3 <a href=\"https:\/\/www.rollingstone.co.uk\/culture\/banksy-claims-guess-took-artwork-without-asking-for-use-in-new-collection-24888\/\" target=\"_blank\" rel=\"noopener\">Rolling Stones magazin \u00edr\u00e1s\u00e1b\u00f3l<\/a> megtudhatjuk, hogy a Banksy alkot\u00e1sokat magukon visel\u0151 Guess kollekci\u00f3 darabjai a <a href=\"https:\/\/brandalised.com\/\" target=\"_blank\" rel=\"noopener\">Brandalised<\/a> nev\u0171 v\u00e1llalattal k\u00f6z\u00f6sen ker\u00fcltek megalkot\u00e1sra, mely c\u00e9g viszont \u00fagy t\u0171nik, rendelkezik a Banksy m\u0171vekre vonatkoz\u00f3 szerz\u0151i jogi hasznos\u00edt\u00e1si enged\u00e9llyel arra vonatkoz\u00f3an, hogy a rajong\u00f3kat graffitis merchandising kollekci\u00f3kkal l\u00e1ssa el.<\/p>\n<p>Nos, tekints\u00fcnk most el att\u00f3l, hogy a tolvajl\u00e1sra val\u00f3 felsz\u00f3l\u00edt\u00e1s ak\u00e1r felbujt\u00e1snak is min\u0151s\u00fclhet a b\u00e1r\u00f3s\u00e1g el\u0151tt, \u00e1m azt mindenk\u00e9ppen l\u00e1thatjuk, hogy n\u00e9mi ellent\u00e9t lehet a m\u0171v\u00e9sz \u00e9s az alkot\u00e1s\u00e1t felhaszn\u00e1l\u00f3 bolt n\u00e9z\u0151pontja k\u00f6zt.<\/p>\n<p>Ahhoz, hogy megvizsg\u00e1ljuk, vajon kinek is lehet igaza, \u00e9s mi \u00e1llhat a m\u0171v\u00e9sz \u00e9s a divatc\u00e9g k\u00f6zti n\u00e9zetelt\u00e9r\u00e9s h\u00e1tter\u00e9ben, a szerz\u0151i m\u0171vek l\u00e9trej\u00f6tt\u00e9nek \u00e9s ebb\u0151l ered\u0151en jogosults\u00e1gi viszonyaikkal r\u00f6viden nem \u00e1rt megismerkedn\u00fcnk. Hozz\u00e1tessz\u00fck, hogy a szerz\u0151i jogi t\u00f6rv\u00e9nyek Eur\u00f3pai szinten b\u00e1r ink\u00e1bb t\u00f6bb\u00e9, m\u00edg nemzetk\u00f6zileg ink\u00e1bb kev\u00e9sb\u00e9 harmoniz\u00e1ltak egym\u00e1ssal, \u00edgy \u00e1ltal\u00e1nos k\u00f6vetkeztet\u00e9st \u00e9s ir\u00e1nymutat\u00e1st neh\u00e9z lenne megfogalmazni, mindenesetre az alapvet\u00e9sek bizton megtehet\u0151k.<\/p>\n<p><strong>F\u0151 szab\u00e1lyk\u00e9nt<\/strong>, mik\u00e9nt azt a magyar szerz\u0151i jogi t\u00f6rv\u00e9ny 4.\u00a7-a is kimondja, hasonl\u00f3an m\u00e1s nemzetek jogszab\u00e1lyaihoz, a <strong>szerz\u0151i jog azt illeti meg, aki a m\u0171vet megalkotta<\/strong>. Haz\u00e1nkban a szerz\u0151i jogoknak megk\u00fcl\u00f6nb\u00f6ztetj\u00fck a szerz\u0151 szem\u00e9ly\u00e9hez f\u0171z\u0151d\u0151 jogait &#8211; melyek els\u0151sorban az erk\u00f6lcsi elismer\u00e9shez \u00e9s a m\u0171 alkot\u00f3i c\u00e9ljaival egybecseng\u0151 felhaszn\u00e1l\u00e1sa feletti \u0151rk\u00f6d\u00e9si jog\u00e1t foglalj\u00e1k magukban -, illetve a vagyoni jogi vonatkoz\u00e1sait.<\/p>\n<p>M\u00edg a <strong>szem\u00e9lyhez f\u0171z\u0151d\u0151 jogok <\/strong>nem idegen\u00edthet\u0151k el, \u00edgy pl. az alkot\u00f3t mindv\u00e9gig megilletik, hogy a szerz\u0151t akk\u00e9nt t\u00fcntess\u00e9k fel a m\u0171v\u00e9vel kapcsolatban, valamint hogy k\u00f6zbeavatkozhasson, ha a m\u0171vet megcsonk\u00edtva, annak megalkot\u00e1si c\u00e9ljaival ellent\u00e9tes (becs\u00fclets\u00e9rt\u0151, j\u00f3h\u00edrn\u00e9v-s\u00e9rt\u0151 m\u00f3don t\u00f6rt\u00e9n\u0151) felhaszn\u00e1l\u00e1sa t\u00f6rt\u00e9nne meg; addig a <strong>vagyoni jogok<\/strong> \u00e1truh\u00e1zhat\u00f3k, \u00f6r\u00f6k\u00f6lhet\u0151k, hasznos\u00edt\u00e1sba adhat\u00f3k, \u00e9s egy\u00e9bk\u00e9nt minden vonatkoz\u00e1sban \u00fagy &#8222;adhat\u00f3k-vehet\u0151k&#8221;, ak\u00e1r meg is terhelhet\u0151k, meg\u00f6r\u00f6k\u00f6lhet\u0151k, mint b\u00e1rmely m\u00e1s fizikai vagyont\u00e1rgy.<\/p>\n<p>Az el\u0151bb eml\u00edtett f\u0151 szab\u00e1ly al\u00f3l azonban vannak kiv\u00e9teles helyzetek, amikor a m\u0171 vagyoni jogai nem az alkot\u00f3t illetik. (Az eur\u00f3pai jogkult\u00fara-k\u00f6rben a szem\u00e9lyhez f\u0171z\u0151d\u0151 jogok azonban ekkor is megilletik a szerz\u0151t, olyannyira r\u00e1ad\u00e1sul, hogy haz\u00e1nkban pl. ezekr\u0151l le sem mondhat, \u00e1t sem ruh\u00e1zhatja m\u00e1sra.)<\/p>\n<p>Ilyen kiv\u00e9teles helyzet a <strong>munkaviszonyban l\u00e9trej\u00f6v\u0151 alkot\u00e1sok <\/strong>esete, amikor is a m\u0171 elk\u00e9sz\u00edt\u00e9se, megalkot\u00e1sa a szerz\u0151 munkaviszonyb\u00f3l ered\u0151 k\u00f6teless\u00e9ge. Ilyenkor automatikusan \u00e1tsz\u00e1llnak a munk\u00e1ltat\u00f3ra a m\u0171re vonatkoz\u00f3 vagyoni, azaz hasznos\u00edt\u00e1si jogok. Azonban a szerz\u0151t ilyen esetben is tisztess\u00e9ges d\u00edjaz\u00e1s illeti meg, amennyiben pl. a munk\u00e1ltat\u00f3 a m\u0171re vonatkoz\u00f3an m\u00e1snak felhaszn\u00e1l\u00e1si enged\u00e9lyt ad, vagy a m\u0171re vonatkoz\u00f3 vagyoni jogokat \u00e1truh\u00e1zza.<\/p>\n<p>Amennyiben a m\u0171vet <strong>v\u00e1llalkoz\u00e1si vagy megb\u00edz\u00e1si szerz\u0151d\u00e9s<\/strong> keret\u00e9ben hozz\u00e1k l\u00e9tre, a helyzet j\u00f3val komplik\u00e1ltabb. Ilyen esetben az alkot\u00e1st a szerz\u0151 megrendel\u00e9sre hozza l\u00e9tre,\u00a0 a megrendel\u0151 utas\u00edt\u00e1sait k\u00f6vetve, vagy az \u0151 ig\u00e9nyeit kiszolg\u00e1lva, mely alkot\u00e1sra vonatkoz\u00f3 felhaszn\u00e1l\u00e1s (azaz a vagyoni jogok) tekintet\u00e9ben pedig a megrendel\u0151nek hasznos\u00edt\u00e1si enged\u00e9lyt ad. Az viszont, hogy pontosan mit is foglal mag\u00e1ban az enged\u00e9ly, az nagyon nem mindegy!<\/p>\n<p>Ugyanez a helyzet akkor is, ha a &#8222;hasznos\u00edt\u00e1si sz\u00e1nd\u00e9kot mutat\u00f3&#8221; f\u00e9lnek egy m\u00e1r a m\u0171v\u00e9sz \u00e1ltal kor\u00e1bban l\u00e9trehozott m\u0171 tetszik meg, \u00e9s k\u00f6tnek meg a felek az alkot\u00e1sra vonatkoz\u00f3 hasznos\u00edt\u00e1si szerz\u0151d\u00e9st.<\/p>\n<p>Milyen ter\u00fcletek is azok, amik <strong>mindenk\u00e9ppen szab\u00e1lyozand\u00f3k<\/strong> a szerz\u0151d\u00e9sben, \u00e9s nagyon jelent\u0151s k\u00f6vetkezm\u00e9nyei vannak ut\u00e1na a felhaszn\u00e1l\u00e1s k\u00f6r\u00fclm\u00e9nyeire?<\/p>\n<p style=\"padding-left: 40px;\">a) a felhaszn\u00e1l\u00e1si enged\u00e9ly <strong>kedvezm\u00e9nyezett<\/strong>je: Azaz m\u00e1s szavakkal, hogy ki is jogosult pontosan a m\u0171vet hasznos\u00edtani. K\u00fcl\u00f6n\u00f6sen a Banksy-eset\u00e9hez hasonl\u00f3 kaliber\u0171 c\u00e9gcsoportok, multinacion\u00e1lis konglomer\u00e1tumok eset\u00e9ben van nagy jelent\u0151s\u00e9ge, hogy a meg\u00e1llapod\u00e1s kire vonatkoz\u00f3an is \u00e1llap\u00edt meg hasznos\u00edt\u00e1si jogokat. El\u0151fordulhat ugyanis, hogy a v\u00e1llalatcsoport egyik eleme \u2013 pl. egy szellemitulajdon-kezel\u00e9ssel foglalkoz\u00f3 le\u00e1nyv\u00e1llalat \u2013 szerzi meg a jogokat, viszont egy m\u00e1sik a c\u00e9gerny\u0151 al\u00e1 tartoz\u00f3 v\u00e1llalat vagy v\u00e1llalatok azok, melyek a piaci hasznos\u00edt\u00e1st t\u00e9nylegesen gyakorolni is fogj\u00e1k. Ilyen esetben, a k\u00e9s\u0151bbi vit\u00e1kat elker\u00fclend\u0151, nyilv\u00e1n nem mindegy, hogy a meg\u00e1llapod\u00e1s mit is tartalmaz.<\/p>\n<p style=\"padding-left: 40px;\">b) a felhaszn\u00e1l\u00e1si enged\u00e9ly <strong>kiz\u00e1r\u00f3lagoss\u00e1g<\/strong>a: Az enged\u00e9lyt megalkothatj\u00e1k \u00fagy is, hogy a m\u0171v\u00e9sz a m\u0171vet saj\u00e1t maga is felhaszn\u00e1lhatja, s\u0151t, tov\u00e1bbi feleknek is \u00fajabb enged\u00e9lyt adhat erre (nem-kiz\u00e1r\u00f3lagos hasznos\u00edt\u00e1si jog). \u00c1m sz\u00fclethet olyan meg\u00e1llapod\u00e1s is, mely megtiltja azt, hogy a szerz\u0151 m\u00e1soknak is enged\u00e9lyezze a hasznos\u00edt\u00e1st, s\u0151t, adott esetben a szerz\u0151d\u00e9s m\u00e9g az alkot\u00f3t is eltilthatja m\u0171v\u00e9nek hasznos\u00edt\u00e1s\u00e1t\u00f3l (kiz\u00e1r\u00f3lagos hasznos\u00edt\u00e1si jog).<\/p>\n<p style=\"padding-left: 40px;\">c)<strong>\u00a0allicencia<\/strong> ad\u00e1s lehet\u0151s\u00e9ge: A hasznos\u00edt\u00e1si jog enged\u00e9lyez\u00e9s\u00e9t licenci\u00e1nak nevezz\u00fck. Amennyiben a szerz\u0151d\u00e9s nem hatalmazza fel az enged\u00e9lyt megszerz\u0151t arra, hogy \u0151 a m\u0171re tov\u00e1bbi szerepl\u0151knek is enged\u00e9lyezze a hasznos\u00edt\u00e1st, akkor ezt nem is teheti meg. Ellenben amennyiben erre enged\u00e9lyt kapott a meg\u00e1llapod\u00e1sban a szerz\u0151t\u0151l, \u00fagy a hasznos\u00edt\u00f3 szabadon adhat enged\u00e9lyt m\u00e1soknak is, a szerz\u0151 belesz\u00f3l\u00e1s\u00e1nak lehet\u0151s\u00e9ge n\u00e9lk\u00fcl. \u00c9rtelemszer\u0171en, a szerz\u0151nek az allicencia ad\u00e1s lehet\u0151s\u00e9g\u00e9t legink\u00e1bb kiz\u00e1r\u00f3lagos hasznos\u00edt\u00e1si enged\u00e9ly megk\u00f6t\u00e9se eset\u00e9n van \u00e9rtelme megadnia. Ugyanis, ha nem-kiz\u00e1r\u00f3lagos hasznos\u00edt\u00e1si enged\u00e9lyt adna, \u00e9s megadja az allicencia ad\u00e1s lehet\u0151s\u00e9g\u00e9t is, azzal saj\u00e1t maga alatt v\u00e1gn\u00e1 a f\u00e1t, hisz ugyanarra a m\u0171re t\u0151le f\u00fcggetlen\u00fcl is beszerezhet\u0151 a hasznos\u00edt\u00e1si enged\u00e9ly.<\/p>\n<p style=\"padding-left: 40px;\">d) enged\u00e9ly <strong>f\u00f6ldrajzi terjedelme<\/strong>: Nem mindegy, hogy a m\u0171 felhaszn\u00e1l\u00e1s\u00e1t milyen geogr\u00e1fiai lefedetts\u00e9ggel enged\u00e9lyezz\u00fck. Az korl\u00e1toz\u00e1smentesen az eg\u00e9sz vil\u00e1gra kiterjedhet, vagy csak egy bizonyos orsz\u00e1gra, orsz\u00e1gk\u00f6rre.<\/p>\n<p style=\"padding-left: 40px;\">e) enged\u00e9ly <strong>id\u0151tartama<\/strong>: Ugyancsak nem mindegy, hogy a hasznos\u00edt\u00e1si jogokat milyen id\u0151tartamra adjuk \u00e1t, vagy osztjuk meg.<\/p>\n<p style=\"padding-left: 40px;\">f) az enged\u00e9lyezett <strong>felhaszn\u00e1l\u00e1s ter\u00fclete<\/strong>: A szerz\u0151d\u00e9sben nagyon fontos kulcselem lehet, hogy a m\u0171vet milyen m\u00f3don engedj\u00fck felhaszn\u00e1lni. Ennek jelent\u0151s\u00e9g\u00e9t legk\u00f6nnyebben egy p\u00e9ld\u00e1n kereszt\u00fcl \u00e9rthetj\u00fck meg. &#8222;M&#8221; m\u0171v\u00e9szn\u0151t &#8222;C&#8221; c\u00e9g megb\u00edzza, hogy k\u00e9sz\u00edtsen oktat\u00f3vide\u00f3t a v\u00e1llalkoz\u00e1sba frissen bel\u00e9p\u0151k k\u00e9pz\u00e9se c\u00e9lj\u00e1b\u00f3l, melyben \u0150k elsaj\u00e1t\u00edtj\u00e1k a c\u00e9g \u00e1ltal kidolgozott berendez\u00e9s haszn\u00e1lat\u00e1t. Az oktat\u00f3vide\u00f3 elk\u00e9sz\u00fcl, \u00e9s olyan sikeres, hogy &#8222;C&#8221; c\u00e9g azt a fogyaszt\u00f3knak \u00e9rt\u00e9kes\u00edtett term\u00e9kek mell\u00e9 is el\u00e9rhet\u0151v\u00e9 teszi, s\u0151t a vide\u00f3 felhaszn\u00e1l\u00e1s\u00e1val egy TV-rekl\u00e1mot is k\u00e9sz\u00edt. Vajon jogszer\u0171en hasznos\u00edtotta &#8222;C&#8221; c\u00e9g az &#8222;M&#8221; m\u0171v\u00e9szn\u0151 \u00e1ltal k\u00e9sz\u00edtett alkot\u00e1st a kor\u00e1bban megk\u00f6t\u00f6tt szerz\u0151d\u00e9s alapj\u00e1n? Nyilv\u00e1nval\u00f3an nem, hisz sem a marketing c\u00e9l\u00fa, sem pedig a v\u00e1llalati alkalmazottak k\u00f6r\u00e9n t\u00falmutat\u00f3 felhaszn\u00e1l\u00e1sra nem kaptak enged\u00e9lyt a m\u0171v\u00e9szn\u0151t\u0151l! Megjegyezz\u00fck, hogy a szerz\u0151d\u00e9sben tov\u00e1bb\u00e1 ak\u00e1r a felhaszn\u00e1l\u00e1s ipar\u00e1gi, m\u0171faji ter\u00fclet\u00e9t, m\u00e9dia-form\u00e1j\u00e1t, a k\u00f6z\u00f6ns\u00e9ghez val\u00f3 eljuttat\u00e1s m\u00f3dj\u00e1t stb. is korl\u00e1tozhatj\u00e1k a felek.<\/p>\n<p>[\/et_pb_text][et_pb_text _builder_version=&#8221;4.18.1&#8243; text_orientation=&#8221;justified&#8221; custom_padding=&#8221;3%|3%|3%|3%&#8221; z_index_tablet=&#8221;500&#8243; box_shadow_style=&#8221;preset2&#8243; global_colors_info=&#8221;{}&#8221;]<\/p>\n<p>Felh\u00edvjuk a figyelmet, hogy fentiek csak n\u00e9h\u00e1ny kulcster\u00fclet\u00e9t jelentik a szerz\u0151d\u00e9sben szab\u00e1lyozand\u00f3 k\u00e9rd\u00e9sk\u00f6r\u00f6knek! Megnyugtat\u00f3an teljesk\u00f6r\u0171, megalapozott \u00e9s alapos megb\u00edz\u00e1si vagy hasznos\u00edt\u00e1si enged\u00e9ly megalkot\u00e1s\u00e1hoz felt\u00e9tlen\u00fcl forduljon szak\u00e9rt\u0151h\u00f6z! A Danubia c\u00e9gcsoport munkat\u00e1rsai k\u00e9szs\u00e9ggel \u00e1llnak rendelkez\u00e9s\u00e9re.<\/p>\n<p>[\/et_pb_text][et_pb_text _builder_version=&#8221;4.18.1&#8243; text_orientation=&#8221;justified&#8221; hover_enabled=&#8221;0&#8243; global_colors_info=&#8221;{}&#8221; sticky_enabled=&#8221;0&#8243;]<\/p>\n<p>L\u00e1that\u00f3 teh\u00e1t, hogy nagyon fontos, hogy egy szerz\u0151i m\u0171 l\u00e9trehoz\u00e1s\u00e1ra ir\u00e1nyul\u00f3 v\u00e1llalkoz\u00e1si szerz\u0151d\u00e9s, avagy egy k\u00e9sz m\u0171re vonatkoz\u00f3 hasznos\u00edt\u00e1si szerz\u0151d\u00e9s mit tartalmaz, mik\u00e9nt \u00e1llapodtak meg a felek a felhaszn\u00e1l\u00e1s felt\u00e9teleir\u0151l. Term\u00e9szetesen a szerz\u0151d\u00e9sben foglalt hasznos\u00edt\u00e1si d\u00edj m\u00e9rt\u00e9k\u00e9t is jelent\u0151s m\u00e9rt\u00e9kben befoly\u00e1solhatja, hogy val\u00f3j\u00e1ban mire, milyen terjedelemben is adtunk vagy kaptunk enged\u00e9lyt.<\/p>\n<p>Fentiek miatt teh\u00e1t elmondhat\u00f3, hogy a kulcs a Banksy \u00e9s a Brandalised nev\u0171 c\u00e9g k\u00f6z\u00f6tt megk\u00f6t\u00f6tt megb\u00edz\u00e1si \u00e9s\/vagy felhaszn\u00e1l\u00e1si szerz\u0151d\u00e9sben rejlik:<\/p>\n<p style=\"padding-left: 40px;\">1. Elk\u00e9pzelhet\u0151, hogy Banksy kik\u00f6t\u00f6tte abban, hogy a Brandalised c\u00e9g csak \u00f6n\u00e1ll\u00f3an hasznos\u00edthatja az enged\u00e9lyezett m\u0171veket, tov\u00e1bbi szerepl\u0151knek felhaszn\u00e1l\u00e1si enged\u00e9lyt (al-licenci\u00e1t) nem adhat, \u00e9s az enged\u00e9lyt nem oszthatja meg m\u00e1sokkal. Ebben az esetben k\u00e9rd\u00e9ses, hogy vajon a Guess becsatlakoz\u00e1sa mennyire lehet jogos a hasznos\u00edt\u00e1si szerz\u0151d\u00e9s \u00e9rtelm\u00e9ben. Ugyanakkor az is igaz, hogy ilyen, a t\u00e9nyleges piacra vitelt akad\u00e1lyoz\u00f3 t\u00e9nyez\u0151t csak komoly indokkal \u00e9rdemes bevezetni egy enged\u00e9lybe, \u00e9s k\u00e9rd\u00e9ses is, hogy vajon a hasznos\u00edt\u00e1st felv\u00e1llal\u00f3 elfogadna-e egy ilyen felt\u00e9telt.<\/p>\n<p style=\"padding-left: 40px;\">2. Az is elk\u00e9pzelhet\u0151, hogy az enged\u00e9lyben csak bizonyos fajta term\u00e9kekre, haszn\u00e1lati t\u00e1rgyakra vonatkoz\u00f3an alap\u00edtottak hasznos\u00edt\u00e1si jogokat (mondjuk csak kis gy\u0171jthet\u0151 figur\u00e1k, haszn\u00e1lati t\u00e1rgyak, mint pl. b\u00f6gr\u00e9k, vagy plak\u00e1t-nyomatok forgalmaz\u00e1s\u00e1ra), de ruhadarabokra nem.<\/p>\n<p style=\"padding-left: 40px;\">3. \u00c9s bizony az is el\u0151fordulhat, hogy a fenti felt\u00e9telek nem ker\u00fcltek kell\u0151 alaposs\u00e1ggal defini\u00e1l\u00e1sra, lekorl\u00e1toz\u00e1sra az enged\u00e9lyben, mely esetben Banksy-nek neh\u00e9z dolga lesz \u00e9rv\u00e9nyre juttatni saj\u00e1t \u00e9rtelmez\u00e9s\u00e9t. Igaz, a helyzet ekkor sincs teljesen elveszve, hisz mint kor\u00e1bban utaltunk r\u00e1, a hasznos\u00edt\u00e1si d\u00edjnak illik ar\u00e1nyban \u00e1llnia az enged\u00e9ly terjedelm\u00e9vel. Azaz, amennyiben az enged\u00e9ly igen csek\u00e9ly \u00f6sszeg\u0171 ellent\u00e9telez\u00e9st tartalmaz ahhoz k\u00e9pest, hogy a Guess a Brandalised k\u00f6zrem\u0171k\u00f6d\u00e9s\u00e9vel az eg\u00e9sz vil\u00e1got el\u00e1rasztja a Banksy-nyomatos vagy mint\u00e1zat\u00fa ruhak\u00f6ltem\u00e9nyekkel, \u00fagy a b\u00edr\u00f3s\u00e1g el\u0151tt a helyzet tiszt\u00e1zhat\u00f3, korrig\u00e1lhat\u00f3 lehet. \u00c1m minden esetre ez m\u00e1r egy j\u00f3val kem\u00e9nyebb di\u00f3, mint a v\u00e1llalkoz\u00e1si vagy a hasznos\u00edt\u00e1si szerz\u0151d\u00e9sben kell\u0151 alaposs\u00e1ggal, mindk\u00e9t f\u00e9l sz\u00e1m\u00e1ra megnyugtat\u00f3 m\u00f3don defini\u00e1lni az enged\u00e9lyezett haszn\u00e1lat kereteit \u00e9s terjedelm\u00e9t.<\/p>\n<p>Mivel ez a faramuci helyzet minden v\u00e1llalkoz\u00e1ssal, hasznos\u00edt\u00f3val, megb\u00edz\u00f3val, m\u0171v\u00e9sszel, kreat\u00edv szakemberrel el\u0151fordulhat, nem csak Banksy-vel, a Brandalised-el \u00e9s a Guess-el, \u00edgy mindenki sz\u00e1m\u00e1ra javasoljuk, amennyiben szellemi alkot\u00e1s megalkot\u00e1sa c\u00e9lj\u00e1b\u00f3l megb\u00edz\u00e1si szerz\u0151d\u00e9s, vagy adott m\u0171re\/m\u0171vekre vonatkoz\u00f3 hasznos\u00edt\u00e1si szerz\u0151d\u00e9s k\u00e9sz\u00edt\u00e9s\u00e9re sz\u00e1nja mag\u00e1t, m\u00e9g az al\u00e1\u00edr\u00e1s el\u0151tt forduljon szakemberhez.<\/p>\n<p>Arra is van lehet\u0151s\u00e9g, hogy a szakember \u2013 mintegy a felek k\u00f6z\u00f6tt k\u00f6zvet\u00edt\u0151 medi\u00e1tor \u2013 a mindk\u00e9t f\u00e9l \u00e9rdek\u00e9ben elj\u00e1rva, vel\u00fck k\u00f6z\u00f6sen menjen v\u00e9gig a szerz\u0151d\u00e9s kulcselemein, hogy valamennyi \u00e9rdekelt sz\u00e1m\u00e1ra felt\u00e1rja azok jelent\u0151s\u00e9g\u00e9t, \u00e9s valamennyi f\u00e9l akarat\u00e1val, sz\u00e1nd\u00e9k\u00e1val \u00e9s lehet\u0151s\u00e9geivel egyez\u0151, mindannyiuk szempontjait figyelembe vev\u0151 szerz\u0151d\u00e9si felt\u00e9teleket alak\u00edtson ki, hogy ez\u00e1ltal is elej\u00e9t vegye a p\u00e9ld\u00e1nkban is szerepl\u0151, igen kellemetlen kialakul\u00f3 helyzeteknek. Ez esetben arra is lehet\u0151s\u00e9g van, hogy a szak\u00e9rt\u0151i seg\u00edts\u00e9gny\u00fajt\u00e1s k\u00f6lts\u00e9gein az \u00e9rdekelt felek ak\u00e1r meg is osztozzanak.<\/p>\n<p>Mindenesetre mindenkit eltan\u00e1csoln\u00e1nk att\u00f3l, hogy Banksy-hez hasonl\u00f3an \u00f6nb\u00edr\u00e1skod\u00e1s keret\u00e9ben, m\u00e1sokat felbujtva igyekezzen el\u00e9gt\u00e9telt venni a medi\u00e1ci\u00f3 \u00e9s a b\u00edr\u00f3i vitarendez\u00e9s helyett. Ezt a k\u00e9rd\u00e9st is jobb szak\u00e9rt\u0151re b\u00edzni. Nem mellesleg t\u00f6bbek k\u00f6z\u00f6tt \u00e9ppen az a nagy el\u0151nye a professzion\u00e1lis jogi k\u00e9pviseletnek, hogy az \u00e9rintetteknek nem kell k\u00f6zvetlen\u00fcl konfront\u00e1l\u00f3djanak egym\u00e1ssal, nem ragadj\u00e1k el \u0151ket \u00e9rzelmeik, megsp\u00f3rolhatnak maguknak j\u00f3n\u00e9h\u00e1ny kellemetlen \u00f3r\u00e1t \u00e9s napot, \u00e9s nem ragadtatj\u00e1k el magukat tov\u00e1bbi kellemetlen, ak\u00e1r jogi k\u00f6vetkezm\u00e9nyekkel is fenyeget\u0151 helyzetbe hozva \u00f6nmagukat. Egy indokkal t\u00f6bb, hogy azt javasoljuk, a szerz\u0151i jogkezel\u00e9s \u00e9s jog\u00e9rv\u00e9nyes\u00edt\u00e9s sor\u00e1n is forduljanak bizalommal a Danubia c\u00e9gcsoport szakembereihez.<\/p>\n<p>[\/et_pb_text][\/et_pb_column][\/et_pb_row][et_pb_row _builder_version=&#8221;4.18.0&#8243; _module_preset=&#8221;default&#8221; global_colors_info=&#8221;{}&#8221;][et_pb_column type=&#8221;4_4&#8243; _builder_version=&#8221;4.18.0&#8243; _module_preset=&#8221;default&#8221; global_colors_info=&#8221;{}&#8221;][et_pb_text _builder_version=&#8221;4.18.0&#8243; _module_preset=&#8221;default&#8221; global_colors_info=&#8221;{}&#8221;]<\/p>\n<p style=\"text-align: justify;\"><strong><a href=\"https:\/\/www.danubia.com\/hu\/munkatarsaink\/haszonits-andras\/\">HASZONITS ANDR\u00c1S<\/a><\/strong><\/p>\n<p style=\"text-align: justify;\"><span>szellemitulajdon-kezel\u00e9si tan\u00e1csad\u00f3<\/span><br \/><span>\u00e9p\u00edt\u00e9szm\u00e9rn\u00f6k, m\u00e9rn\u00f6ktan\u00e1r, a fenntarthat\u00f3 fejl\u0151d\u00e9s m\u00e9rn\u00f6ke<\/span><\/p>\n<p style=\"text-align: justify;\"><img loading=\"lazy\" decoding=\"async\" class=\"wp-image-2946 size-medium alignnone\" src=\"https:\/\/www.danubia.com\/wp-content\/uploads\/2020\/02\/Haszonits-Andras.jpg\" alt=\"\" width=\"300\" height=\"300\" \/><\/p>\n<p>[\/et_pb_text][\/et_pb_column][\/et_pb_row][\/et_pb_section]<\/p>\n","protected":false},"excerpt":{"rendered":"<p>M\u00falt p\u00e9nteken (2022. november 18-\u00e1n) Banksy a vil\u00e1gh\u00edr\u0171 brit graffitim\u0171v\u00e9sz, fest\u0151-politikai aktivista \u00e9s performance m\u0171v\u00e9sz, Instagram oldal\u00e1n egy ritka k\u00fcl\u00f6nleges felh\u00edv\u00e1st tett k\u00f6zz\u00e9 a &#8222;bolti szark\u00e1knak&#8221; c\u00edmezve.<\/p>\n","protected":false},"author":1,"featured_media":10220,"comment_status":"closed","ping_status":"closed","sticky":false,"template":"","format":"standard","meta":{"_et_pb_use_builder":"on","_et_pb_old_content":"","_et_gb_content_width":"","footnotes":""},"categories":[136],"tags":[],"class_list":["post-10207","post","type-post","status-publish","format-standard","has-post-thumbnail","hentry","category-szerzoi-jog"],"yoast_head":"<!-- This site is optimized with the Yoast SEO plugin v27.3 - https:\/\/yoast.com\/product\/yoast-seo-wordpress\/ -->\n<title>Street art \u2013 utc\u00e1r\u00f3l a divat\u00fczleten \u00e1t a ketrecharcig avagy szerz\u0151i jogvit\u00e1b\u00f3l bolti lop\u00e1sra val\u00f3 felbujt\u00e1s?<\/title>\n<meta name=\"description\" content=\"Banksy Instagram oldal\u00e1n egy ritka k\u00fcl\u00f6nleges felh\u00edv\u00e1st tett k\u00f6zz\u00e9 a &quot;bolti szark\u00e1knak&quot; c\u00edmezve. Szerz\u0151i jog\" \/>\n<meta name=\"robots\" content=\"index, follow, max-snippet:-1, max-image-preview:large, max-video-preview:-1\" \/>\n<link rel=\"canonical\" href=\"https:\/\/www.danubia.com\/hu\/szerzoi-jog\/street-art-utcarol-a-divatuzleten-at-a-ketrecharcig-avagy-szerzoi-jogvitabol-bolti-lopasra-valo-felbujtas\/\" \/>\n<meta property=\"og:locale\" content=\"hu_HU\" \/>\n<meta property=\"og:type\" content=\"article\" \/>\n<meta property=\"og:title\" content=\"Street art \u2013 utc\u00e1r\u00f3l a divat\u00fczleten \u00e1t a ketrecharcig avagy szerz\u0151i jogvit\u00e1b\u00f3l bolti lop\u00e1sra val\u00f3 felbujt\u00e1s?\" \/>\n<meta property=\"og:description\" content=\"Banksy Instagram oldal\u00e1n egy ritka k\u00fcl\u00f6nleges felh\u00edv\u00e1st tett k\u00f6zz\u00e9 a &quot;bolti szark\u00e1knak&quot; c\u00edmezve. Szerz\u0151i jog\" \/>\n<meta property=\"og:url\" content=\"https:\/\/www.danubia.com\/hu\/szerzoi-jog\/street-art-utcarol-a-divatuzleten-at-a-ketrecharcig-avagy-szerzoi-jogvitabol-bolti-lopasra-valo-felbujtas\/\" \/>\n<meta property=\"og:site_name\" content=\"Danubia\" \/>\n<meta property=\"article:published_time\" content=\"2022-11-23T21:23:14+00:00\" \/>\n<meta property=\"article:modified_time\" content=\"2022-11-24T13:13:06+00:00\" \/>\n<meta property=\"og:image\" content=\"https:\/\/www.danubia.com\/wp-content\/uploads\/2022\/11\/banksy-guess.jpg\" \/>\n\t<meta property=\"og:image:width\" content=\"900\" \/>\n\t<meta property=\"og:image:height\" content=\"600\" \/>\n\t<meta property=\"og:image:type\" content=\"image\/jpeg\" \/>\n<meta name=\"author\" content=\"Danubia Szabadalmi \u00e9s Jogi Iroda\" \/>\n<meta name=\"twitter:card\" content=\"summary_large_image\" \/>\n<meta name=\"twitter:label1\" content=\"Szerz\u0151:\" \/>\n\t<meta name=\"twitter:data1\" content=\"Danubia Szabadalmi \u00e9s Jogi Iroda\" \/>\n\t<meta name=\"twitter:label2\" content=\"Becs\u00fclt olvas\u00e1si id\u0151\" \/>\n\t<meta name=\"twitter:data2\" content=\"10 perc\" \/>\n<script type=\"application\/ld+json\" class=\"yoast-schema-graph\">{\"@context\":\"https:\\\/\\\/schema.org\",\"@graph\":[{\"@type\":\"Article\",\"@id\":\"https:\\\/\\\/www.danubia.com\\\/hu\\\/szerzoi-jog\\\/street-art-utcarol-a-divatuzleten-at-a-ketrecharcig-avagy-szerzoi-jogvitabol-bolti-lopasra-valo-felbujtas\\\/#article\",\"isPartOf\":{\"@id\":\"https:\\\/\\\/www.danubia.com\\\/hu\\\/szerzoi-jog\\\/street-art-utcarol-a-divatuzleten-at-a-ketrecharcig-avagy-szerzoi-jogvitabol-bolti-lopasra-valo-felbujtas\\\/\"},\"author\":{\"name\":\"Danubia Szabadalmi \u00e9s Jogi Iroda\",\"@id\":\"https:\\\/\\\/www.danubia.com\\\/#\\\/schema\\\/person\\\/c3a081c566cce5d38b32c31f3bf569b8\"},\"headline\":\"Street art \u2013 utc\u00e1r\u00f3l a divat\u00fczleten \u00e1t a ketrecharcig avagy szerz\u0151i jogvit\u00e1b\u00f3l bolti lop\u00e1sra val\u00f3 felbujt\u00e1s?\",\"datePublished\":\"2022-11-23T21:23:14+00:00\",\"dateModified\":\"2022-11-24T13:13:06+00:00\",\"mainEntityOfPage\":{\"@id\":\"https:\\\/\\\/www.danubia.com\\\/hu\\\/szerzoi-jog\\\/street-art-utcarol-a-divatuzleten-at-a-ketrecharcig-avagy-szerzoi-jogvitabol-bolti-lopasra-valo-felbujtas\\\/\"},\"wordCount\":2733,\"image\":{\"@id\":\"https:\\\/\\\/www.danubia.com\\\/hu\\\/szerzoi-jog\\\/street-art-utcarol-a-divatuzleten-at-a-ketrecharcig-avagy-szerzoi-jogvitabol-bolti-lopasra-valo-felbujtas\\\/#primaryimage\"},\"thumbnailUrl\":\"https:\\\/\\\/www.danubia.com\\\/wp-content\\\/uploads\\\/2022\\\/11\\\/banksy-guess.jpg\",\"articleSection\":[\"Szerz\u0151i jog\"],\"inLanguage\":\"hu\"},{\"@type\":\"WebPage\",\"@id\":\"https:\\\/\\\/www.danubia.com\\\/hu\\\/szerzoi-jog\\\/street-art-utcarol-a-divatuzleten-at-a-ketrecharcig-avagy-szerzoi-jogvitabol-bolti-lopasra-valo-felbujtas\\\/\",\"url\":\"https:\\\/\\\/www.danubia.com\\\/hu\\\/szerzoi-jog\\\/street-art-utcarol-a-divatuzleten-at-a-ketrecharcig-avagy-szerzoi-jogvitabol-bolti-lopasra-valo-felbujtas\\\/\",\"name\":\"Street art \u2013 utc\u00e1r\u00f3l a divat\u00fczleten \u00e1t a ketrecharcig avagy szerz\u0151i jogvit\u00e1b\u00f3l bolti lop\u00e1sra val\u00f3 felbujt\u00e1s?\",\"isPartOf\":{\"@id\":\"https:\\\/\\\/www.danubia.com\\\/#website\"},\"primaryImageOfPage\":{\"@id\":\"https:\\\/\\\/www.danubia.com\\\/hu\\\/szerzoi-jog\\\/street-art-utcarol-a-divatuzleten-at-a-ketrecharcig-avagy-szerzoi-jogvitabol-bolti-lopasra-valo-felbujtas\\\/#primaryimage\"},\"image\":{\"@id\":\"https:\\\/\\\/www.danubia.com\\\/hu\\\/szerzoi-jog\\\/street-art-utcarol-a-divatuzleten-at-a-ketrecharcig-avagy-szerzoi-jogvitabol-bolti-lopasra-valo-felbujtas\\\/#primaryimage\"},\"thumbnailUrl\":\"https:\\\/\\\/www.danubia.com\\\/wp-content\\\/uploads\\\/2022\\\/11\\\/banksy-guess.jpg\",\"datePublished\":\"2022-11-23T21:23:14+00:00\",\"dateModified\":\"2022-11-24T13:13:06+00:00\",\"author\":{\"@id\":\"https:\\\/\\\/www.danubia.com\\\/#\\\/schema\\\/person\\\/c3a081c566cce5d38b32c31f3bf569b8\"},\"description\":\"Banksy Instagram oldal\u00e1n egy ritka k\u00fcl\u00f6nleges felh\u00edv\u00e1st tett k\u00f6zz\u00e9 a \\\"bolti szark\u00e1knak\\\" c\u00edmezve. Szerz\u0151i jog\",\"breadcrumb\":{\"@id\":\"https:\\\/\\\/www.danubia.com\\\/hu\\\/szerzoi-jog\\\/street-art-utcarol-a-divatuzleten-at-a-ketrecharcig-avagy-szerzoi-jogvitabol-bolti-lopasra-valo-felbujtas\\\/#breadcrumb\"},\"inLanguage\":\"hu\",\"potentialAction\":[{\"@type\":\"ReadAction\",\"target\":[\"https:\\\/\\\/www.danubia.com\\\/hu\\\/szerzoi-jog\\\/street-art-utcarol-a-divatuzleten-at-a-ketrecharcig-avagy-szerzoi-jogvitabol-bolti-lopasra-valo-felbujtas\\\/\"]}]},{\"@type\":\"ImageObject\",\"inLanguage\":\"hu\",\"@id\":\"https:\\\/\\\/www.danubia.com\\\/hu\\\/szerzoi-jog\\\/street-art-utcarol-a-divatuzleten-at-a-ketrecharcig-avagy-szerzoi-jogvitabol-bolti-lopasra-valo-felbujtas\\\/#primaryimage\",\"url\":\"https:\\\/\\\/www.danubia.com\\\/wp-content\\\/uploads\\\/2022\\\/11\\\/banksy-guess.jpg\",\"contentUrl\":\"https:\\\/\\\/www.danubia.com\\\/wp-content\\\/uploads\\\/2022\\\/11\\\/banksy-guess.jpg\",\"width\":900,\"height\":600,\"caption\":\"Young man and women in trendy outfit standing on city street near graffiti wall and looking at camera\"},{\"@type\":\"BreadcrumbList\",\"@id\":\"https:\\\/\\\/www.danubia.com\\\/hu\\\/szerzoi-jog\\\/street-art-utcarol-a-divatuzleten-at-a-ketrecharcig-avagy-szerzoi-jogvitabol-bolti-lopasra-valo-felbujtas\\\/#breadcrumb\",\"itemListElement\":[{\"@type\":\"ListItem\",\"position\":1,\"name\":\"Home\",\"item\":\"https:\\\/\\\/www.danubia.com\\\/hu\\\/\"},{\"@type\":\"ListItem\",\"position\":2,\"name\":\"Street art \u2013 utc\u00e1r\u00f3l a divat\u00fczleten \u00e1t a ketrecharcig avagy szerz\u0151i jogvit\u00e1b\u00f3l bolti lop\u00e1sra val\u00f3 felbujt\u00e1s?\"}]},{\"@type\":\"WebSite\",\"@id\":\"https:\\\/\\\/www.danubia.com\\\/#website\",\"url\":\"https:\\\/\\\/www.danubia.com\\\/\",\"name\":\"Danubia\",\"description\":\"\",\"potentialAction\":[{\"@type\":\"SearchAction\",\"target\":{\"@type\":\"EntryPoint\",\"urlTemplate\":\"https:\\\/\\\/www.danubia.com\\\/?s={search_term_string}\"},\"query-input\":{\"@type\":\"PropertyValueSpecification\",\"valueRequired\":true,\"valueName\":\"search_term_string\"}}],\"inLanguage\":\"hu\"},{\"@type\":\"Person\",\"@id\":\"https:\\\/\\\/www.danubia.com\\\/#\\\/schema\\\/person\\\/c3a081c566cce5d38b32c31f3bf569b8\",\"name\":\"Danubia Szabadalmi \u00e9s Jogi Iroda\",\"image\":{\"@type\":\"ImageObject\",\"inLanguage\":\"hu\",\"@id\":\"https:\\\/\\\/secure.gravatar.com\\\/avatar\\\/347a905c0860aaf34650db19625beeb4cfc4347b5df0d66ef80381817b31b53c?s=96&r=g\",\"url\":\"https:\\\/\\\/secure.gravatar.com\\\/avatar\\\/347a905c0860aaf34650db19625beeb4cfc4347b5df0d66ef80381817b31b53c?s=96&r=g\",\"contentUrl\":\"https:\\\/\\\/secure.gravatar.com\\\/avatar\\\/347a905c0860aaf34650db19625beeb4cfc4347b5df0d66ef80381817b31b53c?s=96&r=g\",\"caption\":\"Danubia Szabadalmi \u00e9s Jogi Iroda\"}}]}<\/script>\n<!-- \/ Yoast SEO plugin. -->","yoast_head_json":{"title":"Street art \u2013 utc\u00e1r\u00f3l a divat\u00fczleten \u00e1t a ketrecharcig avagy szerz\u0151i jogvit\u00e1b\u00f3l bolti lop\u00e1sra val\u00f3 felbujt\u00e1s?","description":"Banksy Instagram oldal\u00e1n egy ritka k\u00fcl\u00f6nleges felh\u00edv\u00e1st tett k\u00f6zz\u00e9 a \"bolti szark\u00e1knak\" c\u00edmezve. Szerz\u0151i jog","robots":{"index":"index","follow":"follow","max-snippet":"max-snippet:-1","max-image-preview":"max-image-preview:large","max-video-preview":"max-video-preview:-1"},"canonical":"https:\/\/www.danubia.com\/hu\/szerzoi-jog\/street-art-utcarol-a-divatuzleten-at-a-ketrecharcig-avagy-szerzoi-jogvitabol-bolti-lopasra-valo-felbujtas\/","og_locale":"hu_HU","og_type":"article","og_title":"Street art \u2013 utc\u00e1r\u00f3l a divat\u00fczleten \u00e1t a ketrecharcig avagy szerz\u0151i jogvit\u00e1b\u00f3l bolti lop\u00e1sra val\u00f3 felbujt\u00e1s?","og_description":"Banksy Instagram oldal\u00e1n egy ritka k\u00fcl\u00f6nleges felh\u00edv\u00e1st tett k\u00f6zz\u00e9 a \"bolti szark\u00e1knak\" c\u00edmezve. Szerz\u0151i jog","og_url":"https:\/\/www.danubia.com\/hu\/szerzoi-jog\/street-art-utcarol-a-divatuzleten-at-a-ketrecharcig-avagy-szerzoi-jogvitabol-bolti-lopasra-valo-felbujtas\/","og_site_name":"Danubia","article_published_time":"2022-11-23T21:23:14+00:00","article_modified_time":"2022-11-24T13:13:06+00:00","og_image":[{"width":900,"height":600,"url":"https:\/\/www.danubia.com\/wp-content\/uploads\/2022\/11\/banksy-guess.jpg","type":"image\/jpeg"}],"author":"Danubia Szabadalmi \u00e9s Jogi Iroda","twitter_card":"summary_large_image","twitter_misc":{"Szerz\u0151:":"Danubia Szabadalmi \u00e9s Jogi Iroda","Becs\u00fclt olvas\u00e1si id\u0151":"10 perc"},"schema":{"@context":"https:\/\/schema.org","@graph":[{"@type":"Article","@id":"https:\/\/www.danubia.com\/hu\/szerzoi-jog\/street-art-utcarol-a-divatuzleten-at-a-ketrecharcig-avagy-szerzoi-jogvitabol-bolti-lopasra-valo-felbujtas\/#article","isPartOf":{"@id":"https:\/\/www.danubia.com\/hu\/szerzoi-jog\/street-art-utcarol-a-divatuzleten-at-a-ketrecharcig-avagy-szerzoi-jogvitabol-bolti-lopasra-valo-felbujtas\/"},"author":{"name":"Danubia Szabadalmi \u00e9s Jogi Iroda","@id":"https:\/\/www.danubia.com\/#\/schema\/person\/c3a081c566cce5d38b32c31f3bf569b8"},"headline":"Street art \u2013 utc\u00e1r\u00f3l a divat\u00fczleten \u00e1t a ketrecharcig avagy szerz\u0151i jogvit\u00e1b\u00f3l bolti lop\u00e1sra val\u00f3 felbujt\u00e1s?","datePublished":"2022-11-23T21:23:14+00:00","dateModified":"2022-11-24T13:13:06+00:00","mainEntityOfPage":{"@id":"https:\/\/www.danubia.com\/hu\/szerzoi-jog\/street-art-utcarol-a-divatuzleten-at-a-ketrecharcig-avagy-szerzoi-jogvitabol-bolti-lopasra-valo-felbujtas\/"},"wordCount":2733,"image":{"@id":"https:\/\/www.danubia.com\/hu\/szerzoi-jog\/street-art-utcarol-a-divatuzleten-at-a-ketrecharcig-avagy-szerzoi-jogvitabol-bolti-lopasra-valo-felbujtas\/#primaryimage"},"thumbnailUrl":"https:\/\/www.danubia.com\/wp-content\/uploads\/2022\/11\/banksy-guess.jpg","articleSection":["Szerz\u0151i jog"],"inLanguage":"hu"},{"@type":"WebPage","@id":"https:\/\/www.danubia.com\/hu\/szerzoi-jog\/street-art-utcarol-a-divatuzleten-at-a-ketrecharcig-avagy-szerzoi-jogvitabol-bolti-lopasra-valo-felbujtas\/","url":"https:\/\/www.danubia.com\/hu\/szerzoi-jog\/street-art-utcarol-a-divatuzleten-at-a-ketrecharcig-avagy-szerzoi-jogvitabol-bolti-lopasra-valo-felbujtas\/","name":"Street art \u2013 utc\u00e1r\u00f3l a divat\u00fczleten \u00e1t a ketrecharcig avagy szerz\u0151i jogvit\u00e1b\u00f3l bolti lop\u00e1sra val\u00f3 felbujt\u00e1s?","isPartOf":{"@id":"https:\/\/www.danubia.com\/#website"},"primaryImageOfPage":{"@id":"https:\/\/www.danubia.com\/hu\/szerzoi-jog\/street-art-utcarol-a-divatuzleten-at-a-ketrecharcig-avagy-szerzoi-jogvitabol-bolti-lopasra-valo-felbujtas\/#primaryimage"},"image":{"@id":"https:\/\/www.danubia.com\/hu\/szerzoi-jog\/street-art-utcarol-a-divatuzleten-at-a-ketrecharcig-avagy-szerzoi-jogvitabol-bolti-lopasra-valo-felbujtas\/#primaryimage"},"thumbnailUrl":"https:\/\/www.danubia.com\/wp-content\/uploads\/2022\/11\/banksy-guess.jpg","datePublished":"2022-11-23T21:23:14+00:00","dateModified":"2022-11-24T13:13:06+00:00","author":{"@id":"https:\/\/www.danubia.com\/#\/schema\/person\/c3a081c566cce5d38b32c31f3bf569b8"},"description":"Banksy Instagram oldal\u00e1n egy ritka k\u00fcl\u00f6nleges felh\u00edv\u00e1st tett k\u00f6zz\u00e9 a \"bolti szark\u00e1knak\" c\u00edmezve. Szerz\u0151i jog","breadcrumb":{"@id":"https:\/\/www.danubia.com\/hu\/szerzoi-jog\/street-art-utcarol-a-divatuzleten-at-a-ketrecharcig-avagy-szerzoi-jogvitabol-bolti-lopasra-valo-felbujtas\/#breadcrumb"},"inLanguage":"hu","potentialAction":[{"@type":"ReadAction","target":["https:\/\/www.danubia.com\/hu\/szerzoi-jog\/street-art-utcarol-a-divatuzleten-at-a-ketrecharcig-avagy-szerzoi-jogvitabol-bolti-lopasra-valo-felbujtas\/"]}]},{"@type":"ImageObject","inLanguage":"hu","@id":"https:\/\/www.danubia.com\/hu\/szerzoi-jog\/street-art-utcarol-a-divatuzleten-at-a-ketrecharcig-avagy-szerzoi-jogvitabol-bolti-lopasra-valo-felbujtas\/#primaryimage","url":"https:\/\/www.danubia.com\/wp-content\/uploads\/2022\/11\/banksy-guess.jpg","contentUrl":"https:\/\/www.danubia.com\/wp-content\/uploads\/2022\/11\/banksy-guess.jpg","width":900,"height":600,"caption":"Young man and women in trendy outfit standing on city street near graffiti wall and looking at camera"},{"@type":"BreadcrumbList","@id":"https:\/\/www.danubia.com\/hu\/szerzoi-jog\/street-art-utcarol-a-divatuzleten-at-a-ketrecharcig-avagy-szerzoi-jogvitabol-bolti-lopasra-valo-felbujtas\/#breadcrumb","itemListElement":[{"@type":"ListItem","position":1,"name":"Home","item":"https:\/\/www.danubia.com\/hu\/"},{"@type":"ListItem","position":2,"name":"Street art \u2013 utc\u00e1r\u00f3l a divat\u00fczleten \u00e1t a ketrecharcig avagy szerz\u0151i jogvit\u00e1b\u00f3l bolti lop\u00e1sra val\u00f3 felbujt\u00e1s?"}]},{"@type":"WebSite","@id":"https:\/\/www.danubia.com\/#website","url":"https:\/\/www.danubia.com\/","name":"Danubia","description":"","potentialAction":[{"@type":"SearchAction","target":{"@type":"EntryPoint","urlTemplate":"https:\/\/www.danubia.com\/?s={search_term_string}"},"query-input":{"@type":"PropertyValueSpecification","valueRequired":true,"valueName":"search_term_string"}}],"inLanguage":"hu"},{"@type":"Person","@id":"https:\/\/www.danubia.com\/#\/schema\/person\/c3a081c566cce5d38b32c31f3bf569b8","name":"Danubia Szabadalmi \u00e9s Jogi Iroda","image":{"@type":"ImageObject","inLanguage":"hu","@id":"https:\/\/secure.gravatar.com\/avatar\/347a905c0860aaf34650db19625beeb4cfc4347b5df0d66ef80381817b31b53c?s=96&r=g","url":"https:\/\/secure.gravatar.com\/avatar\/347a905c0860aaf34650db19625beeb4cfc4347b5df0d66ef80381817b31b53c?s=96&r=g","contentUrl":"https:\/\/secure.gravatar.com\/avatar\/347a905c0860aaf34650db19625beeb4cfc4347b5df0d66ef80381817b31b53c?s=96&r=g","caption":"Danubia Szabadalmi \u00e9s Jogi Iroda"}}]}},"_links":{"self":[{"href":"https:\/\/www.danubia.com\/hu\/wp-json\/wp\/v2\/posts\/10207","targetHints":{"allow":["GET"]}}],"collection":[{"href":"https:\/\/www.danubia.com\/hu\/wp-json\/wp\/v2\/posts"}],"about":[{"href":"https:\/\/www.danubia.com\/hu\/wp-json\/wp\/v2\/types\/post"}],"author":[{"embeddable":true,"href":"https:\/\/www.danubia.com\/hu\/wp-json\/wp\/v2\/users\/1"}],"replies":[{"embeddable":true,"href":"https:\/\/www.danubia.com\/hu\/wp-json\/wp\/v2\/comments?post=10207"}],"version-history":[{"count":13,"href":"https:\/\/www.danubia.com\/hu\/wp-json\/wp\/v2\/posts\/10207\/revisions"}],"predecessor-version":[{"id":10227,"href":"https:\/\/www.danubia.com\/hu\/wp-json\/wp\/v2\/posts\/10207\/revisions\/10227"}],"wp:featuredmedia":[{"embeddable":true,"href":"https:\/\/www.danubia.com\/hu\/wp-json\/wp\/v2\/media\/10220"}],"wp:attachment":[{"href":"https:\/\/www.danubia.com\/hu\/wp-json\/wp\/v2\/media?parent=10207"}],"wp:term":[{"taxonomy":"category","embeddable":true,"href":"https:\/\/www.danubia.com\/hu\/wp-json\/wp\/v2\/categories?post=10207"},{"taxonomy":"post_tag","embeddable":true,"href":"https:\/\/www.danubia.com\/hu\/wp-json\/wp\/v2\/tags?post=10207"}],"curies":[{"name":"wp","href":"https:\/\/api.w.org\/{rel}","templated":true}]}}