{"id":10259,"date":"2022-11-29T16:11:16","date_gmt":"2022-11-29T16:11:16","guid":{"rendered":"https:\/\/www.danubia.com\/?p=10259"},"modified":"2023-09-01T15:19:01","modified_gmt":"2023-09-01T15:19:01","slug":"a-szolgalati-talalmanyok-szabalyozasanak-vitas-pontjai","status":"publish","type":"post","link":"https:\/\/www.danubia.com\/hu\/szabadalom\/a-szolgalati-talalmanyok-szabalyozasanak-vitas-pontjai\/","title":{"rendered":"A szolg\u00e1lati tal\u00e1lm\u00e1nyok szab\u00e1lyoz\u00e1s\u00e1nak vit\u00e1s pontjai"},"content":{"rendered":"<p>[et_pb_section fb_built=&#8221;1&#8243; _builder_version=&#8221;4.16&#8243; global_colors_info=&#8221;{}&#8221;][et_pb_row _builder_version=&#8221;4.16&#8243; background_size=&#8221;initial&#8221; background_position=&#8221;top_left&#8221; background_repeat=&#8221;repeat&#8221; global_colors_info=&#8221;{}&#8221;][et_pb_column type=&#8221;4_4&#8243; _builder_version=&#8221;4.16&#8243; custom_padding=&#8221;|||&#8221; global_colors_info=&#8221;{}&#8221; custom_padding__hover=&#8221;|||&#8221;][et_pb_text ol_position=&#8221;outside&#8221; _builder_version=&#8221;4.18.1&#8243; background_size=&#8221;initial&#8221; background_position=&#8221;top_left&#8221; background_repeat=&#8221;repeat&#8221; text_orientation=&#8221;justified&#8221; global_colors_info=&#8221;{}&#8221;]<\/p>\n<p class=\"indent\">Magyarorsz\u00e1gon a szabadalmi bejelent\u00e9sek k\u00f6zel fele (2021-ben a beny\u00fajtott 446 magyar nemzeti szabadalmi bejelent\u00e9s 48%-a) int\u00e9zm\u00e9nyi bejelent\u00e9s, azaz nem mag\u00e1nszem\u00e9lyek, hanem jogi szem\u00e9lyek a bejelent\u0151k. Ezek a bejelent\u00e9sek v\u00e9dhetnek egy\u00e9ni feltal\u00e1l\u00f3k \u00e1ltal megalkotott, majd ezut\u00e1n jellemz\u0151en egy jogi szem\u00e9ly (c\u00e9g) \u00e1ltal megv\u00e1s\u00e1rolt tal\u00e1lm\u00e1nyokat, vagy pedig a jogi szem\u00e9ly munkav\u00e1llal\u00f3i \u00e1ltal kidolgozott tal\u00e1lm\u00e1nyokat. Ut\u00f3bbi esetre, amikor egy feltal\u00e1l\u00f3 a munkaviszonya keret\u00e9ben hoz l\u00e9tre tal\u00e1lm\u00e1nyi szint\u0171 megold\u00e1st, a szabadalmi t\u00f6rv\u00e9ny k\u00fcl\u00f6n rendelkez\u00e9seket tartalmaz (1995. \u00e9vi XXXIII. t\u00f6rv\u00e9ny a tal\u00e1lm\u00e1nyok szabadalmi oltalm\u00e1r\u00f3l -k\u00e9s\u0151bbiekben Szt.- 9-17. \u00a7). A vonatkoz\u00f3 jogi szab\u00e1lyoz\u00e1s mind a munkav\u00e1llal\u00f3 feltal\u00e1l\u00f3, mind a munk\u00e1ltat\u00f3 r\u00e9sz\u00e9re sz\u00e1mos jogot \u00e9s k\u00f6telezetts\u00e9get \u00edr el\u0151, amelyek ismerete fontos mindk\u00e9t f\u00e9l \u00e9rdek\u00e9ben \u00e9s az esetleges jogi vit\u00e1k megel\u0151z\u00e9se, elker\u00fcl\u00e9se v\u00e9gett.<\/p>\n<p class=\"indent\">Az Szt. megk\u00fcl\u00f6nb\u00f6zteti az alkalmazotti \u00e9s a szolg\u00e1lati tal\u00e1lm\u00e1nyokat, att\u00f3l f\u00fcgg\u0151en, hogy a feltal\u00e1l\u00f3 munkak\u00f6ri k\u00f6teless\u00e9ge-e, hogy a tal\u00e1lm\u00e1ny t\u00e1rgyk\u00f6r\u00e9be es\u0151 megold\u00e1sokat dolgozzon ki. \u00a0Amennyiben munkak\u00f6ri k\u00f6teless\u00e9g, akkor szolg\u00e1lati tal\u00e1lm\u00e1nyr\u00f3l, ellenkez\u0151 esetben alkalmazotti tal\u00e1lm\u00e1nyr\u00f3l besz\u00e9l\u00fcnk. Ebben a k\u00e9t esetben r\u00e9szben elt\u00e9r\u0151ek az Szt. rendelkez\u00e9sei. \u00a0Alapvet\u0151 k\u00fcl\u00f6nbs\u00e9g az, hogy a szabadalomhoz val\u00f3 jog szolg\u00e1lati tal\u00e1lm\u00e1ny eset\u00e9ben -bizonyos felt\u00e9telekkel- ex lege a munk\u00e1ltat\u00f3t illeti meg, m\u00edg alkalmazott tal\u00e1lm\u00e1ny eset\u00e9ben a szabadalomhoz val\u00f3 jog a feltal\u00e1l\u00f3n\u00e1l marad, a munk\u00e1ltat\u00f3 pedig -szint\u00e9n bizonyos felt\u00e9telekkel- csak korl\u00e1tos hasznos\u00edt\u00e1si jogot kap.<\/p>\n<p>A gyakorlatban, tapasztalataim szerint a szolg\u00e1lati tal\u00e1lm\u00e1nyoknak van nagyobb szerepe, az alkalmazotti tal\u00e1lm\u00e1nyok esete j\u00f3val ritk\u00e1bb, ez\u00e9rt jelen r\u00f6vid \u00e1ttekint\u00e9sben a szolg\u00e1lati tal\u00e1lm\u00e1nyokra vonatkoz\u00f3 szab\u00e1lyoz\u00e1s egyes pontjait t\u00e1rgyalom, \u00e9s az azokkal kapcsolatos k\u00e9rd\u00e9seket, bizonytalans\u00e1gokat vetek fel, a teljess\u00e9g ig\u00e9nye n\u00e9lk\u00fcl. Megjegyzem azonban, hogy az Szt. legt\u00f6bb vonatkoz\u00f3 rendelkez\u00e9se mind a k\u00e9t tal\u00e1lm\u00e1ny t\u00edpusra megfelel\u0151en alkalmazand\u00f3.<\/p>\n<p class=\"indent\">Szolg\u00e1lati tal\u00e1lm\u00e1nyok eset\u00e9ben a k\u00f6vetkez\u0151 f\u0151 l\u00e9p\u00e9seket szab\u00e1lyozza az Szt.:<\/p>\n<ol>\n<li style=\"list-style-type: none;\">\n<ol>\n<li>A tal\u00e1lm\u00e1ny megalkot\u00e1sakor a feltal\u00e1l\u00f3nak k\u00f6teless\u00e9ge a tal\u00e1lm\u00e1nyt halad\u00e9ktalanul ismertetni a munk\u00e1ltat\u00f3j\u00e1val.<\/li>\n<li>A munk\u00e1ltat\u00f3nak az ismertet\u00e9s \u00e1tv\u00e9tel\u00e9t\u0151l sz\u00e1m\u00edtott 90 napon bel\u00fcl nyilatkoznia kell, hogy ig\u00e9nyt tart-e a tal\u00e1lm\u00e1nyra. Ha ezt a munk\u00e1ltat\u00f3 elmulasztja vagy nem tart ig\u00e9nyt a tal\u00e1lm\u00e1nyra, akkor azzal a munkav\u00e1llal\u00f3 rendelkezhet, ami azt jelenti, hogy saj\u00e1t maga szabadalmazhatja vagy ak\u00e1r harmadik f\u00e9lnek el is adhatja.<\/li>\n<li>a) A munk\u00e1ltat\u00f3 k\u00f6teles \u00e9sszer\u0171 id\u0151n bel\u00fcl szabadalmi bejelent\u00e9st tenni \u00e9s megfelel\u0151 gondoss\u00e1ggal elj\u00e1rni a szabadalom megszerz\u00e9se \u00e9rdek\u00e9ben. Ha a szabadalmi bejelent\u00e9sre a munk\u00e1ltat\u00f3 v\u00e9g\u00fcl m\u00e9gsem k\u00edv\u00e1n oltalmat szerezni -nem oltalmazhat\u00f3s\u00e1gi okok miatt-, akkor azt a fel kell aj\u00e1nlania a feltal\u00e1l\u00f3knak.<br \/>b) Adott esetben a munk\u00e1ltat\u00f3 d\u00f6nthet a tal\u00e1lm\u00e1ny titokban tart\u00e1sa mellet, ha elismeri annak oltalmazhat\u00f3s\u00e1g\u00e1t \u00e9s azt \u00fczleti titokk\u00e9nt hasznos\u00edtja.<\/li>\n<li>Ha a tal\u00e1lm\u00e1nyra szabadalmat adnak, akkor amennyiben a munk\u00e1ltat\u00f3 azt \u00e9rt\u00e9kes\u00edti, a feltal\u00e1l\u00f3nak megfelel\u0151 tal\u00e1lm\u00e1nyi d\u00edjat kell fizetni. \u00c9rt\u00e9kes\u00edt\u00e9snek sz\u00e1m\u00edt a szabadalommal v\u00e9dett megold\u00e1s kereskedelmi c\u00e9l\u00fa haszn\u00e1lata, el\u0151\u00e1ll\u00edt\u00e1sa, elad\u00e1sa vagy licencbe ad\u00e1sa. Tal\u00e1lm\u00e1nyi d\u00edjat akkor is kell fizetni, ha a munk\u00e1ltat\u00f3 a tal\u00e1lm\u00e1nyt ugyan \u00e9rt\u00e9kes\u00edti, de az azt v\u00e9d\u0151 szabadalmat a saj\u00e1t d\u00f6nt\u00e9s\u00e9b\u0151l ered\u0151en nem tartja fenn, vagy a tal\u00e1lm\u00e1nyt titokban tartja.<\/li>\n<\/ol>\n<p class=\"indent\">A fenti rendelkez\u00e9sek sz\u00e1mos bizonytalans\u00e1got \u00e9s adott esetben jogvit\u00e1kra alkalmas pontot tartalmaznak.<\/p>\n<p class=\"indent\">Az 1. pontban k\u00e9rd\u00e9ses, hogy mit \u00e9rt\u00fcnk a tal\u00e1lm\u00e1ny megalkot\u00e1s\u00e1n. A sz\u00e9ls\u0151s\u00e9ges megk\u00f6zel\u00edt\u00e9sekb\u0151l kiindulva el\u00e9g egy elm\u00e9leti levezet\u00e9s, vagy pedig kipr\u00f3b\u00e1lt m\u0171k\u00f6d\u0151 megold\u00e1s jelenti a tal\u00e1lm\u00e1ny megalkot\u00e1s\u00e1t? Ehhez kapcsol\u00f3d\u00f3an az ismertet\u00e9s m\u00e9rt\u00e9ke \u00e9s m\u00f3dja is k\u00e9rd\u00e9seket vethet fel. Milyen mennyis\u00e9g\u0171 \u00e9s min\u0151s\u00e9g\u0171 inform\u00e1ci\u00f3 \u00e1tad\u00e1sa tekinthet\u0151 a tal\u00e1lm\u00e1ny ismertet\u00e9s\u00e9nek. Tov\u00e1bb\u00e1 a m\u0171szaki inform\u00e1ci\u00f3k mellett sz\u00fcks\u00e9ges-e a feltal\u00e1l\u00f3k teljes n\u00e9vsor\u00e1nak megad\u00e1sa, tekintettel a 2. pontban jelzett visszajelz\u00e9si k\u00f6telezetts\u00e9gre. Megk\u00f6vetelt-e az \u00edr\u00e1sbelis\u00e9g, k\u00fcl\u00f6n\u00f6s tekintettel a 2. pontban szerepl\u0151 hat\u00e1rid\u0151kre \u00e9s az azokhoz kapcsol\u00f3d\u00f3 jogk\u00f6vetkezm\u00e9nyekre.<\/p>\n<p class=\"indent\">A munk\u00e1ltat\u00f3 2. pontban felt\u00fcntetett k\u00f6telezetts\u00e9g\u00e9re k\u00fcl\u00f6n felh\u00edvn\u00e1m a figyelmet. Mivel annak elmulaszt\u00e1sa a szabadalomhoz val\u00f3 jog elveszt\u00e9s\u00e9t eredm\u00e9nyezi, fontos, hogy kell\u0151en dokument\u00e1lt \u00e9s bizony\u00edt\u00f3 erej\u0171 form\u00e1ban t\u00f6rt\u00e9njen meg a visszajelz\u00e9s<\/p>\n<p class=\"indent\">A 3. ponthoz kapcsol\u00f3d\u00f3 k\u00e9rd\u00e9s lehet, hogy milyen szabadalmi bejelent\u00e9s el\u00e9g\u00edti ki az Szt. rendelkez\u00e9seit? A nemzeti magyar bejelent\u00e9sen k\u00edv\u00fcl, eur\u00f3pai vagy nemzetk\u00f6zi szabadalmi bejelent\u00e9s beny\u00fajt\u00e1s\u00e1val teljes\u00edti-e munk\u00e1ltat\u00f3 a r\u00e1r\u00f3tt k\u00f6telezetts\u00e9get. Az \u2019\u00e9sszer\u0171 id\u0151k\u00e9nt\u2019 megadott hat\u00e1rid\u0151 kapcs\u00e1n felvet\u0151d\u0151 k\u00e9rd\u00e9s, ha a munk\u00e1ltat\u00f3 strat\u00e9giai okb\u00f3l k\u00e9s\u0151bb k\u00edv\u00e1nja beny\u00fajtani a szabadalmi bejelent\u00e9st az \u00e9sszer\u0171 id\u0151nek min\u0151s\u00fcl-e, \u00e9s ha igen van-e b\u00e1rmilyen id\u0151korl\u00e1t?<\/p>\n<p>Visszavon\u00e1s vagy elejt\u00e9s eset\u00e9ben a munk\u00e1ltat\u00f3nak t\u00f6rt\u00e9n\u0151 felaj\u00e1nl\u00e1si k\u00f6telezetts\u00e9g k\u00f6r\u00fcl is megfogalmaz\u00f3nak k\u00e9rd\u00e9sek, p\u00e9ld\u00e1ul, hogy eur\u00f3pai vagy nemzetk\u00f6zi szabadalmi bejelent\u00e9sek eset\u00e9n, amelyek adott esetben a magyar szabadalommal egyen\u00e9rt\u00e9k\u0171 oltalmat eredm\u00e9nyezhetnek, szint\u00e9n fenn\u00e1llhat-e a felaj\u00e1nl\u00e1si k\u00f6telezetts\u00e9g.<\/p>\n<p>V\u00e9lem\u00e9nyem szerint az egyik legink\u00e1bb k\u00e9rd\u00e9ses rendelkez\u00e9s a titokban tartott tal\u00e1lm\u00e1nyok esete. Az Szt. vonatkoz\u00f3 r\u00e9sze sz\u00f3szerinti \u00e9rtelmez\u00e9s alapj\u00e1n a titokban tart\u00e1s felt\u00e9tel\u00e9\u00fcl szabja a szabadalmazhat\u00f3s\u00e1g elismer\u00e9s\u00e9t \u00e9s az \u00fczleti titokk\u00e9nt t\u00f6rt\u00e9n\u0151 hasznos\u00edt\u00e1st. Ezek a munk\u00e1ltat\u00f3 szemsz\u00f6g\u00e9b\u0151l n\u00e9zve jogosan \u00e9rtelmezhet\u0151k ar\u00e1nytalanul nagy megk\u00f6t\u00e9snek. Kapcsol\u00f3d\u00f3 rendelkez\u00e9s annak bizony\u00edt\u00e1si terh\u00e9t, hogy a tal\u00e1lm\u00e1ny az \u00e1tv\u00e9tel\u00e9nek id\u0151pontj\u00e1ban nem volt oltalmazhat\u00f3 a munk\u00e1ltat\u00f3ra helyezi, ami abban az esetben, ha munk\u00e1ltat\u00f3 nem is hasznos\u00edtja a tal\u00e1lm\u00e1nyt indokolatlanul nagy teher lehet. Ugyanakkor munk\u00e1ltat\u00f3 r\u00e9sz\u00e9r\u0151l jogos ig\u00e9nyk\u00e9nt mer\u00fclhet fel, hogy hasznos\u00edt\u00e1st\u00f3l f\u00fcggetlen\u00fcl (pl. piaci viszonyok v\u00e1ltoz\u00e1sa miatt) titokban tartsa a saj\u00e1t munkav\u00e1llal\u00f3ja \u00e1ltal, munkaid\u0151ben, a munk\u00e1ltat\u00f3 eszk\u00f6zeivel \u00e9s anyagi hozz\u00e1j\u00e1rul\u00e1s\u00e1val kidolgozott megold\u00e1st.<\/p>\n<p class=\"indent\">A 4. pont alatt jelzett d\u00edjaz\u00e1si k\u00f6telezetts\u00e9g val\u00f3sz\u00edn\u0171leg a legt\u00f6bb jogvita alapja.<\/p>\n<p>Az Szt. a d\u00edjaz\u00e1s alapj\u00e1ul alapesetben licenciaanal\u00f3gi\u00e1t k\u00f6veteli meg, ami a d\u00edjfizet\u00e9s m\u00e9rt\u00e9k\u00e9nek sz\u00e1m\u00edt\u00e1sa kapcs\u00e1n (p\u00e9ld\u00e1ul kalkul\u00e1lhat\u00f3 nyeres\u00e9g eset\u00e9n a d\u00edjfizet\u00e9s alapj\u00e1ul vett id\u0151szak \u00e9s d\u00edjkulcs meghat\u00e1roz\u00e1sa) sz\u00e1mos megk\u00f6zel\u00edt\u00e9st tesz lehet\u0151v\u00e9 \u00e9s jogvit\u00e1k meleg\u00e1gya lehet.<\/p>\n<p>A titokban tartott tal\u00e1lm\u00e1nyokhoz kapcsol\u00f3d\u00f3an a hivatkozva a 3. pont alatt t\u00e1rgyalt titokban tart\u00e1si felt\u00e9telekre a t\u00f6rv\u00e9nyb\u0151l az ad\u00f3dik, hogy ha egy munk\u00e1ltat\u00f3 egy tal\u00e1lm\u00e1nyt titokban tart, akkor azt d\u00edjaznia kell, f\u00fcggetlen\u00fcl att\u00f3l, hogy az bizony\u00edtottan oltalmazhat\u00f3-e, m\u00edg ut\u00f3bbit a szabadalmazott tal\u00e1lm\u00e1nyokn\u00e1l a szabadalmi elj\u00e1r\u00e1s sor\u00e1n vizsg\u00e1lj\u00e1k, \u00e9s csak szabadalommal v\u00e9dett tal\u00e1lm\u00e1nyok kapcs\u00e1n \u00e1ll fenn a d\u00edjfizet\u00e9si k\u00f6telezetts\u00e9g.<\/p>\n<p class=\"indent\">Fentiek f\u00e9ny\u00e9ben indokolt, hogy az innov\u00e1ci\u00f3 ter\u00fclet\u00e9n akt\u00edv c\u00e9gek, egyetemek \u00e9s egy\u00e9b jogi szem\u00e9lyek, ahol tal\u00e1lm\u00e1nyok megalkot\u00e1sa v\u00e1rhat\u00f3, a szolg\u00e1lati tal\u00e1lm\u00e1nyok kezel\u00e9s\u00e9re \u00e9s d\u00edjaz\u00e1s\u00e1ra vonatkoz\u00f3an megfelel\u0151 bels\u0151 szab\u00e1lyoz\u00e1st dolgozzanak ki, amely mind a munkav\u00e1llal\u00f3k mind a munk\u00e1ltat\u00f3 \u00e9rdekeit szem el\u0151tt tartja, \u00e9s egyben \u00f6szt\u00f6nzi az innov\u00e1ci\u00f3t. Fontos, hogy a szab\u00e1lyoz\u00e1s az alkalmazand\u00f3 Szt. \u00e9s a h\u00e1tt\u00e9rjogszab\u00e1lyk\u00e9nt szolg\u00e1l\u00f3 Ptk. alapj\u00e1n megfelel\u0151 form\u00e1ban ker\u00fclj\u00f6n bevezet\u00e9sre (azaz ne munkajogi k\u00e9rd\u00e9sk\u00e9nt pr\u00f3b\u00e1lj\u00e1k meg kezelni), \u00e9s a munkav\u00e1llal\u00f3k mindegyike r\u00e9sz\u00e9r\u0151l \u00edr\u00e1sban elfogadott legyen.<\/p>\n<\/li>\n<\/ol>\n<p>[\/et_pb_text][et_pb_text _builder_version=&#8221;4.18.1&#8243; background_size=&#8221;initial&#8221; background_position=&#8221;top_left&#8221; background_repeat=&#8221;repeat&#8221; global_colors_info=&#8221;{}&#8221;]<\/p>\n<p style=\"text-align: justify;\"><strong><a href=\"https:\/\/www.danubia.com\/hu\/munkatarsaink\/tepfenhart-dora\/\">TEPFENH\u00c1RT D\u00d3RA<\/a><\/strong><\/p>\n<p style=\"text-align: justify;\">eur\u00f3pai \u00e9s magyar szabadalmi \u00fcgyviv\u0151<br \/>okl. vegy\u00e9szm\u00e9rn\u00f6k<\/p>\n<p style=\"text-align: justify;\"><img loading=\"lazy\" decoding=\"async\" class=\"wp-image-2946 size-medium alignnone\" src=\"https:\/\/www.danubia.com\/wp-content\/uploads\/2019\/06\/Tepfenhart-Dora.jpg\" alt=\"\" width=\"300\" height=\"300\" \/><\/p>\n<p>[\/et_pb_text][\/et_pb_column][\/et_pb_row][\/et_pb_section]<\/p>\n","protected":false},"excerpt":{"rendered":"<p>Magyarorsz\u00e1gon a szabadalmi bejelent\u00e9sek k\u00f6zel fele (2021-ben a beny\u00fajtott 446 magyar nemzeti szabadalmi bejelent\u00e9s 48%-a) int\u00e9zm\u00e9nyi bejelent\u00e9s, azaz nem mag\u00e1nszem\u00e9lyek, hanem jogi szem\u00e9lyek a bejelent\u0151k. <\/p>\n","protected":false},"author":1,"featured_media":10264,"comment_status":"closed","ping_status":"closed","sticky":false,"template":"","format":"standard","meta":{"_et_pb_use_builder":"on","_et_pb_old_content":"<p class=\"indent\">Magyarorsz\u00e1gon a szabadalmi bejelent\u00e9sek k\u00f6zel fele (2021-ben a beny\u00fajtott 446 magyar nemzeti szabadalmi bejelent\u00e9s 48%-a) int\u00e9zm\u00e9nyi bejelent\u00e9s, azaz nem mag\u00e1nszem\u00e9lyek, hanem jogi szem\u00e9lyek a bejelent\u0151k. Ezek a bejelent\u00e9sek v\u00e9dhetnek egy\u00e9ni feltal\u00e1l\u00f3k \u00e1ltal megalkotott, majd ezut\u00e1n jellemz\u0151en egy jogi szem\u00e9ly (c\u00e9g) \u00e1ltal megv\u00e1s\u00e1rolt tal\u00e1lm\u00e1nyokat, vagy pedig a jogi szem\u00e9ly munkav\u00e1llal\u00f3i \u00e1ltal kidolgozott tal\u00e1lm\u00e1nyokat. Ut\u00f3bbi esetre, amikor egy feltal\u00e1l\u00f3 a munkaviszonya keret\u00e9ben hoz l\u00e9tre tal\u00e1lm\u00e1nyi szint\u0171 megold\u00e1st, a szabadalmi t\u00f6rv\u00e9ny k\u00fcl\u00f6n rendelkez\u00e9seket tartalmaz (1995. \u00e9vi XXXIII. t\u00f6rv\u00e9ny a tal\u00e1lm\u00e1nyok szabadalmi oltalm\u00e1r\u00f3l -k\u00e9s\u0151bbiekben Szt.- 9-17. \u00a7). A vonatkoz\u00f3 jogi szab\u00e1lyoz\u00e1s mind a munkav\u00e1llal\u00f3 feltal\u00e1l\u00f3, mind a munk\u00e1ltat\u00f3 r\u00e9sz\u00e9re sz\u00e1mos jogot \u00e9s k\u00f6telezetts\u00e9get \u00edr el\u0151, amelyek ismerete fontos mindk\u00e9t f\u00e9l \u00e9rdek\u00e9ben \u00e9s az esetleges jogi vit\u00e1k megel\u0151z\u00e9se, elker\u00fcl\u00e9se v\u00e9gett.<\/p><p>Az Szt. megk\u00fcl\u00f6nb\u00f6zteti az alkalmazotti \u00e9s a szolg\u00e1lati tal\u00e1lm\u00e1nyokat, att\u00f3l f\u00fcgg\u0151en, hogy a feltal\u00e1l\u00f3 munkak\u00f6ri k\u00f6teless\u00e9ge-e, hogy a tal\u00e1lm\u00e1ny t\u00e1rgyk\u00f6r\u00e9be es\u0151 megold\u00e1sokat dolgozzon ki. \u00a0Amennyiben munkak\u00f6ri k\u00f6teless\u00e9g, akkor szolg\u00e1lati tal\u00e1lm\u00e1nyr\u00f3l, ellenkez\u0151 esetben alkalmazotti tal\u00e1lm\u00e1nyr\u00f3l besz\u00e9l\u00fcnk. Ebben a k\u00e9t esetben r\u00e9szben elt\u00e9r\u0151ek az Szt. rendelkez\u00e9sei. \u00a0Alapvet\u0151 k\u00fcl\u00f6nbs\u00e9g az, hogy a szabadalomhoz val\u00f3 jog szolg\u00e1lati tal\u00e1lm\u00e1ny eset\u00e9ben -bizonyos felt\u00e9telekkel- ex lege a munk\u00e1ltat\u00f3t illeti meg, m\u00edg alkalmazott tal\u00e1lm\u00e1ny eset\u00e9ben a szabadalomhoz val\u00f3 jog a feltal\u00e1l\u00f3n\u00e1l marad, a munk\u00e1ltat\u00f3 pedig -szint\u00e9n bizonyos felt\u00e9telekkel- csak korl\u00e1tos hasznos\u00edt\u00e1si jogot kap.<\/p><p>A gyakorlatban, tapasztalataim szerint a szolg\u00e1lati tal\u00e1lm\u00e1nyoknak van nagyobb szerepe, az alkalmazotti tal\u00e1lm\u00e1nyok esete j\u00f3val ritk\u00e1bb, ez\u00e9rt jelen r\u00f6vid \u00e1ttekint\u00e9sben a szolg\u00e1lati tal\u00e1lm\u00e1nyokra vonatkoz\u00f3 szab\u00e1lyoz\u00e1s egyes pontjait t\u00e1rgyalom, \u00e9s az azokkal kapcsolatos k\u00e9rd\u00e9seket, bizonytalans\u00e1gokat vetek fel, a teljess\u00e9g ig\u00e9nye n\u00e9lk\u00fcl. Megjegyzem azonban, hogy az Szt. legt\u00f6bb vonatkoz\u00f3 rendelkez\u00e9se mind a k\u00e9t tal\u00e1lm\u00e1ny t\u00edpusra megfelel\u0151en alkalmazand\u00f3.<\/p><p>Szolg\u00e1lati tal\u00e1lm\u00e1nyok eset\u00e9ben a k\u00f6vetkez\u0151 f\u0151 l\u00e9p\u00e9seket szab\u00e1lyozza az Szt.:<\/p><ol><li>A tal\u00e1lm\u00e1ny megalkot\u00e1sakor a feltal\u00e1l\u00f3nak k\u00f6teless\u00e9ge a tal\u00e1lm\u00e1nyt halad\u00e9ktalanul ismertetni a munk\u00e1ltat\u00f3j\u00e1val.<\/li><li>A munk\u00e1ltat\u00f3nak az ismertet\u00e9s \u00e1tv\u00e9tel\u00e9t\u0151l sz\u00e1m\u00edtott 90 napon bel\u00fcl nyilatkoznia kell, hogy ig\u00e9nyt tart-e a tal\u00e1lm\u00e1nyra. Ha ezt a munk\u00e1ltat\u00f3 elmulasztja vagy nem tart ig\u00e9nyt a tal\u00e1lm\u00e1nyra, akkor azzal a munkav\u00e1llal\u00f3 rendelkezhet, ami azt jelenti, hogy saj\u00e1t maga szabadalmazhatja vagy ak\u00e1r harmadik f\u00e9lnek el is adhatja.<\/li><li>a) A munk\u00e1ltat\u00f3 k\u00f6teles \u00e9sszer\u0171 id\u0151n bel\u00fcl szabadalmi bejelent\u00e9st tenni \u00e9s megfelel\u0151 gondoss\u00e1ggal elj\u00e1rni a szabadalom megszerz\u00e9se \u00e9rdek\u00e9ben. Ha a szabadalmi bejelent\u00e9sre a munk\u00e1ltat\u00f3 v\u00e9g\u00fcl m\u00e9gsem k\u00edv\u00e1n oltalmat szerezni -nem oltalmazhat\u00f3s\u00e1gi okok miatt-, akkor azt a fel kell aj\u00e1nlania a feltal\u00e1l\u00f3knak.<\/li><li>b) Adott esetben a munk\u00e1ltat\u00f3 d\u00f6nthet a tal\u00e1lm\u00e1ny titokban tart\u00e1sa mellet, ha elismeri annak oltalmazhat\u00f3s\u00e1g\u00e1t \u00e9s azt \u00fczleti titokk\u00e9nt hasznos\u00edtja.<\/li><li>Ha a tal\u00e1lm\u00e1nyra szabadalmat adnak, akkor amennyiben a munk\u00e1ltat\u00f3 azt \u00e9rt\u00e9kes\u00edti, a feltal\u00e1l\u00f3nak megfelel\u0151 tal\u00e1lm\u00e1nyi d\u00edjat kell fizetni. \u00c9rt\u00e9kes\u00edt\u00e9snek sz\u00e1m\u00edt a szabadalommal v\u00e9dett megold\u00e1s kereskedelmi c\u00e9l\u00fa haszn\u00e1lata, el\u0151\u00e1ll\u00edt\u00e1sa, elad\u00e1sa vagy licencbe ad\u00e1sa. Tal\u00e1lm\u00e1nyi d\u00edjat akkor is kell fizetni, ha a munk\u00e1ltat\u00f3 a tal\u00e1lm\u00e1nyt ugyan \u00e9rt\u00e9kes\u00edti, de az azt v\u00e9d\u0151 szabadalmat a saj\u00e1t d\u00f6nt\u00e9s\u00e9b\u0151l ered\u0151en nem tartja fenn, vagy a tal\u00e1lm\u00e1nyt titokban tartja.<\/li><\/ol><p>A fenti rendelkez\u00e9sek sz\u00e1mos bizonytalans\u00e1got \u00e9s adott esetben jogvit\u00e1kra alkalmas pontot tartalmaznak.<\/p><p>Az 1. pontban k\u00e9rd\u00e9ses, hogy mit \u00e9rt\u00fcnk a tal\u00e1lm\u00e1ny megalkot\u00e1s\u00e1n. A sz\u00e9ls\u0151s\u00e9ges megk\u00f6zel\u00edt\u00e9sekb\u0151l kiindulva el\u00e9g egy elm\u00e9leti levezet\u00e9s, vagy pedig kipr\u00f3b\u00e1lt m\u0171k\u00f6d\u0151 megold\u00e1s jelenti a tal\u00e1lm\u00e1ny megalkot\u00e1s\u00e1t? Ehhez kapcsol\u00f3d\u00f3an az ismertet\u00e9s m\u00e9rt\u00e9ke \u00e9s m\u00f3dja is k\u00e9rd\u00e9seket vethet fel. Milyen mennyis\u00e9g\u0171 \u00e9s min\u0151s\u00e9g\u0171 inform\u00e1ci\u00f3 \u00e1tad\u00e1sa tekinthet\u0151 a tal\u00e1lm\u00e1ny ismertet\u00e9s\u00e9nek. Tov\u00e1bb\u00e1 a m\u0171szaki inform\u00e1ci\u00f3k mellett sz\u00fcks\u00e9ges-e a feltal\u00e1l\u00f3k teljes n\u00e9vsor\u00e1nak megad\u00e1sa, tekintettel a 2. pontban jelzett visszajelz\u00e9si k\u00f6telezetts\u00e9gre. Megk\u00f6vetelt-e az \u00edr\u00e1sbelis\u00e9g, k\u00fcl\u00f6n\u00f6s tekintettel a 2. pontban szerepl\u0151 hat\u00e1rid\u0151kre \u00e9s az azokhoz kapcsol\u00f3d\u00f3 jogk\u00f6vetkezm\u00e9nyekre.<\/p><p>A munk\u00e1ltat\u00f3 2. pontban felt\u00fcntetett k\u00f6telezetts\u00e9g\u00e9re k\u00fcl\u00f6n felh\u00edvn\u00e1m a figyelmet. Mivel annak elmulaszt\u00e1sa a szabadalomhoz val\u00f3 jog elveszt\u00e9s\u00e9t eredm\u00e9nyezi, fontos, hogy kell\u0151en dokument\u00e1lt \u00e9s bizony\u00edt\u00f3 erej\u0171 form\u00e1ban t\u00f6rt\u00e9njen meg a visszajelz\u00e9s<\/p><p>A 3. ponthoz kapcsol\u00f3d\u00f3 k\u00e9rd\u00e9s lehet, hogy milyen szabadalmi bejelent\u00e9s el\u00e9g\u00edti ki az Szt. rendelkez\u00e9seit? A nemzeti magyar bejelent\u00e9sen k\u00edv\u00fcl, eur\u00f3pai vagy nemzetk\u00f6zi szabadalmi bejelent\u00e9s beny\u00fajt\u00e1s\u00e1val teljes\u00edti-e munk\u00e1ltat\u00f3 a r\u00e1r\u00f3tt k\u00f6telezetts\u00e9get. Az \u2019\u00e9sszer\u0171 id\u0151k\u00e9nt\u2019 megadott hat\u00e1rid\u0151 kapcs\u00e1n felvet\u0151d\u0151 k\u00e9rd\u00e9s, ha a munk\u00e1ltat\u00f3 strat\u00e9giai okb\u00f3l k\u00e9s\u0151bb k\u00edv\u00e1nja beny\u00fajtani a szabadalmi bejelent\u00e9st az \u00e9sszer\u0171 id\u0151nek min\u0151s\u00fcl-e, \u00e9s ha igen van-e b\u00e1rmilyen id\u0151korl\u00e1t?<\/p><p>Visszavon\u00e1s vagy elejt\u00e9s eset\u00e9ben a munk\u00e1ltat\u00f3nak t\u00f6rt\u00e9n\u0151 felaj\u00e1nl\u00e1si k\u00f6telezetts\u00e9g k\u00f6r\u00fcl is megfogalmaz\u00f3nak k\u00e9rd\u00e9sek, p\u00e9ld\u00e1ul, hogy eur\u00f3pai vagy nemzetk\u00f6zi szabadalmi bejelent\u00e9sek eset\u00e9n, amelyek adott esetben a magyar szabadalommal egyen\u00e9rt\u00e9k\u0171 oltalmat eredm\u00e9nyezhetnek, szint\u00e9n fenn\u00e1llhat-e a felaj\u00e1nl\u00e1si k\u00f6telezetts\u00e9g.<\/p><p>V\u00e9lem\u00e9nyem szerint az egyik legink\u00e1bb k\u00e9rd\u00e9ses rendelkez\u00e9s a titokban tartott tal\u00e1lm\u00e1nyok esete. Az Szt. vonatkoz\u00f3 r\u00e9sze sz\u00f3szerinti \u00e9rtelmez\u00e9s alapj\u00e1n a titokban tart\u00e1s felt\u00e9tel\u00e9\u00fcl szabja a szabadalmazhat\u00f3s\u00e1g elismer\u00e9s\u00e9t \u00e9s az \u00fczleti titokk\u00e9nt t\u00f6rt\u00e9n\u0151 hasznos\u00edt\u00e1st. Ezek a munk\u00e1ltat\u00f3 szemsz\u00f6g\u00e9b\u0151l n\u00e9zve jogosan \u00e9rtelmezhet\u0151k ar\u00e1nytalanul nagy megk\u00f6t\u00e9snek. Kapcsol\u00f3d\u00f3 rendelkez\u00e9s annak bizony\u00edt\u00e1si terh\u00e9t, hogy a tal\u00e1lm\u00e1ny az \u00e1tv\u00e9tel\u00e9nek id\u0151pontj\u00e1ban nem volt oltalmazhat\u00f3 a munk\u00e1ltat\u00f3ra helyezi, ami abban az esetben, ha munk\u00e1ltat\u00f3 nem is hasznos\u00edtja a tal\u00e1lm\u00e1nyt indokolatlanul nagy teher lehet. Ugyanakkor munk\u00e1ltat\u00f3 r\u00e9sz\u00e9r\u0151l jogos ig\u00e9nyk\u00e9nt mer\u00fclhet fel, hogy hasznos\u00edt\u00e1st\u00f3l f\u00fcggetlen\u00fcl (pl. piaci viszonyok v\u00e1ltoz\u00e1sa miatt) titokban tartsa a saj\u00e1t munkav\u00e1llal\u00f3ja \u00e1ltal, munkaid\u0151ben, a munk\u00e1ltat\u00f3 eszk\u00f6zeivel \u00e9s anyagi hozz\u00e1j\u00e1rul\u00e1s\u00e1val kidolgozott megold\u00e1st.<\/p><p>A 4. pont alatt jelzett d\u00edjaz\u00e1si k\u00f6telezetts\u00e9g val\u00f3sz\u00edn\u0171leg a legt\u00f6bb jogvita alapja.<\/p><p>Az Szt. a d\u00edjaz\u00e1s alapj\u00e1ul alapesetben licenciaanal\u00f3gi\u00e1t k\u00f6veteli meg, ami a d\u00edjfizet\u00e9s m\u00e9rt\u00e9k\u00e9nek sz\u00e1m\u00edt\u00e1sa kapcs\u00e1n (p\u00e9ld\u00e1ul kalkul\u00e1lhat\u00f3 nyeres\u00e9g eset\u00e9n a d\u00edjfizet\u00e9s alapj\u00e1ul vett id\u0151szak \u00e9s d\u00edjkulcs meghat\u00e1roz\u00e1sa) sz\u00e1mos megk\u00f6zel\u00edt\u00e9st tesz lehet\u0151v\u00e9 \u00e9s jogvit\u00e1k meleg\u00e1gya lehet.<\/p><p>A titokban tartott tal\u00e1lm\u00e1nyokhoz kapcsol\u00f3d\u00f3an a hivatkozva a 3. pont alatt t\u00e1rgyalt titokban tart\u00e1si felt\u00e9telekre a t\u00f6rv\u00e9nyb\u0151l az ad\u00f3dik, hogy ha egy munk\u00e1ltat\u00f3 egy tal\u00e1lm\u00e1nyt titokban tart, akkor azt d\u00edjaznia kell, f\u00fcggetlen\u00fcl att\u00f3l, hogy az bizony\u00edtottan oltalmazhat\u00f3-e, m\u00edg ut\u00f3bbit a szabadalmazott tal\u00e1lm\u00e1nyokn\u00e1l a szabadalmi elj\u00e1r\u00e1s sor\u00e1n vizsg\u00e1lj\u00e1k, \u00e9s csak szabadalommal v\u00e9dett tal\u00e1lm\u00e1nyok kapcs\u00e1n \u00e1ll fenn a d\u00edjfizet\u00e9si k\u00f6telezetts\u00e9g.<\/p><p>Fentiek f\u00e9ny\u00e9ben indokolt, hogy az innov\u00e1ci\u00f3 ter\u00fclet\u00e9n akt\u00edv c\u00e9gek, egyetemek \u00e9s egy\u00e9b jogi szem\u00e9lyek, ahol tal\u00e1lm\u00e1nyok megalkot\u00e1sa v\u00e1rhat\u00f3, a szolg\u00e1lati tal\u00e1lm\u00e1nyok kezel\u00e9s\u00e9re \u00e9s d\u00edjaz\u00e1s\u00e1ra vonatkoz\u00f3an megfelel\u0151 bels\u0151 szab\u00e1lyoz\u00e1st dolgozzanak ki, amely mind a munkav\u00e1llal\u00f3k mind a munk\u00e1ltat\u00f3 \u00e9rdekeit szem el\u0151tt tartja, \u00e9s egyben \u00f6szt\u00f6nzi az innov\u00e1ci\u00f3t. Fontos, hogy a szab\u00e1lyoz\u00e1s az alkalmazand\u00f3 Szt. \u00e9s a h\u00e1tt\u00e9rjogszab\u00e1lyk\u00e9nt szolg\u00e1l\u00f3 Ptk. alapj\u00e1n megfelel\u0151 form\u00e1ban ker\u00fclj\u00f6n bevezet\u00e9sre (azaz ne munkajogi k\u00e9rd\u00e9sk\u00e9nt pr\u00f3b\u00e1lj\u00e1k meg kezelni), \u00e9s a munkav\u00e1llal\u00f3k mindegyike r\u00e9sz\u00e9r\u0151l \u00edr\u00e1sban elfogadott legyen.<\/p>","_et_gb_content_width":"","footnotes":""},"categories":[91],"tags":[],"class_list":["post-10259","post","type-post","status-publish","format-standard","has-post-thumbnail","hentry","category-szabadalom"],"yoast_head":"<!-- This site is optimized with the Yoast SEO plugin v27.3 - https:\/\/yoast.com\/product\/yoast-seo-wordpress\/ -->\n<title>A szolg\u00e1lati tal\u00e1lm\u00e1nyok szab\u00e1lyoz\u00e1s\u00e1nak vit\u00e1s pontjai<\/title>\n<meta name=\"description\" content=\"Magyarorsz\u00e1gon a szabadalmi bejelent\u00e9sek k\u00f6zel fele int\u00e9zm\u00e9nyi bejelent\u00e9s. Szabadalmaztat\u00e1s, tal\u00e1lm\u00e1ny lev\u00e9d\u00e9se, szabadalom lev\u00e9d\u00e9se\" \/>\n<meta name=\"robots\" content=\"index, follow, max-snippet:-1, max-image-preview:large, max-video-preview:-1\" \/>\n<link rel=\"canonical\" href=\"https:\/\/www.danubia.com\/hu\/szabadalom\/a-szolgalati-talalmanyok-szabalyozasanak-vitas-pontjai\/\" \/>\n<meta property=\"og:locale\" content=\"hu_HU\" \/>\n<meta property=\"og:type\" content=\"article\" \/>\n<meta property=\"og:title\" content=\"A szolg\u00e1lati tal\u00e1lm\u00e1nyok szab\u00e1lyoz\u00e1s\u00e1nak vit\u00e1s pontjai\" \/>\n<meta property=\"og:description\" content=\"Magyarorsz\u00e1gon a szabadalmi bejelent\u00e9sek k\u00f6zel fele int\u00e9zm\u00e9nyi bejelent\u00e9s. Szabadalmaztat\u00e1s, tal\u00e1lm\u00e1ny lev\u00e9d\u00e9se, szabadalom lev\u00e9d\u00e9se\" \/>\n<meta property=\"og:url\" content=\"https:\/\/www.danubia.com\/hu\/szabadalom\/a-szolgalati-talalmanyok-szabalyozasanak-vitas-pontjai\/\" \/>\n<meta property=\"og:site_name\" content=\"Danubia\" \/>\n<meta property=\"article:published_time\" content=\"2022-11-29T16:11:16+00:00\" \/>\n<meta property=\"article:modified_time\" content=\"2023-09-01T15:19:01+00:00\" \/>\n<meta property=\"og:image\" content=\"https:\/\/www.danubia.com\/wp-content\/uploads\/2022\/11\/szolgalati-talalmany.jpg\" \/>\n\t<meta property=\"og:image:width\" content=\"1200\" \/>\n\t<meta property=\"og:image:height\" content=\"835\" \/>\n\t<meta property=\"og:image:type\" content=\"image\/jpeg\" \/>\n<meta name=\"author\" content=\"Danubia Szabadalmi \u00e9s Jogi Iroda\" \/>\n<meta name=\"twitter:card\" content=\"summary_large_image\" \/>\n<meta name=\"twitter:label1\" content=\"Szerz\u0151:\" \/>\n\t<meta name=\"twitter:data1\" content=\"Danubia Szabadalmi \u00e9s Jogi Iroda\" \/>\n\t<meta name=\"twitter:label2\" content=\"Becs\u00fclt olvas\u00e1si id\u0151\" \/>\n\t<meta name=\"twitter:data2\" content=\"5 perc\" \/>\n<script type=\"application\/ld+json\" class=\"yoast-schema-graph\">{\"@context\":\"https:\\\/\\\/schema.org\",\"@graph\":[{\"@type\":\"Article\",\"@id\":\"https:\\\/\\\/www.danubia.com\\\/hu\\\/szabadalom\\\/a-szolgalati-talalmanyok-szabalyozasanak-vitas-pontjai\\\/#article\",\"isPartOf\":{\"@id\":\"https:\\\/\\\/www.danubia.com\\\/hu\\\/szabadalom\\\/a-szolgalati-talalmanyok-szabalyozasanak-vitas-pontjai\\\/\"},\"author\":{\"name\":\"Danubia Szabadalmi \u00e9s Jogi Iroda\",\"@id\":\"https:\\\/\\\/www.danubia.com\\\/#\\\/schema\\\/person\\\/c3a081c566cce5d38b32c31f3bf569b8\"},\"headline\":\"A szolg\u00e1lati tal\u00e1lm\u00e1nyok szab\u00e1lyoz\u00e1s\u00e1nak vit\u00e1s pontjai\",\"datePublished\":\"2022-11-29T16:11:16+00:00\",\"dateModified\":\"2023-09-01T15:19:01+00:00\",\"mainEntityOfPage\":{\"@id\":\"https:\\\/\\\/www.danubia.com\\\/hu\\\/szabadalom\\\/a-szolgalati-talalmanyok-szabalyozasanak-vitas-pontjai\\\/\"},\"wordCount\":1718,\"image\":{\"@id\":\"https:\\\/\\\/www.danubia.com\\\/hu\\\/szabadalom\\\/a-szolgalati-talalmanyok-szabalyozasanak-vitas-pontjai\\\/#primaryimage\"},\"thumbnailUrl\":\"https:\\\/\\\/www.danubia.com\\\/wp-content\\\/uploads\\\/2022\\\/11\\\/szolgalati-talalmany.jpg\",\"articleSection\":[\"Szabadalom\"],\"inLanguage\":\"hu\"},{\"@type\":\"WebPage\",\"@id\":\"https:\\\/\\\/www.danubia.com\\\/hu\\\/szabadalom\\\/a-szolgalati-talalmanyok-szabalyozasanak-vitas-pontjai\\\/\",\"url\":\"https:\\\/\\\/www.danubia.com\\\/hu\\\/szabadalom\\\/a-szolgalati-talalmanyok-szabalyozasanak-vitas-pontjai\\\/\",\"name\":\"A szolg\u00e1lati tal\u00e1lm\u00e1nyok szab\u00e1lyoz\u00e1s\u00e1nak vit\u00e1s pontjai\",\"isPartOf\":{\"@id\":\"https:\\\/\\\/www.danubia.com\\\/#website\"},\"primaryImageOfPage\":{\"@id\":\"https:\\\/\\\/www.danubia.com\\\/hu\\\/szabadalom\\\/a-szolgalati-talalmanyok-szabalyozasanak-vitas-pontjai\\\/#primaryimage\"},\"image\":{\"@id\":\"https:\\\/\\\/www.danubia.com\\\/hu\\\/szabadalom\\\/a-szolgalati-talalmanyok-szabalyozasanak-vitas-pontjai\\\/#primaryimage\"},\"thumbnailUrl\":\"https:\\\/\\\/www.danubia.com\\\/wp-content\\\/uploads\\\/2022\\\/11\\\/szolgalati-talalmany.jpg\",\"datePublished\":\"2022-11-29T16:11:16+00:00\",\"dateModified\":\"2023-09-01T15:19:01+00:00\",\"author\":{\"@id\":\"https:\\\/\\\/www.danubia.com\\\/#\\\/schema\\\/person\\\/c3a081c566cce5d38b32c31f3bf569b8\"},\"description\":\"Magyarorsz\u00e1gon a szabadalmi bejelent\u00e9sek k\u00f6zel fele int\u00e9zm\u00e9nyi bejelent\u00e9s. Szabadalmaztat\u00e1s, tal\u00e1lm\u00e1ny lev\u00e9d\u00e9se, szabadalom lev\u00e9d\u00e9se\",\"breadcrumb\":{\"@id\":\"https:\\\/\\\/www.danubia.com\\\/hu\\\/szabadalom\\\/a-szolgalati-talalmanyok-szabalyozasanak-vitas-pontjai\\\/#breadcrumb\"},\"inLanguage\":\"hu\",\"potentialAction\":[{\"@type\":\"ReadAction\",\"target\":[\"https:\\\/\\\/www.danubia.com\\\/hu\\\/szabadalom\\\/a-szolgalati-talalmanyok-szabalyozasanak-vitas-pontjai\\\/\"]}]},{\"@type\":\"ImageObject\",\"inLanguage\":\"hu\",\"@id\":\"https:\\\/\\\/www.danubia.com\\\/hu\\\/szabadalom\\\/a-szolgalati-talalmanyok-szabalyozasanak-vitas-pontjai\\\/#primaryimage\",\"url\":\"https:\\\/\\\/www.danubia.com\\\/wp-content\\\/uploads\\\/2022\\\/11\\\/szolgalati-talalmany.jpg\",\"contentUrl\":\"https:\\\/\\\/www.danubia.com\\\/wp-content\\\/uploads\\\/2022\\\/11\\\/szolgalati-talalmany.jpg\",\"width\":1200,\"height\":835,\"caption\":\"Working on his latest invention. Cropped shot of a young engineer working from home\"},{\"@type\":\"BreadcrumbList\",\"@id\":\"https:\\\/\\\/www.danubia.com\\\/hu\\\/szabadalom\\\/a-szolgalati-talalmanyok-szabalyozasanak-vitas-pontjai\\\/#breadcrumb\",\"itemListElement\":[{\"@type\":\"ListItem\",\"position\":1,\"name\":\"Home\",\"item\":\"https:\\\/\\\/www.danubia.com\\\/hu\\\/\"},{\"@type\":\"ListItem\",\"position\":2,\"name\":\"A szolg\u00e1lati tal\u00e1lm\u00e1nyok szab\u00e1lyoz\u00e1s\u00e1nak vit\u00e1s pontjai\"}]},{\"@type\":\"WebSite\",\"@id\":\"https:\\\/\\\/www.danubia.com\\\/#website\",\"url\":\"https:\\\/\\\/www.danubia.com\\\/\",\"name\":\"Danubia\",\"description\":\"\",\"potentialAction\":[{\"@type\":\"SearchAction\",\"target\":{\"@type\":\"EntryPoint\",\"urlTemplate\":\"https:\\\/\\\/www.danubia.com\\\/?s={search_term_string}\"},\"query-input\":{\"@type\":\"PropertyValueSpecification\",\"valueRequired\":true,\"valueName\":\"search_term_string\"}}],\"inLanguage\":\"hu\"},{\"@type\":\"Person\",\"@id\":\"https:\\\/\\\/www.danubia.com\\\/#\\\/schema\\\/person\\\/c3a081c566cce5d38b32c31f3bf569b8\",\"name\":\"Danubia Szabadalmi \u00e9s Jogi Iroda\",\"image\":{\"@type\":\"ImageObject\",\"inLanguage\":\"hu\",\"@id\":\"https:\\\/\\\/secure.gravatar.com\\\/avatar\\\/347a905c0860aaf34650db19625beeb4cfc4347b5df0d66ef80381817b31b53c?s=96&r=g\",\"url\":\"https:\\\/\\\/secure.gravatar.com\\\/avatar\\\/347a905c0860aaf34650db19625beeb4cfc4347b5df0d66ef80381817b31b53c?s=96&r=g\",\"contentUrl\":\"https:\\\/\\\/secure.gravatar.com\\\/avatar\\\/347a905c0860aaf34650db19625beeb4cfc4347b5df0d66ef80381817b31b53c?s=96&r=g\",\"caption\":\"Danubia Szabadalmi \u00e9s Jogi Iroda\"}}]}<\/script>\n<!-- \/ Yoast SEO plugin. -->","yoast_head_json":{"title":"A szolg\u00e1lati tal\u00e1lm\u00e1nyok szab\u00e1lyoz\u00e1s\u00e1nak vit\u00e1s pontjai","description":"Magyarorsz\u00e1gon a szabadalmi bejelent\u00e9sek k\u00f6zel fele int\u00e9zm\u00e9nyi bejelent\u00e9s. Szabadalmaztat\u00e1s, tal\u00e1lm\u00e1ny lev\u00e9d\u00e9se, szabadalom lev\u00e9d\u00e9se","robots":{"index":"index","follow":"follow","max-snippet":"max-snippet:-1","max-image-preview":"max-image-preview:large","max-video-preview":"max-video-preview:-1"},"canonical":"https:\/\/www.danubia.com\/hu\/szabadalom\/a-szolgalati-talalmanyok-szabalyozasanak-vitas-pontjai\/","og_locale":"hu_HU","og_type":"article","og_title":"A szolg\u00e1lati tal\u00e1lm\u00e1nyok szab\u00e1lyoz\u00e1s\u00e1nak vit\u00e1s pontjai","og_description":"Magyarorsz\u00e1gon a szabadalmi bejelent\u00e9sek k\u00f6zel fele int\u00e9zm\u00e9nyi bejelent\u00e9s. Szabadalmaztat\u00e1s, tal\u00e1lm\u00e1ny lev\u00e9d\u00e9se, szabadalom lev\u00e9d\u00e9se","og_url":"https:\/\/www.danubia.com\/hu\/szabadalom\/a-szolgalati-talalmanyok-szabalyozasanak-vitas-pontjai\/","og_site_name":"Danubia","article_published_time":"2022-11-29T16:11:16+00:00","article_modified_time":"2023-09-01T15:19:01+00:00","og_image":[{"width":1200,"height":835,"url":"https:\/\/www.danubia.com\/wp-content\/uploads\/2022\/11\/szolgalati-talalmany.jpg","type":"image\/jpeg"}],"author":"Danubia Szabadalmi \u00e9s Jogi Iroda","twitter_card":"summary_large_image","twitter_misc":{"Szerz\u0151:":"Danubia Szabadalmi \u00e9s Jogi Iroda","Becs\u00fclt olvas\u00e1si id\u0151":"5 perc"},"schema":{"@context":"https:\/\/schema.org","@graph":[{"@type":"Article","@id":"https:\/\/www.danubia.com\/hu\/szabadalom\/a-szolgalati-talalmanyok-szabalyozasanak-vitas-pontjai\/#article","isPartOf":{"@id":"https:\/\/www.danubia.com\/hu\/szabadalom\/a-szolgalati-talalmanyok-szabalyozasanak-vitas-pontjai\/"},"author":{"name":"Danubia Szabadalmi \u00e9s Jogi Iroda","@id":"https:\/\/www.danubia.com\/#\/schema\/person\/c3a081c566cce5d38b32c31f3bf569b8"},"headline":"A szolg\u00e1lati tal\u00e1lm\u00e1nyok szab\u00e1lyoz\u00e1s\u00e1nak vit\u00e1s pontjai","datePublished":"2022-11-29T16:11:16+00:00","dateModified":"2023-09-01T15:19:01+00:00","mainEntityOfPage":{"@id":"https:\/\/www.danubia.com\/hu\/szabadalom\/a-szolgalati-talalmanyok-szabalyozasanak-vitas-pontjai\/"},"wordCount":1718,"image":{"@id":"https:\/\/www.danubia.com\/hu\/szabadalom\/a-szolgalati-talalmanyok-szabalyozasanak-vitas-pontjai\/#primaryimage"},"thumbnailUrl":"https:\/\/www.danubia.com\/wp-content\/uploads\/2022\/11\/szolgalati-talalmany.jpg","articleSection":["Szabadalom"],"inLanguage":"hu"},{"@type":"WebPage","@id":"https:\/\/www.danubia.com\/hu\/szabadalom\/a-szolgalati-talalmanyok-szabalyozasanak-vitas-pontjai\/","url":"https:\/\/www.danubia.com\/hu\/szabadalom\/a-szolgalati-talalmanyok-szabalyozasanak-vitas-pontjai\/","name":"A szolg\u00e1lati tal\u00e1lm\u00e1nyok szab\u00e1lyoz\u00e1s\u00e1nak vit\u00e1s pontjai","isPartOf":{"@id":"https:\/\/www.danubia.com\/#website"},"primaryImageOfPage":{"@id":"https:\/\/www.danubia.com\/hu\/szabadalom\/a-szolgalati-talalmanyok-szabalyozasanak-vitas-pontjai\/#primaryimage"},"image":{"@id":"https:\/\/www.danubia.com\/hu\/szabadalom\/a-szolgalati-talalmanyok-szabalyozasanak-vitas-pontjai\/#primaryimage"},"thumbnailUrl":"https:\/\/www.danubia.com\/wp-content\/uploads\/2022\/11\/szolgalati-talalmany.jpg","datePublished":"2022-11-29T16:11:16+00:00","dateModified":"2023-09-01T15:19:01+00:00","author":{"@id":"https:\/\/www.danubia.com\/#\/schema\/person\/c3a081c566cce5d38b32c31f3bf569b8"},"description":"Magyarorsz\u00e1gon a szabadalmi bejelent\u00e9sek k\u00f6zel fele int\u00e9zm\u00e9nyi bejelent\u00e9s. Szabadalmaztat\u00e1s, tal\u00e1lm\u00e1ny lev\u00e9d\u00e9se, szabadalom lev\u00e9d\u00e9se","breadcrumb":{"@id":"https:\/\/www.danubia.com\/hu\/szabadalom\/a-szolgalati-talalmanyok-szabalyozasanak-vitas-pontjai\/#breadcrumb"},"inLanguage":"hu","potentialAction":[{"@type":"ReadAction","target":["https:\/\/www.danubia.com\/hu\/szabadalom\/a-szolgalati-talalmanyok-szabalyozasanak-vitas-pontjai\/"]}]},{"@type":"ImageObject","inLanguage":"hu","@id":"https:\/\/www.danubia.com\/hu\/szabadalom\/a-szolgalati-talalmanyok-szabalyozasanak-vitas-pontjai\/#primaryimage","url":"https:\/\/www.danubia.com\/wp-content\/uploads\/2022\/11\/szolgalati-talalmany.jpg","contentUrl":"https:\/\/www.danubia.com\/wp-content\/uploads\/2022\/11\/szolgalati-talalmany.jpg","width":1200,"height":835,"caption":"Working on his latest invention. Cropped shot of a young engineer working from home"},{"@type":"BreadcrumbList","@id":"https:\/\/www.danubia.com\/hu\/szabadalom\/a-szolgalati-talalmanyok-szabalyozasanak-vitas-pontjai\/#breadcrumb","itemListElement":[{"@type":"ListItem","position":1,"name":"Home","item":"https:\/\/www.danubia.com\/hu\/"},{"@type":"ListItem","position":2,"name":"A szolg\u00e1lati tal\u00e1lm\u00e1nyok szab\u00e1lyoz\u00e1s\u00e1nak vit\u00e1s pontjai"}]},{"@type":"WebSite","@id":"https:\/\/www.danubia.com\/#website","url":"https:\/\/www.danubia.com\/","name":"Danubia","description":"","potentialAction":[{"@type":"SearchAction","target":{"@type":"EntryPoint","urlTemplate":"https:\/\/www.danubia.com\/?s={search_term_string}"},"query-input":{"@type":"PropertyValueSpecification","valueRequired":true,"valueName":"search_term_string"}}],"inLanguage":"hu"},{"@type":"Person","@id":"https:\/\/www.danubia.com\/#\/schema\/person\/c3a081c566cce5d38b32c31f3bf569b8","name":"Danubia Szabadalmi \u00e9s Jogi Iroda","image":{"@type":"ImageObject","inLanguage":"hu","@id":"https:\/\/secure.gravatar.com\/avatar\/347a905c0860aaf34650db19625beeb4cfc4347b5df0d66ef80381817b31b53c?s=96&r=g","url":"https:\/\/secure.gravatar.com\/avatar\/347a905c0860aaf34650db19625beeb4cfc4347b5df0d66ef80381817b31b53c?s=96&r=g","contentUrl":"https:\/\/secure.gravatar.com\/avatar\/347a905c0860aaf34650db19625beeb4cfc4347b5df0d66ef80381817b31b53c?s=96&r=g","caption":"Danubia Szabadalmi \u00e9s Jogi Iroda"}}]}},"_links":{"self":[{"href":"https:\/\/www.danubia.com\/hu\/wp-json\/wp\/v2\/posts\/10259","targetHints":{"allow":["GET"]}}],"collection":[{"href":"https:\/\/www.danubia.com\/hu\/wp-json\/wp\/v2\/posts"}],"about":[{"href":"https:\/\/www.danubia.com\/hu\/wp-json\/wp\/v2\/types\/post"}],"author":[{"embeddable":true,"href":"https:\/\/www.danubia.com\/hu\/wp-json\/wp\/v2\/users\/1"}],"replies":[{"embeddable":true,"href":"https:\/\/www.danubia.com\/hu\/wp-json\/wp\/v2\/comments?post=10259"}],"version-history":[{"count":15,"href":"https:\/\/www.danubia.com\/hu\/wp-json\/wp\/v2\/posts\/10259\/revisions"}],"predecessor-version":[{"id":11300,"href":"https:\/\/www.danubia.com\/hu\/wp-json\/wp\/v2\/posts\/10259\/revisions\/11300"}],"wp:featuredmedia":[{"embeddable":true,"href":"https:\/\/www.danubia.com\/hu\/wp-json\/wp\/v2\/media\/10264"}],"wp:attachment":[{"href":"https:\/\/www.danubia.com\/hu\/wp-json\/wp\/v2\/media?parent=10259"}],"wp:term":[{"taxonomy":"category","embeddable":true,"href":"https:\/\/www.danubia.com\/hu\/wp-json\/wp\/v2\/categories?post=10259"},{"taxonomy":"post_tag","embeddable":true,"href":"https:\/\/www.danubia.com\/hu\/wp-json\/wp\/v2\/tags?post=10259"}],"curies":[{"name":"wp","href":"https:\/\/api.w.org\/{rel}","templated":true}]}}