{"id":1687,"date":"2018-01-10T16:29:21","date_gmt":"2018-01-10T16:29:21","guid":{"rendered":"https:\/\/www.danubia.com\/?p=1687"},"modified":"2019-10-10T16:29:39","modified_gmt":"2019-10-10T16:29:39","slug":"gdpr","status":"publish","type":"post","link":"https:\/\/www.danubia.com\/hu\/uncategorized-hu\/gdpr\/","title":{"rendered":"GDPR"},"content":{"rendered":"<p><strong>A Danubia szak\u00e9rt\u0151ivel febru\u00e1rban k\u00e9t GDPR t\u00e9m\u00e1j\u00fa konferenci\u00e1n is tal\u00e1lkozhat, ahol az EU \u00c1ltal\u00e1nos Adatv\u00e9delmi Rendelet\u00e9vel kapcsolatban besz\u00e9l\u00fcnk a gyakorlati tudnival\u00f3kr\u00f3l.<\/strong><\/p>\n<p>(A konferenci\u00e1k ismertet\u00e9se al\u00e1bb olvashat\u00f3)<\/p>\n<p><strong>2018 m\u00e1jus\u00e1t\u00f3l<\/strong> \u00faj adatv\u00e9delmi szab\u00e1ly l\u00e9p hat\u00e1lyba, amely az <strong>EU \u00c1ltal\u00e1nos Adatv\u00e9delmi Rendelete<\/strong> (General Data Protection Regulation \u2013 GDPR).\u00a0 Ezen rendelet ismerete minden olyan v\u00e1llalkoz\u00e1s sz\u00e1m\u00e1ra fontos lehet, amelyek kezelik a munkav\u00e1llal\u00f3k, \u00fcgyfelek, honlap l\u00e1togat\u00f3k, \u00e9rdekl\u0151d\u0151k szem\u00e9lyes adatait. Sz\u00e1mos m\u00e9dium azt hangs\u00falyozza, hogy a GDPR megnehez\u00edti a hazai v\u00e1llalkoz\u00e1sok \u00e9let\u00e9t, hiszen a benne foglalt szab\u00e1lyok szigor\u00faak, a felk\u00e9sz\u00fcl\u00e9si id\u0151 pedig t\u00fal r\u00f6vid. El\u0151fordulhat, hogy a jogszab\u00e1ly hat\u00e1s\u00e1ra \u00e1t kell alak\u00edtani a teljes adatb\u00e1zis kezel\u00e9st, \u00e1t kell \u00e9rt\u00e9kelni a CRM-rendszert \u00e9s a marketinget is. Ez sok id\u0151t \u00e9s energi\u00e1t em\u00e9szthet fel, azonban a b\u00fcntet\u00e9s finansz\u00edroz\u00e1sa m\u00e9g t\u00f6bbet.<\/p>\n<p>A <strong>HRENKO Digital Agency<\/strong> leg\u00fajabb rendezv\u00e9nye keretein bel\u00fcl seg\u00edt az \u00faj jogszab\u00e1ly r\u00e9szletes megismer\u00e9s\u00e9ben. Az inform\u00e1ci\u00f3kat k\u00e9pzett, a t\u00e9m\u00e1ban szak\u00e9rt\u0151 el\u0151ad\u00f3k prezent\u00e1lj\u00e1k t\u00f6ltel\u00e9k el\u0151ad\u00e1sok n\u00e9lk\u00fcl, meg\u00e9rthet\u0151 form\u00e1ban. Szakmai partnerk\u00e9nt a <strong>Danubia Szabadalmi \u00e9s Jogi Iroda<\/strong>, illetve a <strong>S\u00e1r \u00e9s T\u00e1rsai \u00dcgyv\u00e9di Iroda<\/strong> is megjelenik az esem\u00e9nyen \u00e9s seg\u00edt azon l\u00e9nyeges dolgok \u00f6sszeszed\u00e9s\u00e9ben, amelyeket tudni kell ahhoz, hogy egy v\u00e1llalkoz\u00e1s elker\u00fclje a meglehet\u0151sen komoly b\u00fcntet\u00e9seket az \u00faj jogszab\u00e1ly \u00e9letbe l\u00e9p\u00e9se \u00e1ltal.<\/p>\n<p><img loading=\"lazy\" decoding=\"async\" class=\"wp-image-1891 size-full aligncenter\" src=\"https:\/\/www.danubia.com\/wp-content\/uploads\/2019\/10\/GDPR-2.jpg\" alt=\"\" width=\"510\" height=\"139\" srcset=\"https:\/\/www.danubia.com\/wp-content\/uploads\/2019\/10\/GDPR-2.jpg 510w, https:\/\/www.danubia.com\/wp-content\/uploads\/2019\/10\/GDPR-2-300x82.jpg 300w\" sizes=\"(max-width: 510px) 100vw, 510px\" \/><\/p>\n<p>A hatalmas \u00e9rdekl\u0151d\u00e9sre tekintettel az esem\u00e9ny k\u00e9t id\u0151pontban is meg lesz tartva, amelyek m\u00e1r telth\u00e1zasak. A konferenci\u00e1val kapcsolatos <strong>egy\u00e9b inform\u00e1ci\u00f3k<\/strong> megtekinthet\u0151ek a HRENKO Digital Agency weboldal\u00e1n.<\/p>\n<table>\n<tbody>\n<tr>\n<td style=\"text-align: center;\" width=\"283\"><strong><a href=\"https:\/\/www.hrenko.hu\/esemenyek\/gdpr-konferencia\/\">GDPR konferencia<br \/>\n2018.02.20.<\/a><\/strong><\/td>\n<td style=\"text-align: center;\" width=\"283\"><strong><a href=\"https:\/\/www.hrenko.hu\/esemenyek\/gdpr-konferencia-2\/\">GDPR konferencia 2.<br \/>\n2018.02.28.<\/a><\/strong><\/td>\n<\/tr>\n<\/tbody>\n<\/table>\n<p><img loading=\"lazy\" decoding=\"async\" class=\"size-full wp-image-1893 aligncenter\" src=\"https:\/\/www.danubia.com\/wp-content\/uploads\/2019\/10\/GDPR-3.jpg\" alt=\"\" width=\"768\" height=\"159\" srcset=\"https:\/\/www.danubia.com\/wp-content\/uploads\/2019\/10\/GDPR-3.jpg 768w, https:\/\/www.danubia.com\/wp-content\/uploads\/2019\/10\/GDPR-3-300x62.jpg 300w\" sizes=\"(max-width: 768px) 100vw, 768px\" \/><\/p>\n<p>Amennyiben k\u00edv\u00e1ncsiak arra, hogy milyen a tud\u00e1suk a hamarosan \u00e9letbe l\u00e9p\u0151 jogszab\u00e1llyal kapcsolatban, hogy hogyan is \u00e1llnak a felk\u00e9sz\u00fcl\u00e9sben, t\u00f6lts\u00e9k ki a <strong>GDPR tesztet<\/strong>!<\/p>\n<p style=\"text-align: center;\"><strong><a href=\"https:\/\/www.hrenko.hu\/gdpr\/?utm_source=Newsletter&amp;utm_medium=email&amp;utm_content=C%C3%A9ged+felk%C3%A9sz%C3%BClt+a+GDPR+bevezet%C3%A9s%C3%A9re%3F+Teszteld+tud%C3%A1sod+most%2C+ingyen&amp;utm_campaign=GDPR+teszt+kit%C3%B6lt%C3%A9s\">Kit\u00f6lt\u00f6m a tesztet!<\/a><\/strong><\/p>\n","protected":false},"excerpt":{"rendered":"<p>A Danubia szak\u00e9rt\u0151ivel febru\u00e1rban k\u00e9t GDPR t\u00e9m\u00e1j\u00fa konferenci\u00e1n is tal\u00e1lkozhat, ahol az EU \u00c1ltal\u00e1nos Adatv\u00e9delmi Rendelet\u00e9vel kapcsolatban besz\u00e9l\u00fcnk a gyakorlati tudnival\u00f3kr\u00f3l. (A konferenci\u00e1k ismertet\u00e9se al\u00e1bb olvashat\u00f3) 2018 m\u00e1jus\u00e1t\u00f3l \u00faj adatv\u00e9delmi szab\u00e1ly l\u00e9p hat\u00e1lyba, amely az EU \u00c1ltal\u00e1nos Adatv\u00e9delmi Rendelete (General Data Protection Regulation \u2013 GDPR).\u00a0 Ezen rendelet ismerete minden olyan v\u00e1llalkoz\u00e1s sz\u00e1m\u00e1ra fontos lehet, amelyek [&hellip;]<\/p>\n","protected":false},"author":1,"featured_media":1915,"comment_status":"closed","ping_status":"closed","sticky":false,"template":"","format":"standard","meta":{"_et_pb_use_builder":"","_et_pb_old_content":"","_et_gb_content_width":"","footnotes":""},"categories":[1],"tags":[],"class_list":["post-1687","post","type-post","status-publish","format-standard","has-post-thumbnail","hentry","category-uncategorized-hu"],"yoast_head":"<!-- This site is optimized with the Yoast SEO plugin v27.3 - https:\/\/yoast.com\/product\/yoast-seo-wordpress\/ -->\n<title>GDPR - Danubia<\/title>\n<meta name=\"robots\" content=\"index, follow, max-snippet:-1, max-image-preview:large, max-video-preview:-1\" \/>\n<link rel=\"canonical\" href=\"https:\/\/www.danubia.com\/hu\/uncategorized-hu\/gdpr\/\" \/>\n<meta property=\"og:locale\" content=\"hu_HU\" \/>\n<meta property=\"og:type\" content=\"article\" \/>\n<meta property=\"og:title\" content=\"GDPR - Danubia\" \/>\n<meta property=\"og:description\" content=\"A Danubia szak\u00e9rt\u0151ivel febru\u00e1rban k\u00e9t GDPR t\u00e9m\u00e1j\u00fa konferenci\u00e1n is tal\u00e1lkozhat, ahol az EU \u00c1ltal\u00e1nos Adatv\u00e9delmi Rendelet\u00e9vel kapcsolatban besz\u00e9l\u00fcnk a gyakorlati tudnival\u00f3kr\u00f3l. (A konferenci\u00e1k ismertet\u00e9se al\u00e1bb olvashat\u00f3) 2018 m\u00e1jus\u00e1t\u00f3l \u00faj adatv\u00e9delmi szab\u00e1ly l\u00e9p hat\u00e1lyba, amely az EU \u00c1ltal\u00e1nos Adatv\u00e9delmi Rendelete (General Data Protection Regulation \u2013 GDPR).\u00a0 Ezen rendelet ismerete minden olyan v\u00e1llalkoz\u00e1s sz\u00e1m\u00e1ra fontos lehet, amelyek [&hellip;]\" \/>\n<meta property=\"og:url\" content=\"https:\/\/www.danubia.com\/hu\/uncategorized-hu\/gdpr\/\" \/>\n<meta property=\"og:site_name\" content=\"Danubia\" \/>\n<meta property=\"article:published_time\" content=\"2018-01-10T16:29:21+00:00\" \/>\n<meta property=\"article:modified_time\" content=\"2019-10-10T16:29:39+00:00\" \/>\n<meta property=\"og:image\" content=\"https:\/\/www.danubia.com\/wp-content\/uploads\/2019\/10\/GDPR-konferencia.jpg\" \/>\n\t<meta property=\"og:image:width\" content=\"900\" \/>\n\t<meta property=\"og:image:height\" content=\"500\" \/>\n\t<meta property=\"og:image:type\" content=\"image\/jpeg\" \/>\n<meta name=\"author\" content=\"Danubia Szabadalmi \u00e9s Jogi Iroda\" \/>\n<meta name=\"twitter:card\" content=\"summary_large_image\" \/>\n<meta name=\"twitter:label1\" content=\"Szerz\u0151:\" \/>\n\t<meta name=\"twitter:data1\" content=\"Danubia Szabadalmi \u00e9s Jogi Iroda\" \/>\n\t<meta name=\"twitter:label2\" content=\"Becs\u00fclt olvas\u00e1si id\u0151\" \/>\n\t<meta name=\"twitter:data2\" content=\"2 perc\" \/>\n<script type=\"application\/ld+json\" class=\"yoast-schema-graph\">{\"@context\":\"https:\\\/\\\/schema.org\",\"@graph\":[{\"@type\":\"Article\",\"@id\":\"https:\\\/\\\/www.danubia.com\\\/hu\\\/uncategorized-hu\\\/gdpr\\\/#article\",\"isPartOf\":{\"@id\":\"https:\\\/\\\/www.danubia.com\\\/hu\\\/uncategorized-hu\\\/gdpr\\\/\"},\"author\":{\"name\":\"Danubia Szabadalmi \u00e9s Jogi Iroda\",\"@id\":\"https:\\\/\\\/www.danubia.com\\\/#\\\/schema\\\/person\\\/c3a081c566cce5d38b32c31f3bf569b8\"},\"headline\":\"GDPR\",\"datePublished\":\"2018-01-10T16:29:21+00:00\",\"dateModified\":\"2019-10-10T16:29:39+00:00\",\"mainEntityOfPage\":{\"@id\":\"https:\\\/\\\/www.danubia.com\\\/hu\\\/uncategorized-hu\\\/gdpr\\\/\"},\"wordCount\":386,\"image\":{\"@id\":\"https:\\\/\\\/www.danubia.com\\\/hu\\\/uncategorized-hu\\\/gdpr\\\/#primaryimage\"},\"thumbnailUrl\":\"https:\\\/\\\/www.danubia.com\\\/wp-content\\\/uploads\\\/2019\\\/10\\\/GDPR-konferencia.jpg\",\"articleSection\":[\"Uncategorized @hu\"],\"inLanguage\":\"hu\"},{\"@type\":\"WebPage\",\"@id\":\"https:\\\/\\\/www.danubia.com\\\/hu\\\/uncategorized-hu\\\/gdpr\\\/\",\"url\":\"https:\\\/\\\/www.danubia.com\\\/hu\\\/uncategorized-hu\\\/gdpr\\\/\",\"name\":\"GDPR - Danubia\",\"isPartOf\":{\"@id\":\"https:\\\/\\\/www.danubia.com\\\/#website\"},\"primaryImageOfPage\":{\"@id\":\"https:\\\/\\\/www.danubia.com\\\/hu\\\/uncategorized-hu\\\/gdpr\\\/#primaryimage\"},\"image\":{\"@id\":\"https:\\\/\\\/www.danubia.com\\\/hu\\\/uncategorized-hu\\\/gdpr\\\/#primaryimage\"},\"thumbnailUrl\":\"https:\\\/\\\/www.danubia.com\\\/wp-content\\\/uploads\\\/2019\\\/10\\\/GDPR-konferencia.jpg\",\"datePublished\":\"2018-01-10T16:29:21+00:00\",\"dateModified\":\"2019-10-10T16:29:39+00:00\",\"author\":{\"@id\":\"https:\\\/\\\/www.danubia.com\\\/#\\\/schema\\\/person\\\/c3a081c566cce5d38b32c31f3bf569b8\"},\"breadcrumb\":{\"@id\":\"https:\\\/\\\/www.danubia.com\\\/hu\\\/uncategorized-hu\\\/gdpr\\\/#breadcrumb\"},\"inLanguage\":\"hu\",\"potentialAction\":[{\"@type\":\"ReadAction\",\"target\":[\"https:\\\/\\\/www.danubia.com\\\/hu\\\/uncategorized-hu\\\/gdpr\\\/\"]}]},{\"@type\":\"ImageObject\",\"inLanguage\":\"hu\",\"@id\":\"https:\\\/\\\/www.danubia.com\\\/hu\\\/uncategorized-hu\\\/gdpr\\\/#primaryimage\",\"url\":\"https:\\\/\\\/www.danubia.com\\\/wp-content\\\/uploads\\\/2019\\\/10\\\/GDPR-konferencia.jpg\",\"contentUrl\":\"https:\\\/\\\/www.danubia.com\\\/wp-content\\\/uploads\\\/2019\\\/10\\\/GDPR-konferencia.jpg\",\"width\":900,\"height\":500},{\"@type\":\"BreadcrumbList\",\"@id\":\"https:\\\/\\\/www.danubia.com\\\/hu\\\/uncategorized-hu\\\/gdpr\\\/#breadcrumb\",\"itemListElement\":[{\"@type\":\"ListItem\",\"position\":1,\"name\":\"Home\",\"item\":\"https:\\\/\\\/www.danubia.com\\\/hu\\\/\"},{\"@type\":\"ListItem\",\"position\":2,\"name\":\"GDPR\"}]},{\"@type\":\"WebSite\",\"@id\":\"https:\\\/\\\/www.danubia.com\\\/#website\",\"url\":\"https:\\\/\\\/www.danubia.com\\\/\",\"name\":\"Danubia\",\"description\":\"\",\"potentialAction\":[{\"@type\":\"SearchAction\",\"target\":{\"@type\":\"EntryPoint\",\"urlTemplate\":\"https:\\\/\\\/www.danubia.com\\\/?s={search_term_string}\"},\"query-input\":{\"@type\":\"PropertyValueSpecification\",\"valueRequired\":true,\"valueName\":\"search_term_string\"}}],\"inLanguage\":\"hu\"},{\"@type\":\"Person\",\"@id\":\"https:\\\/\\\/www.danubia.com\\\/#\\\/schema\\\/person\\\/c3a081c566cce5d38b32c31f3bf569b8\",\"name\":\"Danubia Szabadalmi \u00e9s Jogi Iroda\",\"image\":{\"@type\":\"ImageObject\",\"inLanguage\":\"hu\",\"@id\":\"https:\\\/\\\/secure.gravatar.com\\\/avatar\\\/347a905c0860aaf34650db19625beeb4cfc4347b5df0d66ef80381817b31b53c?s=96&r=g\",\"url\":\"https:\\\/\\\/secure.gravatar.com\\\/avatar\\\/347a905c0860aaf34650db19625beeb4cfc4347b5df0d66ef80381817b31b53c?s=96&r=g\",\"contentUrl\":\"https:\\\/\\\/secure.gravatar.com\\\/avatar\\\/347a905c0860aaf34650db19625beeb4cfc4347b5df0d66ef80381817b31b53c?s=96&r=g\",\"caption\":\"Danubia Szabadalmi \u00e9s Jogi Iroda\"}}]}<\/script>\n<!-- \/ Yoast SEO plugin. -->","yoast_head_json":{"title":"GDPR - Danubia","robots":{"index":"index","follow":"follow","max-snippet":"max-snippet:-1","max-image-preview":"max-image-preview:large","max-video-preview":"max-video-preview:-1"},"canonical":"https:\/\/www.danubia.com\/hu\/uncategorized-hu\/gdpr\/","og_locale":"hu_HU","og_type":"article","og_title":"GDPR - Danubia","og_description":"A Danubia szak\u00e9rt\u0151ivel febru\u00e1rban k\u00e9t GDPR t\u00e9m\u00e1j\u00fa konferenci\u00e1n is tal\u00e1lkozhat, ahol az EU \u00c1ltal\u00e1nos Adatv\u00e9delmi Rendelet\u00e9vel kapcsolatban besz\u00e9l\u00fcnk a gyakorlati tudnival\u00f3kr\u00f3l. (A konferenci\u00e1k ismertet\u00e9se al\u00e1bb olvashat\u00f3) 2018 m\u00e1jus\u00e1t\u00f3l \u00faj adatv\u00e9delmi szab\u00e1ly l\u00e9p hat\u00e1lyba, amely az EU \u00c1ltal\u00e1nos Adatv\u00e9delmi Rendelete (General Data Protection Regulation \u2013 GDPR).\u00a0 Ezen rendelet ismerete minden olyan v\u00e1llalkoz\u00e1s sz\u00e1m\u00e1ra fontos lehet, amelyek [&hellip;]","og_url":"https:\/\/www.danubia.com\/hu\/uncategorized-hu\/gdpr\/","og_site_name":"Danubia","article_published_time":"2018-01-10T16:29:21+00:00","article_modified_time":"2019-10-10T16:29:39+00:00","og_image":[{"width":900,"height":500,"url":"https:\/\/www.danubia.com\/wp-content\/uploads\/2019\/10\/GDPR-konferencia.jpg","type":"image\/jpeg"}],"author":"Danubia Szabadalmi \u00e9s Jogi Iroda","twitter_card":"summary_large_image","twitter_misc":{"Szerz\u0151:":"Danubia Szabadalmi \u00e9s Jogi Iroda","Becs\u00fclt olvas\u00e1si id\u0151":"2 perc"},"schema":{"@context":"https:\/\/schema.org","@graph":[{"@type":"Article","@id":"https:\/\/www.danubia.com\/hu\/uncategorized-hu\/gdpr\/#article","isPartOf":{"@id":"https:\/\/www.danubia.com\/hu\/uncategorized-hu\/gdpr\/"},"author":{"name":"Danubia Szabadalmi \u00e9s Jogi Iroda","@id":"https:\/\/www.danubia.com\/#\/schema\/person\/c3a081c566cce5d38b32c31f3bf569b8"},"headline":"GDPR","datePublished":"2018-01-10T16:29:21+00:00","dateModified":"2019-10-10T16:29:39+00:00","mainEntityOfPage":{"@id":"https:\/\/www.danubia.com\/hu\/uncategorized-hu\/gdpr\/"},"wordCount":386,"image":{"@id":"https:\/\/www.danubia.com\/hu\/uncategorized-hu\/gdpr\/#primaryimage"},"thumbnailUrl":"https:\/\/www.danubia.com\/wp-content\/uploads\/2019\/10\/GDPR-konferencia.jpg","articleSection":["Uncategorized @hu"],"inLanguage":"hu"},{"@type":"WebPage","@id":"https:\/\/www.danubia.com\/hu\/uncategorized-hu\/gdpr\/","url":"https:\/\/www.danubia.com\/hu\/uncategorized-hu\/gdpr\/","name":"GDPR - Danubia","isPartOf":{"@id":"https:\/\/www.danubia.com\/#website"},"primaryImageOfPage":{"@id":"https:\/\/www.danubia.com\/hu\/uncategorized-hu\/gdpr\/#primaryimage"},"image":{"@id":"https:\/\/www.danubia.com\/hu\/uncategorized-hu\/gdpr\/#primaryimage"},"thumbnailUrl":"https:\/\/www.danubia.com\/wp-content\/uploads\/2019\/10\/GDPR-konferencia.jpg","datePublished":"2018-01-10T16:29:21+00:00","dateModified":"2019-10-10T16:29:39+00:00","author":{"@id":"https:\/\/www.danubia.com\/#\/schema\/person\/c3a081c566cce5d38b32c31f3bf569b8"},"breadcrumb":{"@id":"https:\/\/www.danubia.com\/hu\/uncategorized-hu\/gdpr\/#breadcrumb"},"inLanguage":"hu","potentialAction":[{"@type":"ReadAction","target":["https:\/\/www.danubia.com\/hu\/uncategorized-hu\/gdpr\/"]}]},{"@type":"ImageObject","inLanguage":"hu","@id":"https:\/\/www.danubia.com\/hu\/uncategorized-hu\/gdpr\/#primaryimage","url":"https:\/\/www.danubia.com\/wp-content\/uploads\/2019\/10\/GDPR-konferencia.jpg","contentUrl":"https:\/\/www.danubia.com\/wp-content\/uploads\/2019\/10\/GDPR-konferencia.jpg","width":900,"height":500},{"@type":"BreadcrumbList","@id":"https:\/\/www.danubia.com\/hu\/uncategorized-hu\/gdpr\/#breadcrumb","itemListElement":[{"@type":"ListItem","position":1,"name":"Home","item":"https:\/\/www.danubia.com\/hu\/"},{"@type":"ListItem","position":2,"name":"GDPR"}]},{"@type":"WebSite","@id":"https:\/\/www.danubia.com\/#website","url":"https:\/\/www.danubia.com\/","name":"Danubia","description":"","potentialAction":[{"@type":"SearchAction","target":{"@type":"EntryPoint","urlTemplate":"https:\/\/www.danubia.com\/?s={search_term_string}"},"query-input":{"@type":"PropertyValueSpecification","valueRequired":true,"valueName":"search_term_string"}}],"inLanguage":"hu"},{"@type":"Person","@id":"https:\/\/www.danubia.com\/#\/schema\/person\/c3a081c566cce5d38b32c31f3bf569b8","name":"Danubia Szabadalmi \u00e9s Jogi Iroda","image":{"@type":"ImageObject","inLanguage":"hu","@id":"https:\/\/secure.gravatar.com\/avatar\/347a905c0860aaf34650db19625beeb4cfc4347b5df0d66ef80381817b31b53c?s=96&r=g","url":"https:\/\/secure.gravatar.com\/avatar\/347a905c0860aaf34650db19625beeb4cfc4347b5df0d66ef80381817b31b53c?s=96&r=g","contentUrl":"https:\/\/secure.gravatar.com\/avatar\/347a905c0860aaf34650db19625beeb4cfc4347b5df0d66ef80381817b31b53c?s=96&r=g","caption":"Danubia Szabadalmi \u00e9s Jogi Iroda"}}]}},"_links":{"self":[{"href":"https:\/\/www.danubia.com\/hu\/wp-json\/wp\/v2\/posts\/1687","targetHints":{"allow":["GET"]}}],"collection":[{"href":"https:\/\/www.danubia.com\/hu\/wp-json\/wp\/v2\/posts"}],"about":[{"href":"https:\/\/www.danubia.com\/hu\/wp-json\/wp\/v2\/types\/post"}],"author":[{"embeddable":true,"href":"https:\/\/www.danubia.com\/hu\/wp-json\/wp\/v2\/users\/1"}],"replies":[{"embeddable":true,"href":"https:\/\/www.danubia.com\/hu\/wp-json\/wp\/v2\/comments?post=1687"}],"version-history":[{"count":4,"href":"https:\/\/www.danubia.com\/hu\/wp-json\/wp\/v2\/posts\/1687\/revisions"}],"predecessor-version":[{"id":2936,"href":"https:\/\/www.danubia.com\/hu\/wp-json\/wp\/v2\/posts\/1687\/revisions\/2936"}],"wp:featuredmedia":[{"embeddable":true,"href":"https:\/\/www.danubia.com\/hu\/wp-json\/wp\/v2\/media\/1915"}],"wp:attachment":[{"href":"https:\/\/www.danubia.com\/hu\/wp-json\/wp\/v2\/media?parent=1687"}],"wp:term":[{"taxonomy":"category","embeddable":true,"href":"https:\/\/www.danubia.com\/hu\/wp-json\/wp\/v2\/categories?post=1687"},{"taxonomy":"post_tag","embeddable":true,"href":"https:\/\/www.danubia.com\/hu\/wp-json\/wp\/v2\/tags?post=1687"}],"curies":[{"name":"wp","href":"https:\/\/api.w.org\/{rel}","templated":true}]}}