{"id":1875,"date":"2005-05-10T15:01:47","date_gmt":"2005-05-10T15:01:47","guid":{"rendered":"https:\/\/www.danubia.com\/?p=1875"},"modified":"2019-10-10T16:23:54","modified_gmt":"2019-10-10T16:23:54","slug":"a-nyilvanossag-a-hatosagok-tajekoztatasa-es-a-kepviselet-az-europai-szabadalmi-hivatal-elotti-eljarasban","status":"publish","type":"post","link":"https:\/\/www.danubia.com\/hu\/uncategorized-hu\/a-nyilvanossag-a-hatosagok-tajekoztatasa-es-a-kepviselet-az-europai-szabadalmi-hivatal-elotti-eljarasban\/","title":{"rendered":"A nyilv\u00e1noss\u00e1g, a hat\u00f3s\u00e1gok t\u00e1j\u00e9koztat\u00e1sa \u00e9s a k\u00e9pviselet az eur\u00f3pai szabadalmi hivatal el\u0151tti elj\u00e1r\u00e1sban"},"content":{"rendered":"<p>A jelen tanulm\u00e1nyban az Eur\u00f3pai Szabadalmi Egyezm\u00e9ny 127-134. szakasza alapj\u00e1n a nyilv\u00e1noss\u00e1gr\u00f3l, a hat\u00f3s\u00e1gok t\u00e1j\u00e9koztat\u00e1s\u00e1r\u00f3l \u00e9s a k\u00e9pviseletr\u0151l adunk t\u00e1j\u00e9koztat\u00e1st.<\/p>\n<p>Iparjogv\u00e9delmi Szemle 110\/I, 38 (2005)<\/p>\n<p><a href=\"https:\/\/www.danubia.com\/wp-content\/uploads\/2019\/10\/2005_palagyi_a.nyilvanossag.pdf\" target=\"_blank\" rel=\"noopener noreferrer\">A teljes cikk<\/a><\/p>\n","protected":false},"excerpt":{"rendered":"<p>A jelen tanulm\u00e1nyban az Eur\u00f3pai Szabadalmi Egyezm\u00e9ny 127-134. szakasza alapj\u00e1n a nyilv\u00e1noss\u00e1gr\u00f3l, a hat\u00f3s\u00e1gok t\u00e1j\u00e9koztat\u00e1s\u00e1r\u00f3l \u00e9s a k\u00e9pviseletr\u0151l adunk t\u00e1j\u00e9koztat\u00e1st.<\/p>\n","protected":false},"author":1,"featured_media":1908,"comment_status":"closed","ping_status":"closed","sticky":false,"template":"","format":"standard","meta":{"_et_pb_use_builder":"","_et_pb_old_content":"","_et_gb_content_width":"","footnotes":""},"categories":[1],"tags":[],"class_list":["post-1875","post","type-post","status-publish","format-standard","has-post-thumbnail","hentry","category-uncategorized-hu"],"yoast_head":"<!-- This site is optimized with the Yoast SEO plugin v27.3 - https:\/\/yoast.com\/product\/yoast-seo-wordpress\/ -->\n<title>A nyilv\u00e1noss\u00e1g, a hat\u00f3s\u00e1gok t\u00e1j\u00e9koztat\u00e1sa \u00e9s a k\u00e9pviselet az eur\u00f3pai szabadalmi hivatal el\u0151tti elj\u00e1r\u00e1sban - Danubia<\/title>\n<meta name=\"robots\" content=\"index, follow, max-snippet:-1, max-image-preview:large, max-video-preview:-1\" \/>\n<link rel=\"canonical\" href=\"https:\/\/www.danubia.com\/hu\/uncategorized-hu\/a-nyilvanossag-a-hatosagok-tajekoztatasa-es-a-kepviselet-az-europai-szabadalmi-hivatal-elotti-eljarasban\/\" \/>\n<meta property=\"og:locale\" content=\"hu_HU\" \/>\n<meta property=\"og:type\" content=\"article\" \/>\n<meta property=\"og:title\" content=\"A nyilv\u00e1noss\u00e1g, a hat\u00f3s\u00e1gok t\u00e1j\u00e9koztat\u00e1sa \u00e9s a k\u00e9pviselet az eur\u00f3pai szabadalmi hivatal el\u0151tti elj\u00e1r\u00e1sban - Danubia\" \/>\n<meta property=\"og:description\" content=\"A jelen tanulm\u00e1nyban az Eur\u00f3pai Szabadalmi Egyezm\u00e9ny 127-134. szakasza alapj\u00e1n a nyilv\u00e1noss\u00e1gr\u00f3l, a hat\u00f3s\u00e1gok t\u00e1j\u00e9koztat\u00e1s\u00e1r\u00f3l \u00e9s a k\u00e9pviseletr\u0151l adunk t\u00e1j\u00e9koztat\u00e1st.\" \/>\n<meta property=\"og:url\" content=\"https:\/\/www.danubia.com\/hu\/uncategorized-hu\/a-nyilvanossag-a-hatosagok-tajekoztatasa-es-a-kepviselet-az-europai-szabadalmi-hivatal-elotti-eljarasban\/\" \/>\n<meta property=\"og:site_name\" content=\"Danubia\" \/>\n<meta property=\"article:published_time\" content=\"2005-05-10T15:01:47+00:00\" \/>\n<meta property=\"article:modified_time\" content=\"2019-10-10T16:23:54+00:00\" \/>\n<meta property=\"og:image\" content=\"https:\/\/www.danubia.com\/wp-content\/uploads\/2019\/10\/nyilvanossag-hatosagok-tajekoztatasa.jpg\" \/>\n\t<meta property=\"og:image:width\" content=\"900\" \/>\n\t<meta property=\"og:image:height\" content=\"500\" \/>\n\t<meta property=\"og:image:type\" content=\"image\/jpeg\" \/>\n<meta name=\"author\" content=\"Danubia Szabadalmi \u00e9s Jogi Iroda\" \/>\n<meta name=\"twitter:card\" content=\"summary_large_image\" \/>\n<meta name=\"twitter:label1\" content=\"Szerz\u0151:\" \/>\n\t<meta name=\"twitter:data1\" content=\"Danubia Szabadalmi \u00e9s Jogi Iroda\" \/>\n<script type=\"application\/ld+json\" class=\"yoast-schema-graph\">{\"@context\":\"https:\\\/\\\/schema.org\",\"@graph\":[{\"@type\":\"Article\",\"@id\":\"https:\\\/\\\/www.danubia.com\\\/hu\\\/uncategorized-hu\\\/a-nyilvanossag-a-hatosagok-tajekoztatasa-es-a-kepviselet-az-europai-szabadalmi-hivatal-elotti-eljarasban\\\/#article\",\"isPartOf\":{\"@id\":\"https:\\\/\\\/www.danubia.com\\\/hu\\\/uncategorized-hu\\\/a-nyilvanossag-a-hatosagok-tajekoztatasa-es-a-kepviselet-az-europai-szabadalmi-hivatal-elotti-eljarasban\\\/\"},\"author\":{\"name\":\"Danubia Szabadalmi \u00e9s Jogi Iroda\",\"@id\":\"https:\\\/\\\/www.danubia.com\\\/#\\\/schema\\\/person\\\/c3a081c566cce5d38b32c31f3bf569b8\"},\"headline\":\"A nyilv\u00e1noss\u00e1g, a hat\u00f3s\u00e1gok t\u00e1j\u00e9koztat\u00e1sa \u00e9s a k\u00e9pviselet az eur\u00f3pai szabadalmi hivatal el\u0151tti elj\u00e1r\u00e1sban\",\"datePublished\":\"2005-05-10T15:01:47+00:00\",\"dateModified\":\"2019-10-10T16:23:54+00:00\",\"mainEntityOfPage\":{\"@id\":\"https:\\\/\\\/www.danubia.com\\\/hu\\\/uncategorized-hu\\\/a-nyilvanossag-a-hatosagok-tajekoztatasa-es-a-kepviselet-az-europai-szabadalmi-hivatal-elotti-eljarasban\\\/\"},\"wordCount\":72,\"image\":{\"@id\":\"https:\\\/\\\/www.danubia.com\\\/hu\\\/uncategorized-hu\\\/a-nyilvanossag-a-hatosagok-tajekoztatasa-es-a-kepviselet-az-europai-szabadalmi-hivatal-elotti-eljarasban\\\/#primaryimage\"},\"thumbnailUrl\":\"https:\\\/\\\/www.danubia.com\\\/wp-content\\\/uploads\\\/2019\\\/10\\\/nyilvanossag-hatosagok-tajekoztatasa.jpg\",\"articleSection\":[\"Uncategorized @hu\"],\"inLanguage\":\"hu\"},{\"@type\":\"WebPage\",\"@id\":\"https:\\\/\\\/www.danubia.com\\\/hu\\\/uncategorized-hu\\\/a-nyilvanossag-a-hatosagok-tajekoztatasa-es-a-kepviselet-az-europai-szabadalmi-hivatal-elotti-eljarasban\\\/\",\"url\":\"https:\\\/\\\/www.danubia.com\\\/hu\\\/uncategorized-hu\\\/a-nyilvanossag-a-hatosagok-tajekoztatasa-es-a-kepviselet-az-europai-szabadalmi-hivatal-elotti-eljarasban\\\/\",\"name\":\"A nyilv\u00e1noss\u00e1g, a hat\u00f3s\u00e1gok t\u00e1j\u00e9koztat\u00e1sa \u00e9s a k\u00e9pviselet az eur\u00f3pai szabadalmi hivatal el\u0151tti elj\u00e1r\u00e1sban - Danubia\",\"isPartOf\":{\"@id\":\"https:\\\/\\\/www.danubia.com\\\/#website\"},\"primaryImageOfPage\":{\"@id\":\"https:\\\/\\\/www.danubia.com\\\/hu\\\/uncategorized-hu\\\/a-nyilvanossag-a-hatosagok-tajekoztatasa-es-a-kepviselet-az-europai-szabadalmi-hivatal-elotti-eljarasban\\\/#primaryimage\"},\"image\":{\"@id\":\"https:\\\/\\\/www.danubia.com\\\/hu\\\/uncategorized-hu\\\/a-nyilvanossag-a-hatosagok-tajekoztatasa-es-a-kepviselet-az-europai-szabadalmi-hivatal-elotti-eljarasban\\\/#primaryimage\"},\"thumbnailUrl\":\"https:\\\/\\\/www.danubia.com\\\/wp-content\\\/uploads\\\/2019\\\/10\\\/nyilvanossag-hatosagok-tajekoztatasa.jpg\",\"datePublished\":\"2005-05-10T15:01:47+00:00\",\"dateModified\":\"2019-10-10T16:23:54+00:00\",\"author\":{\"@id\":\"https:\\\/\\\/www.danubia.com\\\/#\\\/schema\\\/person\\\/c3a081c566cce5d38b32c31f3bf569b8\"},\"breadcrumb\":{\"@id\":\"https:\\\/\\\/www.danubia.com\\\/hu\\\/uncategorized-hu\\\/a-nyilvanossag-a-hatosagok-tajekoztatasa-es-a-kepviselet-az-europai-szabadalmi-hivatal-elotti-eljarasban\\\/#breadcrumb\"},\"inLanguage\":\"hu\",\"potentialAction\":[{\"@type\":\"ReadAction\",\"target\":[\"https:\\\/\\\/www.danubia.com\\\/hu\\\/uncategorized-hu\\\/a-nyilvanossag-a-hatosagok-tajekoztatasa-es-a-kepviselet-az-europai-szabadalmi-hivatal-elotti-eljarasban\\\/\"]}]},{\"@type\":\"ImageObject\",\"inLanguage\":\"hu\",\"@id\":\"https:\\\/\\\/www.danubia.com\\\/hu\\\/uncategorized-hu\\\/a-nyilvanossag-a-hatosagok-tajekoztatasa-es-a-kepviselet-az-europai-szabadalmi-hivatal-elotti-eljarasban\\\/#primaryimage\",\"url\":\"https:\\\/\\\/www.danubia.com\\\/wp-content\\\/uploads\\\/2019\\\/10\\\/nyilvanossag-hatosagok-tajekoztatasa.jpg\",\"contentUrl\":\"https:\\\/\\\/www.danubia.com\\\/wp-content\\\/uploads\\\/2019\\\/10\\\/nyilvanossag-hatosagok-tajekoztatasa.jpg\",\"width\":900,\"height\":500},{\"@type\":\"BreadcrumbList\",\"@id\":\"https:\\\/\\\/www.danubia.com\\\/hu\\\/uncategorized-hu\\\/a-nyilvanossag-a-hatosagok-tajekoztatasa-es-a-kepviselet-az-europai-szabadalmi-hivatal-elotti-eljarasban\\\/#breadcrumb\",\"itemListElement\":[{\"@type\":\"ListItem\",\"position\":1,\"name\":\"Home\",\"item\":\"https:\\\/\\\/www.danubia.com\\\/hu\\\/\"},{\"@type\":\"ListItem\",\"position\":2,\"name\":\"A nyilv\u00e1noss\u00e1g, a hat\u00f3s\u00e1gok t\u00e1j\u00e9koztat\u00e1sa \u00e9s a k\u00e9pviselet az eur\u00f3pai szabadalmi hivatal el\u0151tti elj\u00e1r\u00e1sban\"}]},{\"@type\":\"WebSite\",\"@id\":\"https:\\\/\\\/www.danubia.com\\\/#website\",\"url\":\"https:\\\/\\\/www.danubia.com\\\/\",\"name\":\"Danubia\",\"description\":\"\",\"potentialAction\":[{\"@type\":\"SearchAction\",\"target\":{\"@type\":\"EntryPoint\",\"urlTemplate\":\"https:\\\/\\\/www.danubia.com\\\/?s={search_term_string}\"},\"query-input\":{\"@type\":\"PropertyValueSpecification\",\"valueRequired\":true,\"valueName\":\"search_term_string\"}}],\"inLanguage\":\"hu\"},{\"@type\":\"Person\",\"@id\":\"https:\\\/\\\/www.danubia.com\\\/#\\\/schema\\\/person\\\/c3a081c566cce5d38b32c31f3bf569b8\",\"name\":\"Danubia Szabadalmi \u00e9s Jogi Iroda\",\"image\":{\"@type\":\"ImageObject\",\"inLanguage\":\"hu\",\"@id\":\"https:\\\/\\\/secure.gravatar.com\\\/avatar\\\/347a905c0860aaf34650db19625beeb4cfc4347b5df0d66ef80381817b31b53c?s=96&r=g\",\"url\":\"https:\\\/\\\/secure.gravatar.com\\\/avatar\\\/347a905c0860aaf34650db19625beeb4cfc4347b5df0d66ef80381817b31b53c?s=96&r=g\",\"contentUrl\":\"https:\\\/\\\/secure.gravatar.com\\\/avatar\\\/347a905c0860aaf34650db19625beeb4cfc4347b5df0d66ef80381817b31b53c?s=96&r=g\",\"caption\":\"Danubia Szabadalmi \u00e9s Jogi Iroda\"}}]}<\/script>\n<!-- \/ Yoast SEO plugin. -->","yoast_head_json":{"title":"A nyilv\u00e1noss\u00e1g, a hat\u00f3s\u00e1gok t\u00e1j\u00e9koztat\u00e1sa \u00e9s a k\u00e9pviselet az eur\u00f3pai szabadalmi hivatal el\u0151tti elj\u00e1r\u00e1sban - Danubia","robots":{"index":"index","follow":"follow","max-snippet":"max-snippet:-1","max-image-preview":"max-image-preview:large","max-video-preview":"max-video-preview:-1"},"canonical":"https:\/\/www.danubia.com\/hu\/uncategorized-hu\/a-nyilvanossag-a-hatosagok-tajekoztatasa-es-a-kepviselet-az-europai-szabadalmi-hivatal-elotti-eljarasban\/","og_locale":"hu_HU","og_type":"article","og_title":"A nyilv\u00e1noss\u00e1g, a hat\u00f3s\u00e1gok t\u00e1j\u00e9koztat\u00e1sa \u00e9s a k\u00e9pviselet az eur\u00f3pai szabadalmi hivatal el\u0151tti elj\u00e1r\u00e1sban - Danubia","og_description":"A jelen tanulm\u00e1nyban az Eur\u00f3pai Szabadalmi Egyezm\u00e9ny 127-134. szakasza alapj\u00e1n a nyilv\u00e1noss\u00e1gr\u00f3l, a hat\u00f3s\u00e1gok t\u00e1j\u00e9koztat\u00e1s\u00e1r\u00f3l \u00e9s a k\u00e9pviseletr\u0151l adunk t\u00e1j\u00e9koztat\u00e1st.","og_url":"https:\/\/www.danubia.com\/hu\/uncategorized-hu\/a-nyilvanossag-a-hatosagok-tajekoztatasa-es-a-kepviselet-az-europai-szabadalmi-hivatal-elotti-eljarasban\/","og_site_name":"Danubia","article_published_time":"2005-05-10T15:01:47+00:00","article_modified_time":"2019-10-10T16:23:54+00:00","og_image":[{"width":900,"height":500,"url":"https:\/\/www.danubia.com\/wp-content\/uploads\/2019\/10\/nyilvanossag-hatosagok-tajekoztatasa.jpg","type":"image\/jpeg"}],"author":"Danubia Szabadalmi \u00e9s Jogi Iroda","twitter_card":"summary_large_image","twitter_misc":{"Szerz\u0151:":"Danubia Szabadalmi \u00e9s Jogi Iroda"},"schema":{"@context":"https:\/\/schema.org","@graph":[{"@type":"Article","@id":"https:\/\/www.danubia.com\/hu\/uncategorized-hu\/a-nyilvanossag-a-hatosagok-tajekoztatasa-es-a-kepviselet-az-europai-szabadalmi-hivatal-elotti-eljarasban\/#article","isPartOf":{"@id":"https:\/\/www.danubia.com\/hu\/uncategorized-hu\/a-nyilvanossag-a-hatosagok-tajekoztatasa-es-a-kepviselet-az-europai-szabadalmi-hivatal-elotti-eljarasban\/"},"author":{"name":"Danubia Szabadalmi \u00e9s Jogi Iroda","@id":"https:\/\/www.danubia.com\/#\/schema\/person\/c3a081c566cce5d38b32c31f3bf569b8"},"headline":"A nyilv\u00e1noss\u00e1g, a hat\u00f3s\u00e1gok t\u00e1j\u00e9koztat\u00e1sa \u00e9s a k\u00e9pviselet az eur\u00f3pai szabadalmi hivatal el\u0151tti elj\u00e1r\u00e1sban","datePublished":"2005-05-10T15:01:47+00:00","dateModified":"2019-10-10T16:23:54+00:00","mainEntityOfPage":{"@id":"https:\/\/www.danubia.com\/hu\/uncategorized-hu\/a-nyilvanossag-a-hatosagok-tajekoztatasa-es-a-kepviselet-az-europai-szabadalmi-hivatal-elotti-eljarasban\/"},"wordCount":72,"image":{"@id":"https:\/\/www.danubia.com\/hu\/uncategorized-hu\/a-nyilvanossag-a-hatosagok-tajekoztatasa-es-a-kepviselet-az-europai-szabadalmi-hivatal-elotti-eljarasban\/#primaryimage"},"thumbnailUrl":"https:\/\/www.danubia.com\/wp-content\/uploads\/2019\/10\/nyilvanossag-hatosagok-tajekoztatasa.jpg","articleSection":["Uncategorized @hu"],"inLanguage":"hu"},{"@type":"WebPage","@id":"https:\/\/www.danubia.com\/hu\/uncategorized-hu\/a-nyilvanossag-a-hatosagok-tajekoztatasa-es-a-kepviselet-az-europai-szabadalmi-hivatal-elotti-eljarasban\/","url":"https:\/\/www.danubia.com\/hu\/uncategorized-hu\/a-nyilvanossag-a-hatosagok-tajekoztatasa-es-a-kepviselet-az-europai-szabadalmi-hivatal-elotti-eljarasban\/","name":"A nyilv\u00e1noss\u00e1g, a hat\u00f3s\u00e1gok t\u00e1j\u00e9koztat\u00e1sa \u00e9s a k\u00e9pviselet az eur\u00f3pai szabadalmi hivatal el\u0151tti elj\u00e1r\u00e1sban - Danubia","isPartOf":{"@id":"https:\/\/www.danubia.com\/#website"},"primaryImageOfPage":{"@id":"https:\/\/www.danubia.com\/hu\/uncategorized-hu\/a-nyilvanossag-a-hatosagok-tajekoztatasa-es-a-kepviselet-az-europai-szabadalmi-hivatal-elotti-eljarasban\/#primaryimage"},"image":{"@id":"https:\/\/www.danubia.com\/hu\/uncategorized-hu\/a-nyilvanossag-a-hatosagok-tajekoztatasa-es-a-kepviselet-az-europai-szabadalmi-hivatal-elotti-eljarasban\/#primaryimage"},"thumbnailUrl":"https:\/\/www.danubia.com\/wp-content\/uploads\/2019\/10\/nyilvanossag-hatosagok-tajekoztatasa.jpg","datePublished":"2005-05-10T15:01:47+00:00","dateModified":"2019-10-10T16:23:54+00:00","author":{"@id":"https:\/\/www.danubia.com\/#\/schema\/person\/c3a081c566cce5d38b32c31f3bf569b8"},"breadcrumb":{"@id":"https:\/\/www.danubia.com\/hu\/uncategorized-hu\/a-nyilvanossag-a-hatosagok-tajekoztatasa-es-a-kepviselet-az-europai-szabadalmi-hivatal-elotti-eljarasban\/#breadcrumb"},"inLanguage":"hu","potentialAction":[{"@type":"ReadAction","target":["https:\/\/www.danubia.com\/hu\/uncategorized-hu\/a-nyilvanossag-a-hatosagok-tajekoztatasa-es-a-kepviselet-az-europai-szabadalmi-hivatal-elotti-eljarasban\/"]}]},{"@type":"ImageObject","inLanguage":"hu","@id":"https:\/\/www.danubia.com\/hu\/uncategorized-hu\/a-nyilvanossag-a-hatosagok-tajekoztatasa-es-a-kepviselet-az-europai-szabadalmi-hivatal-elotti-eljarasban\/#primaryimage","url":"https:\/\/www.danubia.com\/wp-content\/uploads\/2019\/10\/nyilvanossag-hatosagok-tajekoztatasa.jpg","contentUrl":"https:\/\/www.danubia.com\/wp-content\/uploads\/2019\/10\/nyilvanossag-hatosagok-tajekoztatasa.jpg","width":900,"height":500},{"@type":"BreadcrumbList","@id":"https:\/\/www.danubia.com\/hu\/uncategorized-hu\/a-nyilvanossag-a-hatosagok-tajekoztatasa-es-a-kepviselet-az-europai-szabadalmi-hivatal-elotti-eljarasban\/#breadcrumb","itemListElement":[{"@type":"ListItem","position":1,"name":"Home","item":"https:\/\/www.danubia.com\/hu\/"},{"@type":"ListItem","position":2,"name":"A nyilv\u00e1noss\u00e1g, a hat\u00f3s\u00e1gok t\u00e1j\u00e9koztat\u00e1sa \u00e9s a k\u00e9pviselet az eur\u00f3pai szabadalmi hivatal el\u0151tti elj\u00e1r\u00e1sban"}]},{"@type":"WebSite","@id":"https:\/\/www.danubia.com\/#website","url":"https:\/\/www.danubia.com\/","name":"Danubia","description":"","potentialAction":[{"@type":"SearchAction","target":{"@type":"EntryPoint","urlTemplate":"https:\/\/www.danubia.com\/?s={search_term_string}"},"query-input":{"@type":"PropertyValueSpecification","valueRequired":true,"valueName":"search_term_string"}}],"inLanguage":"hu"},{"@type":"Person","@id":"https:\/\/www.danubia.com\/#\/schema\/person\/c3a081c566cce5d38b32c31f3bf569b8","name":"Danubia Szabadalmi \u00e9s Jogi Iroda","image":{"@type":"ImageObject","inLanguage":"hu","@id":"https:\/\/secure.gravatar.com\/avatar\/347a905c0860aaf34650db19625beeb4cfc4347b5df0d66ef80381817b31b53c?s=96&r=g","url":"https:\/\/secure.gravatar.com\/avatar\/347a905c0860aaf34650db19625beeb4cfc4347b5df0d66ef80381817b31b53c?s=96&r=g","contentUrl":"https:\/\/secure.gravatar.com\/avatar\/347a905c0860aaf34650db19625beeb4cfc4347b5df0d66ef80381817b31b53c?s=96&r=g","caption":"Danubia Szabadalmi \u00e9s Jogi Iroda"}}]}},"_links":{"self":[{"href":"https:\/\/www.danubia.com\/hu\/wp-json\/wp\/v2\/posts\/1875","targetHints":{"allow":["GET"]}}],"collection":[{"href":"https:\/\/www.danubia.com\/hu\/wp-json\/wp\/v2\/posts"}],"about":[{"href":"https:\/\/www.danubia.com\/hu\/wp-json\/wp\/v2\/types\/post"}],"author":[{"embeddable":true,"href":"https:\/\/www.danubia.com\/hu\/wp-json\/wp\/v2\/users\/1"}],"replies":[{"embeddable":true,"href":"https:\/\/www.danubia.com\/hu\/wp-json\/wp\/v2\/comments?post=1875"}],"version-history":[{"count":1,"href":"https:\/\/www.danubia.com\/hu\/wp-json\/wp\/v2\/posts\/1875\/revisions"}],"predecessor-version":[{"id":1878,"href":"https:\/\/www.danubia.com\/hu\/wp-json\/wp\/v2\/posts\/1875\/revisions\/1878"}],"wp:featuredmedia":[{"embeddable":true,"href":"https:\/\/www.danubia.com\/hu\/wp-json\/wp\/v2\/media\/1908"}],"wp:attachment":[{"href":"https:\/\/www.danubia.com\/hu\/wp-json\/wp\/v2\/media?parent=1875"}],"wp:term":[{"taxonomy":"category","embeddable":true,"href":"https:\/\/www.danubia.com\/hu\/wp-json\/wp\/v2\/categories?post=1875"},{"taxonomy":"post_tag","embeddable":true,"href":"https:\/\/www.danubia.com\/hu\/wp-json\/wp\/v2\/tags?post=1875"}],"curies":[{"name":"wp","href":"https:\/\/api.w.org\/{rel}","templated":true}]}}