{"id":1883,"date":"2005-02-11T16:41:11","date_gmt":"2005-02-11T16:41:11","guid":{"rendered":"https:\/\/www.danubia.com\/?p=1883"},"modified":"2019-10-11T16:41:41","modified_gmt":"2019-10-11T16:41:41","slug":"az-europai-szabadalmi-hivatal-fellebbezesi-tanacsanak-dontese-az-onkoeger-ugyben","status":"publish","type":"post","link":"https:\/\/www.danubia.com\/hu\/uncategorized-hu\/az-europai-szabadalmi-hivatal-fellebbezesi-tanacsanak-dontese-az-onkoeger-ugyben\/","title":{"rendered":"Az eur\u00f3pai szabadalmi hivatal fellebbez\u00e9si tan\u00e1cs\u00e1nak d\u00f6nt\u00e9se az \u201eonkoeg\u00e9r\u201d \u00fcgyben"},"content":{"rendered":"<p>Az Eur\u00f3pai Szabadalmi Hivatal (ESzH) 3.3.8. sz. M\u0171szaki Fellebbez\u00e9si Tan\u00e1cs\u00e1nak 2004. j\u00falius 6-\u00e1n hozott, T 315\/03 sz. d\u00f6nt\u00e9se m\u00f3dos\u00edtott form\u00e1ban fenntartotta a transzgenikus, vagyis genetikai \u00e1llom\u00e1ny\u00e1ban idegen g\u00e9nt tartalmaz\u00f3 eg\u00e9rre vonatkoz\u00f3, 169 672 sz. eur\u00f3pai szabadalmat. A d\u00f6nt\u00e9st 2005 \u00e1prilis\u00e1ban hozt\u00e1k nyilv\u00e1noss\u00e1gra.<\/p>\n<p>Iparjogv\u00e9delmi Szemle, 110\/IV, 21 (2005)<\/p>\n<p><a href=\"https:\/\/www.danubia.com\/wp-content\/uploads\/2019\/10\/2005_palagyi_eszh.fel_.tanacs.pdf\">A teljes cikk<\/a><\/p>\n","protected":false},"excerpt":{"rendered":"<p>Az Eur\u00f3pai Szabadalmi Hivatal (ESzH) 3.3.8. sz. M\u0171szaki Fellebbez\u00e9si Tan\u00e1cs\u00e1nak 2004. j\u00falius 6-\u00e1n hozott, T 315\/03 sz. d\u00f6nt\u00e9se m\u00f3dos\u00edtott form\u00e1ban fenntartotta a transzgenikus, vagyis genetikai \u00e1llom\u00e1ny\u00e1ban idegen g\u00e9nt tartalmaz\u00f3 eg\u00e9rre vonatkoz\u00f3, 169 672 sz. eur\u00f3pai szabadalmat.<\/p>\n","protected":false},"author":1,"featured_media":1929,"comment_status":"closed","ping_status":"closed","sticky":false,"template":"","format":"standard","meta":{"_et_pb_use_builder":"","_et_pb_old_content":"","_et_gb_content_width":"","footnotes":""},"categories":[1],"tags":[],"class_list":["post-1883","post","type-post","status-publish","format-standard","has-post-thumbnail","hentry","category-uncategorized-hu"],"yoast_head":"<!-- This site is optimized with the Yoast SEO plugin v27.3 - https:\/\/yoast.com\/product\/yoast-seo-wordpress\/ -->\n<title>Az eur\u00f3pai szabadalmi hivatal fellebbez\u00e9si tan\u00e1cs\u00e1nak d\u00f6nt\u00e9se az \u201eonkoeg\u00e9r\u201d \u00fcgyben - Danubia<\/title>\n<meta name=\"robots\" content=\"index, follow, max-snippet:-1, max-image-preview:large, max-video-preview:-1\" \/>\n<link rel=\"canonical\" href=\"https:\/\/www.danubia.com\/hu\/uncategorized-hu\/az-europai-szabadalmi-hivatal-fellebbezesi-tanacsanak-dontese-az-onkoeger-ugyben\/\" \/>\n<meta property=\"og:locale\" content=\"hu_HU\" \/>\n<meta property=\"og:type\" content=\"article\" \/>\n<meta property=\"og:title\" content=\"Az eur\u00f3pai szabadalmi hivatal fellebbez\u00e9si tan\u00e1cs\u00e1nak d\u00f6nt\u00e9se az \u201eonkoeg\u00e9r\u201d \u00fcgyben - Danubia\" \/>\n<meta property=\"og:description\" content=\"Az Eur\u00f3pai Szabadalmi Hivatal (ESzH) 3.3.8. sz. M\u0171szaki Fellebbez\u00e9si Tan\u00e1cs\u00e1nak 2004. j\u00falius 6-\u00e1n hozott, T 315\/03 sz. d\u00f6nt\u00e9se m\u00f3dos\u00edtott form\u00e1ban fenntartotta a transzgenikus, vagyis genetikai \u00e1llom\u00e1ny\u00e1ban idegen g\u00e9nt tartalmaz\u00f3 eg\u00e9rre vonatkoz\u00f3, 169 672 sz. eur\u00f3pai szabadalmat.\" \/>\n<meta property=\"og:url\" content=\"https:\/\/www.danubia.com\/hu\/uncategorized-hu\/az-europai-szabadalmi-hivatal-fellebbezesi-tanacsanak-dontese-az-onkoeger-ugyben\/\" \/>\n<meta property=\"og:site_name\" content=\"Danubia\" \/>\n<meta property=\"article:published_time\" content=\"2005-02-11T16:41:11+00:00\" \/>\n<meta property=\"article:modified_time\" content=\"2019-10-11T16:41:41+00:00\" \/>\n<meta property=\"og:image\" content=\"https:\/\/www.danubia.com\/wp-content\/uploads\/2019\/10\/onkoeger-fellebezes-szabadalmi-hivatal.jpg\" \/>\n\t<meta property=\"og:image:width\" content=\"900\" \/>\n\t<meta property=\"og:image:height\" content=\"500\" \/>\n\t<meta property=\"og:image:type\" content=\"image\/jpeg\" \/>\n<meta name=\"author\" content=\"Danubia Szabadalmi \u00e9s Jogi Iroda\" \/>\n<meta name=\"twitter:card\" content=\"summary_large_image\" \/>\n<meta name=\"twitter:label1\" content=\"Szerz\u0151:\" \/>\n\t<meta name=\"twitter:data1\" content=\"Danubia Szabadalmi \u00e9s Jogi Iroda\" \/>\n<script type=\"application\/ld+json\" class=\"yoast-schema-graph\">{\"@context\":\"https:\\\/\\\/schema.org\",\"@graph\":[{\"@type\":\"Article\",\"@id\":\"https:\\\/\\\/www.danubia.com\\\/hu\\\/uncategorized-hu\\\/az-europai-szabadalmi-hivatal-fellebbezesi-tanacsanak-dontese-az-onkoeger-ugyben\\\/#article\",\"isPartOf\":{\"@id\":\"https:\\\/\\\/www.danubia.com\\\/hu\\\/uncategorized-hu\\\/az-europai-szabadalmi-hivatal-fellebbezesi-tanacsanak-dontese-az-onkoeger-ugyben\\\/\"},\"author\":{\"name\":\"Danubia Szabadalmi \u00e9s Jogi Iroda\",\"@id\":\"https:\\\/\\\/www.danubia.com\\\/#\\\/schema\\\/person\\\/c3a081c566cce5d38b32c31f3bf569b8\"},\"headline\":\"Az eur\u00f3pai szabadalmi hivatal fellebbez\u00e9si tan\u00e1cs\u00e1nak d\u00f6nt\u00e9se az \u201eonkoeg\u00e9r\u201d \u00fcgyben\",\"datePublished\":\"2005-02-11T16:41:11+00:00\",\"dateModified\":\"2019-10-11T16:41:41+00:00\",\"mainEntityOfPage\":{\"@id\":\"https:\\\/\\\/www.danubia.com\\\/hu\\\/uncategorized-hu\\\/az-europai-szabadalmi-hivatal-fellebbezesi-tanacsanak-dontese-az-onkoeger-ugyben\\\/\"},\"wordCount\":83,\"image\":{\"@id\":\"https:\\\/\\\/www.danubia.com\\\/hu\\\/uncategorized-hu\\\/az-europai-szabadalmi-hivatal-fellebbezesi-tanacsanak-dontese-az-onkoeger-ugyben\\\/#primaryimage\"},\"thumbnailUrl\":\"https:\\\/\\\/www.danubia.com\\\/wp-content\\\/uploads\\\/2019\\\/10\\\/onkoeger-fellebezes-szabadalmi-hivatal.jpg\",\"articleSection\":[\"Uncategorized @hu\"],\"inLanguage\":\"hu\"},{\"@type\":\"WebPage\",\"@id\":\"https:\\\/\\\/www.danubia.com\\\/hu\\\/uncategorized-hu\\\/az-europai-szabadalmi-hivatal-fellebbezesi-tanacsanak-dontese-az-onkoeger-ugyben\\\/\",\"url\":\"https:\\\/\\\/www.danubia.com\\\/hu\\\/uncategorized-hu\\\/az-europai-szabadalmi-hivatal-fellebbezesi-tanacsanak-dontese-az-onkoeger-ugyben\\\/\",\"name\":\"Az eur\u00f3pai szabadalmi hivatal fellebbez\u00e9si tan\u00e1cs\u00e1nak d\u00f6nt\u00e9se az \u201eonkoeg\u00e9r\u201d \u00fcgyben - Danubia\",\"isPartOf\":{\"@id\":\"https:\\\/\\\/www.danubia.com\\\/#website\"},\"primaryImageOfPage\":{\"@id\":\"https:\\\/\\\/www.danubia.com\\\/hu\\\/uncategorized-hu\\\/az-europai-szabadalmi-hivatal-fellebbezesi-tanacsanak-dontese-az-onkoeger-ugyben\\\/#primaryimage\"},\"image\":{\"@id\":\"https:\\\/\\\/www.danubia.com\\\/hu\\\/uncategorized-hu\\\/az-europai-szabadalmi-hivatal-fellebbezesi-tanacsanak-dontese-az-onkoeger-ugyben\\\/#primaryimage\"},\"thumbnailUrl\":\"https:\\\/\\\/www.danubia.com\\\/wp-content\\\/uploads\\\/2019\\\/10\\\/onkoeger-fellebezes-szabadalmi-hivatal.jpg\",\"datePublished\":\"2005-02-11T16:41:11+00:00\",\"dateModified\":\"2019-10-11T16:41:41+00:00\",\"author\":{\"@id\":\"https:\\\/\\\/www.danubia.com\\\/#\\\/schema\\\/person\\\/c3a081c566cce5d38b32c31f3bf569b8\"},\"breadcrumb\":{\"@id\":\"https:\\\/\\\/www.danubia.com\\\/hu\\\/uncategorized-hu\\\/az-europai-szabadalmi-hivatal-fellebbezesi-tanacsanak-dontese-az-onkoeger-ugyben\\\/#breadcrumb\"},\"inLanguage\":\"hu\",\"potentialAction\":[{\"@type\":\"ReadAction\",\"target\":[\"https:\\\/\\\/www.danubia.com\\\/hu\\\/uncategorized-hu\\\/az-europai-szabadalmi-hivatal-fellebbezesi-tanacsanak-dontese-az-onkoeger-ugyben\\\/\"]}]},{\"@type\":\"ImageObject\",\"inLanguage\":\"hu\",\"@id\":\"https:\\\/\\\/www.danubia.com\\\/hu\\\/uncategorized-hu\\\/az-europai-szabadalmi-hivatal-fellebbezesi-tanacsanak-dontese-az-onkoeger-ugyben\\\/#primaryimage\",\"url\":\"https:\\\/\\\/www.danubia.com\\\/wp-content\\\/uploads\\\/2019\\\/10\\\/onkoeger-fellebezes-szabadalmi-hivatal.jpg\",\"contentUrl\":\"https:\\\/\\\/www.danubia.com\\\/wp-content\\\/uploads\\\/2019\\\/10\\\/onkoeger-fellebezes-szabadalmi-hivatal.jpg\",\"width\":900,\"height\":500},{\"@type\":\"BreadcrumbList\",\"@id\":\"https:\\\/\\\/www.danubia.com\\\/hu\\\/uncategorized-hu\\\/az-europai-szabadalmi-hivatal-fellebbezesi-tanacsanak-dontese-az-onkoeger-ugyben\\\/#breadcrumb\",\"itemListElement\":[{\"@type\":\"ListItem\",\"position\":1,\"name\":\"Home\",\"item\":\"https:\\\/\\\/www.danubia.com\\\/hu\\\/\"},{\"@type\":\"ListItem\",\"position\":2,\"name\":\"Az eur\u00f3pai szabadalmi hivatal fellebbez\u00e9si tan\u00e1cs\u00e1nak d\u00f6nt\u00e9se az \u201eonkoeg\u00e9r\u201d \u00fcgyben\"}]},{\"@type\":\"WebSite\",\"@id\":\"https:\\\/\\\/www.danubia.com\\\/#website\",\"url\":\"https:\\\/\\\/www.danubia.com\\\/\",\"name\":\"Danubia\",\"description\":\"\",\"potentialAction\":[{\"@type\":\"SearchAction\",\"target\":{\"@type\":\"EntryPoint\",\"urlTemplate\":\"https:\\\/\\\/www.danubia.com\\\/?s={search_term_string}\"},\"query-input\":{\"@type\":\"PropertyValueSpecification\",\"valueRequired\":true,\"valueName\":\"search_term_string\"}}],\"inLanguage\":\"hu\"},{\"@type\":\"Person\",\"@id\":\"https:\\\/\\\/www.danubia.com\\\/#\\\/schema\\\/person\\\/c3a081c566cce5d38b32c31f3bf569b8\",\"name\":\"Danubia Szabadalmi \u00e9s Jogi Iroda\",\"image\":{\"@type\":\"ImageObject\",\"inLanguage\":\"hu\",\"@id\":\"https:\\\/\\\/secure.gravatar.com\\\/avatar\\\/347a905c0860aaf34650db19625beeb4cfc4347b5df0d66ef80381817b31b53c?s=96&r=g\",\"url\":\"https:\\\/\\\/secure.gravatar.com\\\/avatar\\\/347a905c0860aaf34650db19625beeb4cfc4347b5df0d66ef80381817b31b53c?s=96&r=g\",\"contentUrl\":\"https:\\\/\\\/secure.gravatar.com\\\/avatar\\\/347a905c0860aaf34650db19625beeb4cfc4347b5df0d66ef80381817b31b53c?s=96&r=g\",\"caption\":\"Danubia Szabadalmi \u00e9s Jogi Iroda\"}}]}<\/script>\n<!-- \/ Yoast SEO plugin. -->","yoast_head_json":{"title":"Az eur\u00f3pai szabadalmi hivatal fellebbez\u00e9si tan\u00e1cs\u00e1nak d\u00f6nt\u00e9se az \u201eonkoeg\u00e9r\u201d \u00fcgyben - Danubia","robots":{"index":"index","follow":"follow","max-snippet":"max-snippet:-1","max-image-preview":"max-image-preview:large","max-video-preview":"max-video-preview:-1"},"canonical":"https:\/\/www.danubia.com\/hu\/uncategorized-hu\/az-europai-szabadalmi-hivatal-fellebbezesi-tanacsanak-dontese-az-onkoeger-ugyben\/","og_locale":"hu_HU","og_type":"article","og_title":"Az eur\u00f3pai szabadalmi hivatal fellebbez\u00e9si tan\u00e1cs\u00e1nak d\u00f6nt\u00e9se az \u201eonkoeg\u00e9r\u201d \u00fcgyben - Danubia","og_description":"Az Eur\u00f3pai Szabadalmi Hivatal (ESzH) 3.3.8. sz. M\u0171szaki Fellebbez\u00e9si Tan\u00e1cs\u00e1nak 2004. j\u00falius 6-\u00e1n hozott, T 315\/03 sz. d\u00f6nt\u00e9se m\u00f3dos\u00edtott form\u00e1ban fenntartotta a transzgenikus, vagyis genetikai \u00e1llom\u00e1ny\u00e1ban idegen g\u00e9nt tartalmaz\u00f3 eg\u00e9rre vonatkoz\u00f3, 169 672 sz. eur\u00f3pai szabadalmat.","og_url":"https:\/\/www.danubia.com\/hu\/uncategorized-hu\/az-europai-szabadalmi-hivatal-fellebbezesi-tanacsanak-dontese-az-onkoeger-ugyben\/","og_site_name":"Danubia","article_published_time":"2005-02-11T16:41:11+00:00","article_modified_time":"2019-10-11T16:41:41+00:00","og_image":[{"width":900,"height":500,"url":"https:\/\/www.danubia.com\/wp-content\/uploads\/2019\/10\/onkoeger-fellebezes-szabadalmi-hivatal.jpg","type":"image\/jpeg"}],"author":"Danubia Szabadalmi \u00e9s Jogi Iroda","twitter_card":"summary_large_image","twitter_misc":{"Szerz\u0151:":"Danubia Szabadalmi \u00e9s Jogi Iroda"},"schema":{"@context":"https:\/\/schema.org","@graph":[{"@type":"Article","@id":"https:\/\/www.danubia.com\/hu\/uncategorized-hu\/az-europai-szabadalmi-hivatal-fellebbezesi-tanacsanak-dontese-az-onkoeger-ugyben\/#article","isPartOf":{"@id":"https:\/\/www.danubia.com\/hu\/uncategorized-hu\/az-europai-szabadalmi-hivatal-fellebbezesi-tanacsanak-dontese-az-onkoeger-ugyben\/"},"author":{"name":"Danubia Szabadalmi \u00e9s Jogi Iroda","@id":"https:\/\/www.danubia.com\/#\/schema\/person\/c3a081c566cce5d38b32c31f3bf569b8"},"headline":"Az eur\u00f3pai szabadalmi hivatal fellebbez\u00e9si tan\u00e1cs\u00e1nak d\u00f6nt\u00e9se az \u201eonkoeg\u00e9r\u201d \u00fcgyben","datePublished":"2005-02-11T16:41:11+00:00","dateModified":"2019-10-11T16:41:41+00:00","mainEntityOfPage":{"@id":"https:\/\/www.danubia.com\/hu\/uncategorized-hu\/az-europai-szabadalmi-hivatal-fellebbezesi-tanacsanak-dontese-az-onkoeger-ugyben\/"},"wordCount":83,"image":{"@id":"https:\/\/www.danubia.com\/hu\/uncategorized-hu\/az-europai-szabadalmi-hivatal-fellebbezesi-tanacsanak-dontese-az-onkoeger-ugyben\/#primaryimage"},"thumbnailUrl":"https:\/\/www.danubia.com\/wp-content\/uploads\/2019\/10\/onkoeger-fellebezes-szabadalmi-hivatal.jpg","articleSection":["Uncategorized @hu"],"inLanguage":"hu"},{"@type":"WebPage","@id":"https:\/\/www.danubia.com\/hu\/uncategorized-hu\/az-europai-szabadalmi-hivatal-fellebbezesi-tanacsanak-dontese-az-onkoeger-ugyben\/","url":"https:\/\/www.danubia.com\/hu\/uncategorized-hu\/az-europai-szabadalmi-hivatal-fellebbezesi-tanacsanak-dontese-az-onkoeger-ugyben\/","name":"Az eur\u00f3pai szabadalmi hivatal fellebbez\u00e9si tan\u00e1cs\u00e1nak d\u00f6nt\u00e9se az \u201eonkoeg\u00e9r\u201d \u00fcgyben - Danubia","isPartOf":{"@id":"https:\/\/www.danubia.com\/#website"},"primaryImageOfPage":{"@id":"https:\/\/www.danubia.com\/hu\/uncategorized-hu\/az-europai-szabadalmi-hivatal-fellebbezesi-tanacsanak-dontese-az-onkoeger-ugyben\/#primaryimage"},"image":{"@id":"https:\/\/www.danubia.com\/hu\/uncategorized-hu\/az-europai-szabadalmi-hivatal-fellebbezesi-tanacsanak-dontese-az-onkoeger-ugyben\/#primaryimage"},"thumbnailUrl":"https:\/\/www.danubia.com\/wp-content\/uploads\/2019\/10\/onkoeger-fellebezes-szabadalmi-hivatal.jpg","datePublished":"2005-02-11T16:41:11+00:00","dateModified":"2019-10-11T16:41:41+00:00","author":{"@id":"https:\/\/www.danubia.com\/#\/schema\/person\/c3a081c566cce5d38b32c31f3bf569b8"},"breadcrumb":{"@id":"https:\/\/www.danubia.com\/hu\/uncategorized-hu\/az-europai-szabadalmi-hivatal-fellebbezesi-tanacsanak-dontese-az-onkoeger-ugyben\/#breadcrumb"},"inLanguage":"hu","potentialAction":[{"@type":"ReadAction","target":["https:\/\/www.danubia.com\/hu\/uncategorized-hu\/az-europai-szabadalmi-hivatal-fellebbezesi-tanacsanak-dontese-az-onkoeger-ugyben\/"]}]},{"@type":"ImageObject","inLanguage":"hu","@id":"https:\/\/www.danubia.com\/hu\/uncategorized-hu\/az-europai-szabadalmi-hivatal-fellebbezesi-tanacsanak-dontese-az-onkoeger-ugyben\/#primaryimage","url":"https:\/\/www.danubia.com\/wp-content\/uploads\/2019\/10\/onkoeger-fellebezes-szabadalmi-hivatal.jpg","contentUrl":"https:\/\/www.danubia.com\/wp-content\/uploads\/2019\/10\/onkoeger-fellebezes-szabadalmi-hivatal.jpg","width":900,"height":500},{"@type":"BreadcrumbList","@id":"https:\/\/www.danubia.com\/hu\/uncategorized-hu\/az-europai-szabadalmi-hivatal-fellebbezesi-tanacsanak-dontese-az-onkoeger-ugyben\/#breadcrumb","itemListElement":[{"@type":"ListItem","position":1,"name":"Home","item":"https:\/\/www.danubia.com\/hu\/"},{"@type":"ListItem","position":2,"name":"Az eur\u00f3pai szabadalmi hivatal fellebbez\u00e9si tan\u00e1cs\u00e1nak d\u00f6nt\u00e9se az \u201eonkoeg\u00e9r\u201d \u00fcgyben"}]},{"@type":"WebSite","@id":"https:\/\/www.danubia.com\/#website","url":"https:\/\/www.danubia.com\/","name":"Danubia","description":"","potentialAction":[{"@type":"SearchAction","target":{"@type":"EntryPoint","urlTemplate":"https:\/\/www.danubia.com\/?s={search_term_string}"},"query-input":{"@type":"PropertyValueSpecification","valueRequired":true,"valueName":"search_term_string"}}],"inLanguage":"hu"},{"@type":"Person","@id":"https:\/\/www.danubia.com\/#\/schema\/person\/c3a081c566cce5d38b32c31f3bf569b8","name":"Danubia Szabadalmi \u00e9s Jogi Iroda","image":{"@type":"ImageObject","inLanguage":"hu","@id":"https:\/\/secure.gravatar.com\/avatar\/347a905c0860aaf34650db19625beeb4cfc4347b5df0d66ef80381817b31b53c?s=96&r=g","url":"https:\/\/secure.gravatar.com\/avatar\/347a905c0860aaf34650db19625beeb4cfc4347b5df0d66ef80381817b31b53c?s=96&r=g","contentUrl":"https:\/\/secure.gravatar.com\/avatar\/347a905c0860aaf34650db19625beeb4cfc4347b5df0d66ef80381817b31b53c?s=96&r=g","caption":"Danubia Szabadalmi \u00e9s Jogi Iroda"}}]}},"_links":{"self":[{"href":"https:\/\/www.danubia.com\/hu\/wp-json\/wp\/v2\/posts\/1883","targetHints":{"allow":["GET"]}}],"collection":[{"href":"https:\/\/www.danubia.com\/hu\/wp-json\/wp\/v2\/posts"}],"about":[{"href":"https:\/\/www.danubia.com\/hu\/wp-json\/wp\/v2\/types\/post"}],"author":[{"embeddable":true,"href":"https:\/\/www.danubia.com\/hu\/wp-json\/wp\/v2\/users\/1"}],"replies":[{"embeddable":true,"href":"https:\/\/www.danubia.com\/hu\/wp-json\/wp\/v2\/comments?post=1883"}],"version-history":[{"count":2,"href":"https:\/\/www.danubia.com\/hu\/wp-json\/wp\/v2\/posts\/1883\/revisions"}],"predecessor-version":[{"id":1931,"href":"https:\/\/www.danubia.com\/hu\/wp-json\/wp\/v2\/posts\/1883\/revisions\/1931"}],"wp:featuredmedia":[{"embeddable":true,"href":"https:\/\/www.danubia.com\/hu\/wp-json\/wp\/v2\/media\/1929"}],"wp:attachment":[{"href":"https:\/\/www.danubia.com\/hu\/wp-json\/wp\/v2\/media?parent=1883"}],"wp:term":[{"taxonomy":"category","embeddable":true,"href":"https:\/\/www.danubia.com\/hu\/wp-json\/wp\/v2\/categories?post=1883"},{"taxonomy":"post_tag","embeddable":true,"href":"https:\/\/www.danubia.com\/hu\/wp-json\/wp\/v2\/tags?post=1883"}],"curies":[{"name":"wp","href":"https:\/\/api.w.org\/{rel}","templated":true}]}}