{"id":3635,"date":"2020-02-04T14:46:55","date_gmt":"2020-02-04T14:46:55","guid":{"rendered":"https:\/\/www.danubia.com\/?p=3635"},"modified":"2020-02-04T14:52:02","modified_gmt":"2020-02-04T14:52:02","slug":"meg-a-mastercardnak-is-lehet-vedjegyproblemaja","status":"publish","type":"post","link":"https:\/\/www.danubia.com\/hu\/vedjegy\/meg-a-mastercardnak-is-lehet-vedjegyproblemaja\/","title":{"rendered":"M\u00e9g a Mastercardnak is lehet v\u00e9djegyprobl\u00e9m\u00e1ja"},"content":{"rendered":"<p>V\u00e9dett-e a Mastercard piros-s\u00e1rga sz\u00edn\u0171 k\u00f6r\u00f6kb\u0151l \u00e1ll\u00f3 j\u00f3h\u00edr\u0171 log\u00f3ja fekete-feh\u00e9r v\u00e1ltozatban is?<!--more--><\/p>\n<h4><strong>El\u0151zm\u00e9nyek<\/strong><\/h4>\n<p>A kor\u00e1bbi \u00e9vekben a lengyel Cinkciarz t\u00e1rsas\u00e1g 13 megjel\u00f6l\u00e9sre vonatkoz\u00f3an adta be <strong>eur\u00f3pai uni\u00f3s v\u00e9djegyk\u00e9nt<\/strong> t\u00f6rt\u00e9n\u0151 bejelent\u00e9si k\u00e9relm\u00e9t a Spanyolorsz\u00e1gi Alicante v\u00e1ros\u00e1ban tal\u00e1lhat\u00f3 Eur\u00f3pai Uni\u00f3 Szellemi Tulajdoni Hivatal\u00e1n\u00e1l [a tov\u00e1bbiakban: EUIPO (European Union Intellectual Property Office)]. A v\u00e9djegybejelent\u00e9si elj\u00e1r\u00e1sban a Mastercard felsz\u00f3lal\u00e1st ny\u00fajtott be mind a 13 megjel\u00f6l\u00e9s ellen. A Mastercard felsz\u00f3lal\u00e1saiban arra hivatkozott, hogy a lajstromozni k\u00edv\u00e1nt megjel\u00f6l\u00e9sek az \u00f6sszet\u00e9veszthet\u0151s\u00e9gig hasonl\u00f3ak a Mastercard-nak az azonos \u00e1ruk \u00e9s szolg\u00e1ltat\u00e1sok tekintet\u00e9ben regisztr\u00e1lt kor\u00e1bbi v\u00e9djegyeihez. A felsz\u00f3lal\u00e1sokat az EUIPO 12 esetben alaptalannak min\u0151s\u00edtette \u00e9s elutas\u00edtotta, egy tov\u00e1bbi elj\u00e1r\u00e1st pedig felf\u00fcggesztett.<\/p>\n<p>V\u00e1laszul a Mastercard offenz\u00edv magatart\u00e1s\u00e1ra a Cinkciarz k\u00e9t t\u00f6rl\u00e9s ir\u00e1nti k\u00e9relmet ny\u00fajtott be az EUIPO-hoz, melyek jogalapjak\u00e9nt pedig a megk\u00fcl\u00f6nb\u00f6ztet\u0151 k\u00e9pess\u00e9g hi\u00e1ny\u00e1t jel\u00f6lte meg. A t\u00f6rl\u00e9s ir\u00e1nti elj\u00e1r\u00e1ssal \u00e9rintett Mastercard \u00e1br\u00e1s v\u00e9djegyek \u2013 az al\u00e1bb l\u00e1that\u00f3 m\u00f3don \u2013 k\u00e9t fekete-feh\u00e9r, egym\u00e1st \u00e1tfed\u0151 k\u00f6r\u00f6kb\u0151l \u00e1llnak:<\/p>\n<p><img loading=\"lazy\" decoding=\"async\" class=\"aligncenter wp-image-3640 size-full\" src=\"https:\/\/www.danubia.com\/wp-content\/uploads\/2020\/02\/mastercard-danubia.jpg\" alt=\"\" width=\"856\" height=\"245\" srcset=\"https:\/\/www.danubia.com\/wp-content\/uploads\/2020\/02\/mastercard-danubia.jpg 856w, https:\/\/www.danubia.com\/wp-content\/uploads\/2020\/02\/mastercard-danubia-480x137.jpg 480w\" sizes=\"(min-width: 0px) and (max-width: 480px) 480px, (min-width: 481px) 856px, 100vw\" \/><\/p>\n<h4><strong>A v\u00e9delem kiterjeszt\u00e9se<\/strong><\/h4>\n<p>A Mastercard v\u00e1lasz\u00e1ban el\u0151adta, hogy az\u00e9rt lajstromoztatta m\u00e9g 2012. \u00e9vben Eur\u00f3pai Uni\u00f3s szinten a fenti v\u00e9djegyeket, mert \u2013 b\u00e1rmilyen sz\u00edn\u0171ek is legyenek a fenti m\u00f3don elhelyezett k\u00f6r\u00f6k \u2013 ki k\u00edv\u00e1nta terjeszteni azt az oltalmat, amelyet a j\u00f3l ismert, piros-s\u00e1rga sz\u00edn\u0171 egym\u00e1st \u00e1tfed\u0151 k\u00f6r\u00f6kb\u0151l \u00e1ll\u00f3 v\u00e9djegyei \u00e9lveznek. A Mastercard ezzel teh\u00e1t azt k\u00edv\u00e1nta el\u00e9rni, hogy b\u00e1rmilyen sz\u00edn\u0171, a fenti m\u00e9rt\u00e9kben egym\u00e1st \u00e1tfed\u0151 k\u00f6r\u00f6k v\u00e9djegyk\u00e9nt t\u00f6rt\u00e9n\u0151 bejegyz\u00e9se ellen sikerrel fell\u00e9phessen, hasonl\u00f3\u00a0 \u00e1ruk \u00e9s szolg\u00e1ltat\u00e1sok eset\u00e9n.<\/p>\n<p>A Cinkciarz azonban nem \u00e9rtett egyet az oltalom kiterjeszt\u00e9s\u00e9vel: mivel az \u0151 log\u00f3ja szint\u00e9n k\u00e9t egym\u00e1st \u00e1tfed\u0151 fekete-feh\u00e9r k\u00f6rb\u0151l \u00e1ll, att\u00f3l tartott, hogy saj\u00e1t log\u00f3ja a Mastercard v\u00e9djegyoltalma kiterjeszt\u00e9s\u00e9nek \u00e1ldozat\u00e1ul fog esni. A fenti el\u0151zm\u00e9nyek \u00e9s a Mastercard v\u00e9djegyoltalom-kiterjeszt\u0151 politik\u00e1ja vezettek a t\u00f6rl\u00e9s ir\u00e1nti k\u00e9relmek beny\u00fajt\u00e1s\u00e1ra.<\/p>\n<p>A Cinkciarz t\u00f6bbek k\u00f6z\u00f6tt azzal \u00e9rvelt, hogy nem lett volna szabad monop\u00f3liumot biztos\u00edtani a Mastercard r\u00e9sz\u00e9re a k\u00e9t egym\u00e1st \u00e1tfed\u0151 k\u00f6r haszn\u00e1lata felett, tov\u00e1bb\u00e1 a Mastercard r\u00e9sz\u00e9re sosem lett volna szabad enged\u00e9lyezni a fenti megjel\u00f6l\u00e9sek lajstromoz\u00e1s\u00e1t, mivel azok megjelen\u00e9s\u00fckben t\u00fal egyszer\u0171ek, \u00e1ltal\u00e1nosak \u00e9s megk\u00fcl\u00f6nb\u00f6ztet\u0151 k\u00e9pess\u00e9g\u00fck pedig nincsen. A Cinkciarz szerint a Mastercard v\u00e9djegyei az \u0151 al\u00e1bbi log\u00f3ihoz hasonl\u00edtanak:<\/p>\n<p><img loading=\"lazy\" decoding=\"async\" class=\"wp-image-3642 size-full aligncenter\" src=\"https:\/\/www.danubia.com\/wp-content\/uploads\/2020\/02\/v\u00e9dejegy-danubia.jpg\" alt=\"\" width=\"791\" height=\"233\" srcset=\"https:\/\/www.danubia.com\/wp-content\/uploads\/2020\/02\/v\u00e9dejegy-danubia.jpg 791w, https:\/\/www.danubia.com\/wp-content\/uploads\/2020\/02\/v\u00e9dejegy-danubia-300x88.jpg 300w, https:\/\/www.danubia.com\/wp-content\/uploads\/2020\/02\/v\u00e9dejegy-danubia-768x226.jpg 768w, https:\/\/www.danubia.com\/wp-content\/uploads\/2020\/02\/v\u00e9dejegy-danubia-480x141.jpg 480w\" sizes=\"(max-width: 791px) 100vw, 791px\" \/><\/p>\n<h4><strong>Tem\u00e9rdek bizony\u00edt\u00e9k, relevancia n\u00e9lk\u00fcl<\/strong><\/h4>\n<p>A Mastercard szerint a v\u00e9djegyei 1969. \u00f3ta t\u00f6bb mint 2,3 milli\u00e1rd darab, bank, hitel vagy egy\u00e9b t\u00edpus\u00fa k\u00e1rty\u00e1n jelentek meg vil\u00e1gszerte. Az ez\u00e1ltal megszerzett megk\u00fcl\u00f6nb\u00f6ztet\u0151 k\u00e9pess\u00e9g\u00e9vel el\u00e9rte, hogy a k\u00e9t egybees\u0151 k\u00f6rr\u0151l az emberek minden k\u00f6r\u00fclm\u00e9nyek k\u00f6z\u00f6tt a Mastercard v\u00e9djegy\u00e9t ismerj\u00e9k fel a hitel- \u00e9s bankk\u00e1rty\u00e1k, illetve a p\u00e9nz\u00fcgyi szolg\u00e1ltat\u00e1sok ter\u00fclet\u00e9n.<\/p>\n<p>Annak \u00e9rdek\u00e9ben, hogy az EUIPO-t a fekete-feh\u00e9r k\u00f6r\u00f6k szerzett megk\u00fcl\u00f6nb\u00f6ztet\u0151 k\u00e9pess\u00e9g\u00e9r\u0151l meggy\u0151zze, a Mastercard hatalmas mennyis\u00e9g\u0171 bizony\u00edt\u00e9kot szolg\u00e1ltatott a Hivatal r\u00e9sz\u00e9re, mely azonban v\u00e9g\u00fcl eredm\u00e9nytelennek bizonyult. B\u00e1r a Mastercard tem\u00e9rdek log\u00f3val ell\u00e1tott term\u00e9kr\u0151l szolg\u00e1ltatott bizony\u00edt\u00e9kot, egyik sem tartalmazott a fekete-feh\u00e9r v\u00e9djegyeinek haszn\u00e1lat\u00e1r\u00f3l \u00e9rdemi bizony\u00edt\u00e9kot. Enn\u00e9l fogva az EUIPO \u2013 miut\u00e1n feldolgozta az irrelev\u00e1nsnak min\u0151s\u00edtett adatmennyis\u00e9get \u2013 \u00fagy hat\u00e1rozott, hogy a Mastercard a fenti v\u00e9djegyeire nem terjesztheti ki m\u00e1r tov\u00e1bb az eml\u00edtett piros-s\u00e1rga v\u00e9djegyei \u00e1ltal \u00e9lvezett oltalmat: azaz a fekete-feh\u00e9r v\u00e9djegyek t\u00f6rl\u00e9sre ker\u00fcltek.<\/p>\n<h4><strong>V\u00e9lem\u00e9ny\u00fcnk<\/strong><\/h4>\n<p>A fenti d\u00f6nt\u00e9sek ellen\u00e9re a Mastercard t\u00e1rsas\u00e1g sz\u00e1mos egy\u00e9b v\u00e9djegye alapj\u00e1n tov\u00e1bbra is sikerrel fell\u00e9phet m\u00e1sok ellen, akik olyan megjel\u00f6l\u00e9st pr\u00f3b\u00e1lnak v\u00e9djegyoltalom al\u00e1 helyezni vagy olyan megjel\u00f6l\u00e9st haszn\u00e1lnak, amelyet a fogyaszt\u00f3k \u00f6sszet\u00e9veszthetnek az \u0151 kor\u00e1bbi v\u00e9djegyeivel, vagy amelyek a kor\u00e1bbi j\u00f3h\u00edr\u0171 v\u00e9djegyei megk\u00fcl\u00f6nb\u00f6ztet\u0151 k\u00e9pess\u00e9g\u00e9t vagy h\u00edrnev\u00e9t s\u00e9rten\u00e9k vagy tisztess\u00e9gtelen\u00fcl kihaszn\u00e1lj\u00e1k.<\/p>\n<p>Ahogyan azt az el\u0151z\u0151 \u2013 a <a href=\"https:\/\/www.danubia.com\/hu\/vedjegy\/mi-tortent-pontosan-a-mcdonalds-hires-big-mac-vedjegyevel\/\">McDonald\u2019s Big Mac<\/a> \u00e9s <a href=\"https:\/\/www.danubia.com\/hu\/vedjegy\/mckerdojelezodott-a-mcdonalds-vedjegyeinek-egyeduralma\/\">Mc el\u0151tag<\/a> sz\u00f3v\u00e9djegyeinek elveszt\u00e9s\u00e9r\u0151l sz\u00f3l\u00f3 \u2013 cikkeinkben is le\u00edrtuk, ez a d\u00f6nt\u00e9s j\u00f3l is t\u00fckr\u00f6zi, hogy a v\u00e9djegyhivatalok nem hagyhatj\u00e1k, hogy egyes c\u00e9gek kiz\u00e1rj\u00e1k v\u00e9djegyeikkel a versenyt\u00e1rsaikat a term\u00e9keik olyan form\u00e1ban val\u00f3 lev\u00e9det\u00e9s\u00e9nek lehet\u0151s\u00e9g\u00e9t\u0151l, amelyben \u0151k a megjel\u00f6l\u00e9seiket nem haszn\u00e1lj\u00e1k a v\u00e9djegyt\u00f6rv\u00e9ny rendelkez\u00e9seinek megfelel\u0151en. Mivel a teli fekete k\u00f6rt \u00e1br\u00e1zol\u00f3 v\u00e9djegy vonatoz\u00e1s\u00e1ban a Mastercard \u00a0az EUIPO hat\u00e1rozata ellen fellebbez\u00e9st terjesztett el\u0151, a tov\u00e1bbi d\u00f6nt\u00e9st a fellebbez\u00e9si tan\u00e1cst\u00f3l v\u00e1rhatjuk.<\/p>\n<p><img loading=\"lazy\" decoding=\"async\" class=\"alignnone size-medium wp-image-969\" src=\"https:\/\/www.danubia.com\/wp-content\/uploads\/2019\/06\/Lantos-Judit-300x300.jpg\" alt=\"\" width=\"300\" height=\"300\" srcset=\"https:\/\/www.danubia.com\/wp-content\/uploads\/2019\/06\/Lantos-Judit-300x300.jpg 300w, https:\/\/www.danubia.com\/wp-content\/uploads\/2019\/06\/Lantos-Judit-150x150.jpg 150w, https:\/\/www.danubia.com\/wp-content\/uploads\/2019\/06\/Lantos-Judit.jpg 700w\" sizes=\"(max-width: 300px) 100vw, 300px\" \/><\/p>\n<p><a href=\"https:\/\/www.danubia.com\/hu\/munkatarsaink\/dr-lantos-judit\/\">Dr. Lantos Judit\u00a0<\/a><br \/>\n\u00fcgyv\u00e9d<br \/>\npartner<\/p>\n","protected":false},"excerpt":{"rendered":"<p>V\u00e9dett-e a Mastercard piros-s\u00e1rga sz\u00edn\u0171 k\u00f6r\u00f6kb\u0151l \u00e1ll\u00f3 j\u00f3h\u00edr\u0171 log\u00f3ja fekete-feh\u00e9r v\u00e1ltozatban is?<\/p>\n","protected":false},"author":1,"featured_media":3644,"comment_status":"closed","ping_status":"closed","sticky":false,"template":"","format":"standard","meta":{"_et_pb_use_builder":"","_et_pb_old_content":"","_et_gb_content_width":"","footnotes":""},"categories":[83],"tags":[102,101,84],"class_list":["post-3635","post","type-post","status-publish","format-standard","has-post-thumbnail","hentry","category-vedjegy","tag-euipo","tag-torles","tag-vedjegy"],"yoast_head":"<!-- This site is optimized with the Yoast SEO plugin v27.3 - https:\/\/yoast.com\/product\/yoast-seo-wordpress\/ -->\n<title>M\u00e9g a Mastercardnak is lehet v\u00e9djegyprobl\u00e9m\u00e1ja - Danubia<\/title>\n<meta name=\"description\" content=\"V\u00e9dett-e a Mastercard piros-s\u00e1rga sz\u00edn\u0171 k\u00f6r\u00f6kb\u0151l \u00e1ll\u00f3 j\u00f3h\u00edr\u0171 log\u00f3ja fekete-feh\u00e9r v\u00e1ltozatban is? Kider\u00fclt, hogy nem, olvassa el mi\u00e9rt!\" \/>\n<meta name=\"robots\" content=\"index, follow, max-snippet:-1, max-image-preview:large, max-video-preview:-1\" \/>\n<link rel=\"canonical\" href=\"https:\/\/www.danubia.com\/hu\/vedjegy\/meg-a-mastercardnak-is-lehet-vedjegyproblemaja\/\" \/>\n<meta property=\"og:locale\" content=\"hu_HU\" \/>\n<meta property=\"og:type\" content=\"article\" \/>\n<meta property=\"og:title\" content=\"M\u00e9g a Mastercardnak is lehet v\u00e9djegyprobl\u00e9m\u00e1ja\" \/>\n<meta property=\"og:description\" content=\"V\u00e9dett-e a Mastercard piros-s\u00e1rga sz\u00edn\u0171 k\u00f6r\u00f6kb\u0151l \u00e1ll\u00f3 j\u00f3h\u00edr\u0171 log\u00f3ja fekete-feh\u00e9r v\u00e1ltozatban is? Kider\u00fclt, hogy nem, olvassa el mi\u00e9rt!\" \/>\n<meta property=\"og:url\" content=\"https:\/\/www.danubia.com\/hu\/vedjegy\/meg-a-mastercardnak-is-lehet-vedjegyproblemaja\/\" \/>\n<meta property=\"og:site_name\" content=\"Danubia\" \/>\n<meta property=\"article:published_time\" content=\"2020-02-04T14:46:55+00:00\" \/>\n<meta property=\"article:modified_time\" content=\"2020-02-04T14:52:02+00:00\" \/>\n<meta property=\"og:image\" content=\"https:\/\/www.danubia.com\/wp-content\/uploads\/2020\/02\/plastic-card-1647376_1280.jpg\" \/>\n\t<meta property=\"og:image:width\" content=\"1280\" \/>\n\t<meta property=\"og:image:height\" content=\"851\" \/>\n\t<meta property=\"og:image:type\" content=\"image\/jpeg\" \/>\n<meta name=\"author\" content=\"Danubia Szabadalmi \u00e9s Jogi Iroda\" \/>\n<meta name=\"twitter:card\" content=\"summary_large_image\" \/>\n<meta name=\"twitter:label1\" content=\"Szerz\u0151:\" \/>\n\t<meta name=\"twitter:data1\" content=\"Danubia Szabadalmi \u00e9s Jogi Iroda\" \/>\n\t<meta name=\"twitter:label2\" content=\"Becs\u00fclt olvas\u00e1si id\u0151\" \/>\n\t<meta name=\"twitter:data2\" content=\"5 perc\" \/>\n<script type=\"application\/ld+json\" class=\"yoast-schema-graph\">{\"@context\":\"https:\\\/\\\/schema.org\",\"@graph\":[{\"@type\":\"Article\",\"@id\":\"https:\\\/\\\/www.danubia.com\\\/hu\\\/vedjegy\\\/meg-a-mastercardnak-is-lehet-vedjegyproblemaja\\\/#article\",\"isPartOf\":{\"@id\":\"https:\\\/\\\/www.danubia.com\\\/hu\\\/vedjegy\\\/meg-a-mastercardnak-is-lehet-vedjegyproblemaja\\\/\"},\"author\":{\"name\":\"Danubia Szabadalmi \u00e9s Jogi Iroda\",\"@id\":\"https:\\\/\\\/www.danubia.com\\\/#\\\/schema\\\/person\\\/c3a081c566cce5d38b32c31f3bf569b8\"},\"headline\":\"M\u00e9g a Mastercardnak is lehet v\u00e9djegyprobl\u00e9m\u00e1ja\",\"datePublished\":\"2020-02-04T14:46:55+00:00\",\"dateModified\":\"2020-02-04T14:52:02+00:00\",\"mainEntityOfPage\":{\"@id\":\"https:\\\/\\\/www.danubia.com\\\/hu\\\/vedjegy\\\/meg-a-mastercardnak-is-lehet-vedjegyproblemaja\\\/\"},\"wordCount\":996,\"image\":{\"@id\":\"https:\\\/\\\/www.danubia.com\\\/hu\\\/vedjegy\\\/meg-a-mastercardnak-is-lehet-vedjegyproblemaja\\\/#primaryimage\"},\"thumbnailUrl\":\"https:\\\/\\\/www.danubia.com\\\/wp-content\\\/uploads\\\/2020\\\/02\\\/plastic-card-1647376_1280.jpg\",\"keywords\":[\"euipo\",\"t\u00f6rl\u00e9s\",\"v\u00e9djegy\"],\"articleSection\":[\"V\u00e9djegy\"],\"inLanguage\":\"hu\"},{\"@type\":\"WebPage\",\"@id\":\"https:\\\/\\\/www.danubia.com\\\/hu\\\/vedjegy\\\/meg-a-mastercardnak-is-lehet-vedjegyproblemaja\\\/\",\"url\":\"https:\\\/\\\/www.danubia.com\\\/hu\\\/vedjegy\\\/meg-a-mastercardnak-is-lehet-vedjegyproblemaja\\\/\",\"name\":\"M\u00e9g a Mastercardnak is lehet v\u00e9djegyprobl\u00e9m\u00e1ja - Danubia\",\"isPartOf\":{\"@id\":\"https:\\\/\\\/www.danubia.com\\\/#website\"},\"primaryImageOfPage\":{\"@id\":\"https:\\\/\\\/www.danubia.com\\\/hu\\\/vedjegy\\\/meg-a-mastercardnak-is-lehet-vedjegyproblemaja\\\/#primaryimage\"},\"image\":{\"@id\":\"https:\\\/\\\/www.danubia.com\\\/hu\\\/vedjegy\\\/meg-a-mastercardnak-is-lehet-vedjegyproblemaja\\\/#primaryimage\"},\"thumbnailUrl\":\"https:\\\/\\\/www.danubia.com\\\/wp-content\\\/uploads\\\/2020\\\/02\\\/plastic-card-1647376_1280.jpg\",\"datePublished\":\"2020-02-04T14:46:55+00:00\",\"dateModified\":\"2020-02-04T14:52:02+00:00\",\"author\":{\"@id\":\"https:\\\/\\\/www.danubia.com\\\/#\\\/schema\\\/person\\\/c3a081c566cce5d38b32c31f3bf569b8\"},\"description\":\"V\u00e9dett-e a Mastercard piros-s\u00e1rga sz\u00edn\u0171 k\u00f6r\u00f6kb\u0151l \u00e1ll\u00f3 j\u00f3h\u00edr\u0171 log\u00f3ja fekete-feh\u00e9r v\u00e1ltozatban is? Kider\u00fclt, hogy nem, olvassa el mi\u00e9rt!\",\"breadcrumb\":{\"@id\":\"https:\\\/\\\/www.danubia.com\\\/hu\\\/vedjegy\\\/meg-a-mastercardnak-is-lehet-vedjegyproblemaja\\\/#breadcrumb\"},\"inLanguage\":\"hu\",\"potentialAction\":[{\"@type\":\"ReadAction\",\"target\":[\"https:\\\/\\\/www.danubia.com\\\/hu\\\/vedjegy\\\/meg-a-mastercardnak-is-lehet-vedjegyproblemaja\\\/\"]}]},{\"@type\":\"ImageObject\",\"inLanguage\":\"hu\",\"@id\":\"https:\\\/\\\/www.danubia.com\\\/hu\\\/vedjegy\\\/meg-a-mastercardnak-is-lehet-vedjegyproblemaja\\\/#primaryimage\",\"url\":\"https:\\\/\\\/www.danubia.com\\\/wp-content\\\/uploads\\\/2020\\\/02\\\/plastic-card-1647376_1280.jpg\",\"contentUrl\":\"https:\\\/\\\/www.danubia.com\\\/wp-content\\\/uploads\\\/2020\\\/02\\\/plastic-card-1647376_1280.jpg\",\"width\":1280,\"height\":851},{\"@type\":\"BreadcrumbList\",\"@id\":\"https:\\\/\\\/www.danubia.com\\\/hu\\\/vedjegy\\\/meg-a-mastercardnak-is-lehet-vedjegyproblemaja\\\/#breadcrumb\",\"itemListElement\":[{\"@type\":\"ListItem\",\"position\":1,\"name\":\"Home\",\"item\":\"https:\\\/\\\/www.danubia.com\\\/hu\\\/\"},{\"@type\":\"ListItem\",\"position\":2,\"name\":\"M\u00e9g a Mastercardnak is lehet v\u00e9djegyprobl\u00e9m\u00e1ja\"}]},{\"@type\":\"WebSite\",\"@id\":\"https:\\\/\\\/www.danubia.com\\\/#website\",\"url\":\"https:\\\/\\\/www.danubia.com\\\/\",\"name\":\"Danubia\",\"description\":\"\",\"potentialAction\":[{\"@type\":\"SearchAction\",\"target\":{\"@type\":\"EntryPoint\",\"urlTemplate\":\"https:\\\/\\\/www.danubia.com\\\/?s={search_term_string}\"},\"query-input\":{\"@type\":\"PropertyValueSpecification\",\"valueRequired\":true,\"valueName\":\"search_term_string\"}}],\"inLanguage\":\"hu\"},{\"@type\":\"Person\",\"@id\":\"https:\\\/\\\/www.danubia.com\\\/#\\\/schema\\\/person\\\/c3a081c566cce5d38b32c31f3bf569b8\",\"name\":\"Danubia Szabadalmi \u00e9s Jogi Iroda\",\"image\":{\"@type\":\"ImageObject\",\"inLanguage\":\"hu\",\"@id\":\"https:\\\/\\\/secure.gravatar.com\\\/avatar\\\/347a905c0860aaf34650db19625beeb4cfc4347b5df0d66ef80381817b31b53c?s=96&r=g\",\"url\":\"https:\\\/\\\/secure.gravatar.com\\\/avatar\\\/347a905c0860aaf34650db19625beeb4cfc4347b5df0d66ef80381817b31b53c?s=96&r=g\",\"contentUrl\":\"https:\\\/\\\/secure.gravatar.com\\\/avatar\\\/347a905c0860aaf34650db19625beeb4cfc4347b5df0d66ef80381817b31b53c?s=96&r=g\",\"caption\":\"Danubia Szabadalmi \u00e9s Jogi Iroda\"}}]}<\/script>\n<!-- \/ Yoast SEO plugin. -->","yoast_head_json":{"title":"M\u00e9g a Mastercardnak is lehet v\u00e9djegyprobl\u00e9m\u00e1ja - Danubia","description":"V\u00e9dett-e a Mastercard piros-s\u00e1rga sz\u00edn\u0171 k\u00f6r\u00f6kb\u0151l \u00e1ll\u00f3 j\u00f3h\u00edr\u0171 log\u00f3ja fekete-feh\u00e9r v\u00e1ltozatban is? Kider\u00fclt, hogy nem, olvassa el mi\u00e9rt!","robots":{"index":"index","follow":"follow","max-snippet":"max-snippet:-1","max-image-preview":"max-image-preview:large","max-video-preview":"max-video-preview:-1"},"canonical":"https:\/\/www.danubia.com\/hu\/vedjegy\/meg-a-mastercardnak-is-lehet-vedjegyproblemaja\/","og_locale":"hu_HU","og_type":"article","og_title":"M\u00e9g a Mastercardnak is lehet v\u00e9djegyprobl\u00e9m\u00e1ja","og_description":"V\u00e9dett-e a Mastercard piros-s\u00e1rga sz\u00edn\u0171 k\u00f6r\u00f6kb\u0151l \u00e1ll\u00f3 j\u00f3h\u00edr\u0171 log\u00f3ja fekete-feh\u00e9r v\u00e1ltozatban is? Kider\u00fclt, hogy nem, olvassa el mi\u00e9rt!","og_url":"https:\/\/www.danubia.com\/hu\/vedjegy\/meg-a-mastercardnak-is-lehet-vedjegyproblemaja\/","og_site_name":"Danubia","article_published_time":"2020-02-04T14:46:55+00:00","article_modified_time":"2020-02-04T14:52:02+00:00","og_image":[{"width":1280,"height":851,"url":"https:\/\/www.danubia.com\/wp-content\/uploads\/2020\/02\/plastic-card-1647376_1280.jpg","type":"image\/jpeg"}],"author":"Danubia Szabadalmi \u00e9s Jogi Iroda","twitter_card":"summary_large_image","twitter_misc":{"Szerz\u0151:":"Danubia Szabadalmi \u00e9s Jogi Iroda","Becs\u00fclt olvas\u00e1si id\u0151":"5 perc"},"schema":{"@context":"https:\/\/schema.org","@graph":[{"@type":"Article","@id":"https:\/\/www.danubia.com\/hu\/vedjegy\/meg-a-mastercardnak-is-lehet-vedjegyproblemaja\/#article","isPartOf":{"@id":"https:\/\/www.danubia.com\/hu\/vedjegy\/meg-a-mastercardnak-is-lehet-vedjegyproblemaja\/"},"author":{"name":"Danubia Szabadalmi \u00e9s Jogi Iroda","@id":"https:\/\/www.danubia.com\/#\/schema\/person\/c3a081c566cce5d38b32c31f3bf569b8"},"headline":"M\u00e9g a Mastercardnak is lehet v\u00e9djegyprobl\u00e9m\u00e1ja","datePublished":"2020-02-04T14:46:55+00:00","dateModified":"2020-02-04T14:52:02+00:00","mainEntityOfPage":{"@id":"https:\/\/www.danubia.com\/hu\/vedjegy\/meg-a-mastercardnak-is-lehet-vedjegyproblemaja\/"},"wordCount":996,"image":{"@id":"https:\/\/www.danubia.com\/hu\/vedjegy\/meg-a-mastercardnak-is-lehet-vedjegyproblemaja\/#primaryimage"},"thumbnailUrl":"https:\/\/www.danubia.com\/wp-content\/uploads\/2020\/02\/plastic-card-1647376_1280.jpg","keywords":["euipo","t\u00f6rl\u00e9s","v\u00e9djegy"],"articleSection":["V\u00e9djegy"],"inLanguage":"hu"},{"@type":"WebPage","@id":"https:\/\/www.danubia.com\/hu\/vedjegy\/meg-a-mastercardnak-is-lehet-vedjegyproblemaja\/","url":"https:\/\/www.danubia.com\/hu\/vedjegy\/meg-a-mastercardnak-is-lehet-vedjegyproblemaja\/","name":"M\u00e9g a Mastercardnak is lehet v\u00e9djegyprobl\u00e9m\u00e1ja - Danubia","isPartOf":{"@id":"https:\/\/www.danubia.com\/#website"},"primaryImageOfPage":{"@id":"https:\/\/www.danubia.com\/hu\/vedjegy\/meg-a-mastercardnak-is-lehet-vedjegyproblemaja\/#primaryimage"},"image":{"@id":"https:\/\/www.danubia.com\/hu\/vedjegy\/meg-a-mastercardnak-is-lehet-vedjegyproblemaja\/#primaryimage"},"thumbnailUrl":"https:\/\/www.danubia.com\/wp-content\/uploads\/2020\/02\/plastic-card-1647376_1280.jpg","datePublished":"2020-02-04T14:46:55+00:00","dateModified":"2020-02-04T14:52:02+00:00","author":{"@id":"https:\/\/www.danubia.com\/#\/schema\/person\/c3a081c566cce5d38b32c31f3bf569b8"},"description":"V\u00e9dett-e a Mastercard piros-s\u00e1rga sz\u00edn\u0171 k\u00f6r\u00f6kb\u0151l \u00e1ll\u00f3 j\u00f3h\u00edr\u0171 log\u00f3ja fekete-feh\u00e9r v\u00e1ltozatban is? Kider\u00fclt, hogy nem, olvassa el mi\u00e9rt!","breadcrumb":{"@id":"https:\/\/www.danubia.com\/hu\/vedjegy\/meg-a-mastercardnak-is-lehet-vedjegyproblemaja\/#breadcrumb"},"inLanguage":"hu","potentialAction":[{"@type":"ReadAction","target":["https:\/\/www.danubia.com\/hu\/vedjegy\/meg-a-mastercardnak-is-lehet-vedjegyproblemaja\/"]}]},{"@type":"ImageObject","inLanguage":"hu","@id":"https:\/\/www.danubia.com\/hu\/vedjegy\/meg-a-mastercardnak-is-lehet-vedjegyproblemaja\/#primaryimage","url":"https:\/\/www.danubia.com\/wp-content\/uploads\/2020\/02\/plastic-card-1647376_1280.jpg","contentUrl":"https:\/\/www.danubia.com\/wp-content\/uploads\/2020\/02\/plastic-card-1647376_1280.jpg","width":1280,"height":851},{"@type":"BreadcrumbList","@id":"https:\/\/www.danubia.com\/hu\/vedjegy\/meg-a-mastercardnak-is-lehet-vedjegyproblemaja\/#breadcrumb","itemListElement":[{"@type":"ListItem","position":1,"name":"Home","item":"https:\/\/www.danubia.com\/hu\/"},{"@type":"ListItem","position":2,"name":"M\u00e9g a Mastercardnak is lehet v\u00e9djegyprobl\u00e9m\u00e1ja"}]},{"@type":"WebSite","@id":"https:\/\/www.danubia.com\/#website","url":"https:\/\/www.danubia.com\/","name":"Danubia","description":"","potentialAction":[{"@type":"SearchAction","target":{"@type":"EntryPoint","urlTemplate":"https:\/\/www.danubia.com\/?s={search_term_string}"},"query-input":{"@type":"PropertyValueSpecification","valueRequired":true,"valueName":"search_term_string"}}],"inLanguage":"hu"},{"@type":"Person","@id":"https:\/\/www.danubia.com\/#\/schema\/person\/c3a081c566cce5d38b32c31f3bf569b8","name":"Danubia Szabadalmi \u00e9s Jogi Iroda","image":{"@type":"ImageObject","inLanguage":"hu","@id":"https:\/\/secure.gravatar.com\/avatar\/347a905c0860aaf34650db19625beeb4cfc4347b5df0d66ef80381817b31b53c?s=96&r=g","url":"https:\/\/secure.gravatar.com\/avatar\/347a905c0860aaf34650db19625beeb4cfc4347b5df0d66ef80381817b31b53c?s=96&r=g","contentUrl":"https:\/\/secure.gravatar.com\/avatar\/347a905c0860aaf34650db19625beeb4cfc4347b5df0d66ef80381817b31b53c?s=96&r=g","caption":"Danubia Szabadalmi \u00e9s Jogi Iroda"}}]}},"_links":{"self":[{"href":"https:\/\/www.danubia.com\/hu\/wp-json\/wp\/v2\/posts\/3635","targetHints":{"allow":["GET"]}}],"collection":[{"href":"https:\/\/www.danubia.com\/hu\/wp-json\/wp\/v2\/posts"}],"about":[{"href":"https:\/\/www.danubia.com\/hu\/wp-json\/wp\/v2\/types\/post"}],"author":[{"embeddable":true,"href":"https:\/\/www.danubia.com\/hu\/wp-json\/wp\/v2\/users\/1"}],"replies":[{"embeddable":true,"href":"https:\/\/www.danubia.com\/hu\/wp-json\/wp\/v2\/comments?post=3635"}],"version-history":[{"count":2,"href":"https:\/\/www.danubia.com\/hu\/wp-json\/wp\/v2\/posts\/3635\/revisions"}],"predecessor-version":[{"id":3649,"href":"https:\/\/www.danubia.com\/hu\/wp-json\/wp\/v2\/posts\/3635\/revisions\/3649"}],"wp:featuredmedia":[{"embeddable":true,"href":"https:\/\/www.danubia.com\/hu\/wp-json\/wp\/v2\/media\/3644"}],"wp:attachment":[{"href":"https:\/\/www.danubia.com\/hu\/wp-json\/wp\/v2\/media?parent=3635"}],"wp:term":[{"taxonomy":"category","embeddable":true,"href":"https:\/\/www.danubia.com\/hu\/wp-json\/wp\/v2\/categories?post=3635"},{"taxonomy":"post_tag","embeddable":true,"href":"https:\/\/www.danubia.com\/hu\/wp-json\/wp\/v2\/tags?post=3635"}],"curies":[{"name":"wp","href":"https:\/\/api.w.org\/{rel}","templated":true}]}}