{"id":4183,"date":"2020-03-17T16:58:03","date_gmt":"2020-03-17T16:58:03","guid":{"rendered":"https:\/\/www.danubia.com\/?p=4183"},"modified":"2020-03-17T16:58:03","modified_gmt":"2020-03-17T16:58:03","slug":"kozlemeny-a-koronavirus-kapcsan","status":"publish","type":"post","link":"https:\/\/www.danubia.com\/hu\/konferencia\/kozlemeny-a-koronavirus-kapcsan\/","title":{"rendered":"K\u00f6zlem\u00e9ny a koronav\u00edrus kapcs\u00e1n"},"content":{"rendered":"<p class=\"_04xlpA direction-ltr align-justify para-style-body\" style=\"text-align: justify;\"><span class=\"JsGRdQ\">Tisztelt \u00dcgyfeleink!<\/span><\/p>\n<p class=\"_04xlpA direction-ltr align-justify para-style-body\" style=\"text-align: justify;\"><span class=\"JsGRdQ\">T\u00e1j\u00e9koztatjuk \u00d6n\u00f6ket, hogy a kialakult helyzet ellen\u00e9re a Danubia, a Danubia IP \u00e9s a Danubia Legal koll\u00e9g\u00e1i folyamatosan dolgoznak \u00e9s rendelkez\u00e9s\u00fckre \u00e1llnak &#8211; m\u00e9g ha megv\u00e1ltozott k\u00f6r\u00fclm\u00e9nyek k\u00f6z\u00f6tt is -, a folyamatban l\u00e9v\u0151 \u00fcgyekben emiatt nem lesz fennakad\u00e1s.<\/span><\/p>\n<p class=\"_04xlpA direction-ltr align-justify para-style-body\" style=\"text-align: justify;\"><span class=\"JsGRdQ\">A Danubia csoport sz\u00e1m\u00e1ra els\u0151dleges az \u00fcgyfelek \u00e9s a koll\u00e9g\u00e1k eg\u00e9szs\u00e9ge, tov\u00e1bb\u00e1 felel\u0151s v\u00e1llalatcsoportk\u00e9nt a t\u00e1rsadalom \u00e9rdekeit is szem el\u0151tt tartjuk, ez\u00e9rt mindenben eleget tesz\u00fcnk a kihirdetett jogszab\u00e1lyoknak.<\/span><\/p>\n<p class=\"_04xlpA direction-ltr align-justify para-style-body\" style=\"text-align: justify;\"><span class=\"JsGRdQ\">A c\u00e9gcsoport irod\u00e1iban mindent megtett\u00fcnk, hogy minimaliz\u00e1ljuk a Covid-19 (koronav\u00edrus) fert\u0151z\u00e9s vesz\u00e9ly\u00e9t. Sz\u00e1mos koll\u00e9g\u00e1nk m\u00e1r hetekkel ezel\u0151tt lemondta nemzetk\u00f6zi utaz\u00e1sait \u00e9s konferencia-r\u00e9szv\u00e9teleit, ami ut\u00f3lag helyes d\u00f6nt\u00e9snek bizonyult, m\u00e9g ha akkor t\u00falzott el\u0151vigy\u00e1zatoss\u00e1gnak is t\u0171nt.<\/span><\/p>\n<p class=\"_04xlpA direction-ltr align-justify para-style-body\" style=\"text-align: justify;\"><span class=\"JsGRdQ\">Mindent elk\u00f6vet\u00fcnk annak \u00e9rdek\u00e9ben, hogy koll\u00e9g\u00e1ink \u00e9lhessenek az otthoni munkav\u00e9gz\u00e9s (home office) lehet\u0151s\u00e9g\u00e9vel, a tal\u00e1lkoz\u00f3kat online m\u00f3don \u00e9s telefonon int\u00e9zik. A szem\u00e9lyes tal\u00e1lkoz\u00e1ssal j\u00e1r\u00f3 \u00fcgyf\u00e9lfogad\u00e1s sz\u00fcnetel, de telefonon, <\/span><span class=\"JsGRdQ\">e-mailben a megszokott munkaid\u0151ben folyamatosan \u00fcgyfeleink rendelkez\u00e9s\u00e9re \u00e1llunk. Term\u00e9szetesen \u00faj megkeres\u00e9sekre is felk\u00e9sz\u00fclt\u00fcnk. Munkat\u00e1rsaink telefonos \u00e9s email \u00fatj\u00e1n t\u00f6rt\u00e9n\u0151 el\u00e9rhet\u0151s\u00e9geit honlapunkon megtal\u00e1lhatj\u00e1k.<\/span><\/p>\n<p class=\"_04xlpA direction-ltr align-justify para-style-body\" style=\"text-align: justify;\"><span class=\"JsGRdQ\">Biztos\u00edtjuk \u00d6n\u00f6ket, hogy folyamatban l\u00e9v\u0151 \u00fcgyeikkel kapcsolatosan tov\u00e1bbra is az eddigi magas sz\u00ednvonal\u00fa szakmais\u00e1got \u00e9s odafigyel\u00e9st v\u00e1rhatj\u00e1k t\u0151l\u00fcnk, a munk\u00e1nkat ilyen szempontb\u00f3l nem befoly\u00e1solj\u00e1k a megv\u00e1ltozott k\u00f6r\u00fclm\u00e9nyek. Azon \u00fcgyfeleinket, akiket b\u00edr\u00f3s\u00e1gi vagy hat\u00f3s\u00e1gi elj\u00e1r\u00e1sban k\u00e9pvisel\u00fcnk, a vele kapcsolatban l\u00e9v\u0151 szenior koll\u00e9ga fogja t\u00e1j\u00e9koztatni az \u00fcgy\u00e9vel kapcsolatban a vesz\u00e9lyhelyzet miatt bek\u00f6vetkez\u0151 esetleges v\u00e1ltoz\u00e1sokr\u00f3l.<\/span><\/p>\n<p class=\"_04xlpA direction-ltr align-justify para-style-body\" style=\"text-align: justify;\"><span class=\"JsGRdQ\">Mindannyijuknak eg\u00e9szs\u00e9get \u00e9s kitart\u00e1st k\u00edv\u00e1nunk ezekben a kih\u00edv\u00e1sokkal teli id\u0151kben, \u00e9s megk\u00e9rj\u00fck \u00d6n\u00f6ket, hogy a k\u00f6z\u00f6ss\u00e9g \u00e9rdek\u00e9ben \u00d6n\u00f6k is tarts\u00e1k be a kihirdetett eg\u00e9szs\u00e9g\u00fcgyi szab\u00e1lyokat!<\/span><\/p>\n<p>Danubia csoport<\/p>\n","protected":false},"excerpt":{"rendered":"<p>Tisztelt \u00dcgyfeleink! T\u00e1j\u00e9koztatjuk \u00d6n\u00f6ket, hogy a kialakult helyzet ellen\u00e9re a Danubia, a Danubia IP \u00e9s a Danubia Legal koll\u00e9g\u00e1i folyamatosan dolgoznak \u00e9s rendelkez\u00e9s\u00fckre \u00e1llnak &#8211; m\u00e9g ha megv\u00e1ltozott k\u00f6r\u00fclm\u00e9nyek k\u00f6z\u00f6tt is -, a folyamatban l\u00e9v\u0151 \u00fcgyekben emiatt nem lesz fennakad\u00e1s. A Danubia csoport sz\u00e1m\u00e1ra els\u0151dleges az \u00fcgyfelek \u00e9s a koll\u00e9g\u00e1k eg\u00e9szs\u00e9ge, tov\u00e1bb\u00e1 felel\u0151s v\u00e1llalatcsoportk\u00e9nt a [&hellip;]<\/p>\n","protected":false},"author":1,"featured_media":4184,"comment_status":"closed","ping_status":"closed","sticky":false,"template":"","format":"standard","meta":{"_et_pb_use_builder":"","_et_pb_old_content":"","_et_gb_content_width":"","footnotes":""},"categories":[87],"tags":[],"class_list":["post-4183","post","type-post","status-publish","format-standard","has-post-thumbnail","hentry","category-konferencia"],"yoast_head":"<!-- This site is optimized with the Yoast SEO plugin v27.3 - https:\/\/yoast.com\/product\/yoast-seo-wordpress\/ -->\n<title>K\u00f6zlem\u00e9ny a koronav\u00edrus kapcs\u00e1n - Danubia<\/title>\n<meta name=\"description\" content=\"T\u00e1j\u00e9koztat\u00f3 a Danubia \u00e1ltal tett l\u00e9p\u00e9sekr\u0151l a koronav\u00edrus kapcs\u00e1n.\" \/>\n<meta name=\"robots\" content=\"index, follow, max-snippet:-1, max-image-preview:large, max-video-preview:-1\" \/>\n<link rel=\"canonical\" href=\"https:\/\/www.danubia.com\/hu\/konferencia\/kozlemeny-a-koronavirus-kapcsan\/\" \/>\n<meta property=\"og:locale\" content=\"hu_HU\" \/>\n<meta property=\"og:type\" content=\"article\" \/>\n<meta property=\"og:title\" content=\"K\u00f6zlem\u00e9ny a koronav\u00edrus kapcs\u00e1n - Danubia\" \/>\n<meta property=\"og:description\" content=\"T\u00e1j\u00e9koztat\u00f3 a Danubia \u00e1ltal tett l\u00e9p\u00e9sekr\u0151l a koronav\u00edrus kapcs\u00e1n.\" \/>\n<meta property=\"og:url\" content=\"https:\/\/www.danubia.com\/hu\/konferencia\/kozlemeny-a-koronavirus-kapcsan\/\" \/>\n<meta property=\"og:site_name\" content=\"Danubia\" \/>\n<meta property=\"article:published_time\" content=\"2020-03-17T16:58:03+00:00\" \/>\n<meta property=\"og:image\" content=\"https:\/\/www.danubia.com\/wp-content\/uploads\/2020\/03\/Untitled-design-3.png\" \/>\n\t<meta property=\"og:image:width\" content=\"900\" \/>\n\t<meta property=\"og:image:height\" content=\"600\" \/>\n\t<meta property=\"og:image:type\" content=\"image\/png\" \/>\n<meta name=\"author\" content=\"Danubia Szabadalmi \u00e9s Jogi Iroda\" \/>\n<meta name=\"twitter:card\" content=\"summary_large_image\" \/>\n<meta name=\"twitter:label1\" content=\"Szerz\u0151:\" \/>\n\t<meta name=\"twitter:data1\" content=\"Danubia Szabadalmi \u00e9s Jogi Iroda\" \/>\n\t<meta name=\"twitter:label2\" content=\"Becs\u00fclt olvas\u00e1si id\u0151\" \/>\n\t<meta name=\"twitter:data2\" content=\"2 perc\" \/>\n<script type=\"application\/ld+json\" class=\"yoast-schema-graph\">{\"@context\":\"https:\\\/\\\/schema.org\",\"@graph\":[{\"@type\":\"Article\",\"@id\":\"https:\\\/\\\/www.danubia.com\\\/hu\\\/konferencia\\\/kozlemeny-a-koronavirus-kapcsan\\\/#article\",\"isPartOf\":{\"@id\":\"https:\\\/\\\/www.danubia.com\\\/hu\\\/konferencia\\\/kozlemeny-a-koronavirus-kapcsan\\\/\"},\"author\":{\"name\":\"Danubia Szabadalmi \u00e9s Jogi Iroda\",\"@id\":\"https:\\\/\\\/www.danubia.com\\\/#\\\/schema\\\/person\\\/c3a081c566cce5d38b32c31f3bf569b8\"},\"headline\":\"K\u00f6zlem\u00e9ny a koronav\u00edrus kapcs\u00e1n\",\"datePublished\":\"2020-03-17T16:58:03+00:00\",\"mainEntityOfPage\":{\"@id\":\"https:\\\/\\\/www.danubia.com\\\/hu\\\/konferencia\\\/kozlemeny-a-koronavirus-kapcsan\\\/\"},\"wordCount\":396,\"image\":{\"@id\":\"https:\\\/\\\/www.danubia.com\\\/hu\\\/konferencia\\\/kozlemeny-a-koronavirus-kapcsan\\\/#primaryimage\"},\"thumbnailUrl\":\"https:\\\/\\\/www.danubia.com\\\/wp-content\\\/uploads\\\/2020\\\/03\\\/Untitled-design-3.png\",\"articleSection\":[\"Konferencia\"],\"inLanguage\":\"hu\"},{\"@type\":\"WebPage\",\"@id\":\"https:\\\/\\\/www.danubia.com\\\/hu\\\/konferencia\\\/kozlemeny-a-koronavirus-kapcsan\\\/\",\"url\":\"https:\\\/\\\/www.danubia.com\\\/hu\\\/konferencia\\\/kozlemeny-a-koronavirus-kapcsan\\\/\",\"name\":\"K\u00f6zlem\u00e9ny a koronav\u00edrus kapcs\u00e1n - Danubia\",\"isPartOf\":{\"@id\":\"https:\\\/\\\/www.danubia.com\\\/#website\"},\"primaryImageOfPage\":{\"@id\":\"https:\\\/\\\/www.danubia.com\\\/hu\\\/konferencia\\\/kozlemeny-a-koronavirus-kapcsan\\\/#primaryimage\"},\"image\":{\"@id\":\"https:\\\/\\\/www.danubia.com\\\/hu\\\/konferencia\\\/kozlemeny-a-koronavirus-kapcsan\\\/#primaryimage\"},\"thumbnailUrl\":\"https:\\\/\\\/www.danubia.com\\\/wp-content\\\/uploads\\\/2020\\\/03\\\/Untitled-design-3.png\",\"datePublished\":\"2020-03-17T16:58:03+00:00\",\"author\":{\"@id\":\"https:\\\/\\\/www.danubia.com\\\/#\\\/schema\\\/person\\\/c3a081c566cce5d38b32c31f3bf569b8\"},\"description\":\"T\u00e1j\u00e9koztat\u00f3 a Danubia \u00e1ltal tett l\u00e9p\u00e9sekr\u0151l a koronav\u00edrus kapcs\u00e1n.\",\"breadcrumb\":{\"@id\":\"https:\\\/\\\/www.danubia.com\\\/hu\\\/konferencia\\\/kozlemeny-a-koronavirus-kapcsan\\\/#breadcrumb\"},\"inLanguage\":\"hu\",\"potentialAction\":[{\"@type\":\"ReadAction\",\"target\":[\"https:\\\/\\\/www.danubia.com\\\/hu\\\/konferencia\\\/kozlemeny-a-koronavirus-kapcsan\\\/\"]}]},{\"@type\":\"ImageObject\",\"inLanguage\":\"hu\",\"@id\":\"https:\\\/\\\/www.danubia.com\\\/hu\\\/konferencia\\\/kozlemeny-a-koronavirus-kapcsan\\\/#primaryimage\",\"url\":\"https:\\\/\\\/www.danubia.com\\\/wp-content\\\/uploads\\\/2020\\\/03\\\/Untitled-design-3.png\",\"contentUrl\":\"https:\\\/\\\/www.danubia.com\\\/wp-content\\\/uploads\\\/2020\\\/03\\\/Untitled-design-3.png\",\"width\":900,\"height\":600},{\"@type\":\"BreadcrumbList\",\"@id\":\"https:\\\/\\\/www.danubia.com\\\/hu\\\/konferencia\\\/kozlemeny-a-koronavirus-kapcsan\\\/#breadcrumb\",\"itemListElement\":[{\"@type\":\"ListItem\",\"position\":1,\"name\":\"Home\",\"item\":\"https:\\\/\\\/www.danubia.com\\\/hu\\\/\"},{\"@type\":\"ListItem\",\"position\":2,\"name\":\"K\u00f6zlem\u00e9ny a koronav\u00edrus kapcs\u00e1n\"}]},{\"@type\":\"WebSite\",\"@id\":\"https:\\\/\\\/www.danubia.com\\\/#website\",\"url\":\"https:\\\/\\\/www.danubia.com\\\/\",\"name\":\"Danubia\",\"description\":\"\",\"potentialAction\":[{\"@type\":\"SearchAction\",\"target\":{\"@type\":\"EntryPoint\",\"urlTemplate\":\"https:\\\/\\\/www.danubia.com\\\/?s={search_term_string}\"},\"query-input\":{\"@type\":\"PropertyValueSpecification\",\"valueRequired\":true,\"valueName\":\"search_term_string\"}}],\"inLanguage\":\"hu\"},{\"@type\":\"Person\",\"@id\":\"https:\\\/\\\/www.danubia.com\\\/#\\\/schema\\\/person\\\/c3a081c566cce5d38b32c31f3bf569b8\",\"name\":\"Danubia Szabadalmi \u00e9s Jogi Iroda\",\"image\":{\"@type\":\"ImageObject\",\"inLanguage\":\"hu\",\"@id\":\"https:\\\/\\\/secure.gravatar.com\\\/avatar\\\/347a905c0860aaf34650db19625beeb4cfc4347b5df0d66ef80381817b31b53c?s=96&r=g\",\"url\":\"https:\\\/\\\/secure.gravatar.com\\\/avatar\\\/347a905c0860aaf34650db19625beeb4cfc4347b5df0d66ef80381817b31b53c?s=96&r=g\",\"contentUrl\":\"https:\\\/\\\/secure.gravatar.com\\\/avatar\\\/347a905c0860aaf34650db19625beeb4cfc4347b5df0d66ef80381817b31b53c?s=96&r=g\",\"caption\":\"Danubia Szabadalmi \u00e9s Jogi Iroda\"}}]}<\/script>\n<!-- \/ Yoast SEO plugin. -->","yoast_head_json":{"title":"K\u00f6zlem\u00e9ny a koronav\u00edrus kapcs\u00e1n - Danubia","description":"T\u00e1j\u00e9koztat\u00f3 a Danubia \u00e1ltal tett l\u00e9p\u00e9sekr\u0151l a koronav\u00edrus kapcs\u00e1n.","robots":{"index":"index","follow":"follow","max-snippet":"max-snippet:-1","max-image-preview":"max-image-preview:large","max-video-preview":"max-video-preview:-1"},"canonical":"https:\/\/www.danubia.com\/hu\/konferencia\/kozlemeny-a-koronavirus-kapcsan\/","og_locale":"hu_HU","og_type":"article","og_title":"K\u00f6zlem\u00e9ny a koronav\u00edrus kapcs\u00e1n - Danubia","og_description":"T\u00e1j\u00e9koztat\u00f3 a Danubia \u00e1ltal tett l\u00e9p\u00e9sekr\u0151l a koronav\u00edrus kapcs\u00e1n.","og_url":"https:\/\/www.danubia.com\/hu\/konferencia\/kozlemeny-a-koronavirus-kapcsan\/","og_site_name":"Danubia","article_published_time":"2020-03-17T16:58:03+00:00","og_image":[{"width":900,"height":600,"url":"https:\/\/www.danubia.com\/wp-content\/uploads\/2020\/03\/Untitled-design-3.png","type":"image\/png"}],"author":"Danubia Szabadalmi \u00e9s Jogi Iroda","twitter_card":"summary_large_image","twitter_misc":{"Szerz\u0151:":"Danubia Szabadalmi \u00e9s Jogi Iroda","Becs\u00fclt olvas\u00e1si id\u0151":"2 perc"},"schema":{"@context":"https:\/\/schema.org","@graph":[{"@type":"Article","@id":"https:\/\/www.danubia.com\/hu\/konferencia\/kozlemeny-a-koronavirus-kapcsan\/#article","isPartOf":{"@id":"https:\/\/www.danubia.com\/hu\/konferencia\/kozlemeny-a-koronavirus-kapcsan\/"},"author":{"name":"Danubia Szabadalmi \u00e9s Jogi Iroda","@id":"https:\/\/www.danubia.com\/#\/schema\/person\/c3a081c566cce5d38b32c31f3bf569b8"},"headline":"K\u00f6zlem\u00e9ny a koronav\u00edrus kapcs\u00e1n","datePublished":"2020-03-17T16:58:03+00:00","mainEntityOfPage":{"@id":"https:\/\/www.danubia.com\/hu\/konferencia\/kozlemeny-a-koronavirus-kapcsan\/"},"wordCount":396,"image":{"@id":"https:\/\/www.danubia.com\/hu\/konferencia\/kozlemeny-a-koronavirus-kapcsan\/#primaryimage"},"thumbnailUrl":"https:\/\/www.danubia.com\/wp-content\/uploads\/2020\/03\/Untitled-design-3.png","articleSection":["Konferencia"],"inLanguage":"hu"},{"@type":"WebPage","@id":"https:\/\/www.danubia.com\/hu\/konferencia\/kozlemeny-a-koronavirus-kapcsan\/","url":"https:\/\/www.danubia.com\/hu\/konferencia\/kozlemeny-a-koronavirus-kapcsan\/","name":"K\u00f6zlem\u00e9ny a koronav\u00edrus kapcs\u00e1n - Danubia","isPartOf":{"@id":"https:\/\/www.danubia.com\/#website"},"primaryImageOfPage":{"@id":"https:\/\/www.danubia.com\/hu\/konferencia\/kozlemeny-a-koronavirus-kapcsan\/#primaryimage"},"image":{"@id":"https:\/\/www.danubia.com\/hu\/konferencia\/kozlemeny-a-koronavirus-kapcsan\/#primaryimage"},"thumbnailUrl":"https:\/\/www.danubia.com\/wp-content\/uploads\/2020\/03\/Untitled-design-3.png","datePublished":"2020-03-17T16:58:03+00:00","author":{"@id":"https:\/\/www.danubia.com\/#\/schema\/person\/c3a081c566cce5d38b32c31f3bf569b8"},"description":"T\u00e1j\u00e9koztat\u00f3 a Danubia \u00e1ltal tett l\u00e9p\u00e9sekr\u0151l a koronav\u00edrus kapcs\u00e1n.","breadcrumb":{"@id":"https:\/\/www.danubia.com\/hu\/konferencia\/kozlemeny-a-koronavirus-kapcsan\/#breadcrumb"},"inLanguage":"hu","potentialAction":[{"@type":"ReadAction","target":["https:\/\/www.danubia.com\/hu\/konferencia\/kozlemeny-a-koronavirus-kapcsan\/"]}]},{"@type":"ImageObject","inLanguage":"hu","@id":"https:\/\/www.danubia.com\/hu\/konferencia\/kozlemeny-a-koronavirus-kapcsan\/#primaryimage","url":"https:\/\/www.danubia.com\/wp-content\/uploads\/2020\/03\/Untitled-design-3.png","contentUrl":"https:\/\/www.danubia.com\/wp-content\/uploads\/2020\/03\/Untitled-design-3.png","width":900,"height":600},{"@type":"BreadcrumbList","@id":"https:\/\/www.danubia.com\/hu\/konferencia\/kozlemeny-a-koronavirus-kapcsan\/#breadcrumb","itemListElement":[{"@type":"ListItem","position":1,"name":"Home","item":"https:\/\/www.danubia.com\/hu\/"},{"@type":"ListItem","position":2,"name":"K\u00f6zlem\u00e9ny a koronav\u00edrus kapcs\u00e1n"}]},{"@type":"WebSite","@id":"https:\/\/www.danubia.com\/#website","url":"https:\/\/www.danubia.com\/","name":"Danubia","description":"","potentialAction":[{"@type":"SearchAction","target":{"@type":"EntryPoint","urlTemplate":"https:\/\/www.danubia.com\/?s={search_term_string}"},"query-input":{"@type":"PropertyValueSpecification","valueRequired":true,"valueName":"search_term_string"}}],"inLanguage":"hu"},{"@type":"Person","@id":"https:\/\/www.danubia.com\/#\/schema\/person\/c3a081c566cce5d38b32c31f3bf569b8","name":"Danubia Szabadalmi \u00e9s Jogi Iroda","image":{"@type":"ImageObject","inLanguage":"hu","@id":"https:\/\/secure.gravatar.com\/avatar\/347a905c0860aaf34650db19625beeb4cfc4347b5df0d66ef80381817b31b53c?s=96&r=g","url":"https:\/\/secure.gravatar.com\/avatar\/347a905c0860aaf34650db19625beeb4cfc4347b5df0d66ef80381817b31b53c?s=96&r=g","contentUrl":"https:\/\/secure.gravatar.com\/avatar\/347a905c0860aaf34650db19625beeb4cfc4347b5df0d66ef80381817b31b53c?s=96&r=g","caption":"Danubia Szabadalmi \u00e9s Jogi Iroda"}}]}},"_links":{"self":[{"href":"https:\/\/www.danubia.com\/hu\/wp-json\/wp\/v2\/posts\/4183","targetHints":{"allow":["GET"]}}],"collection":[{"href":"https:\/\/www.danubia.com\/hu\/wp-json\/wp\/v2\/posts"}],"about":[{"href":"https:\/\/www.danubia.com\/hu\/wp-json\/wp\/v2\/types\/post"}],"author":[{"embeddable":true,"href":"https:\/\/www.danubia.com\/hu\/wp-json\/wp\/v2\/users\/1"}],"replies":[{"embeddable":true,"href":"https:\/\/www.danubia.com\/hu\/wp-json\/wp\/v2\/comments?post=4183"}],"version-history":[{"count":1,"href":"https:\/\/www.danubia.com\/hu\/wp-json\/wp\/v2\/posts\/4183\/revisions"}],"predecessor-version":[{"id":4186,"href":"https:\/\/www.danubia.com\/hu\/wp-json\/wp\/v2\/posts\/4183\/revisions\/4186"}],"wp:featuredmedia":[{"embeddable":true,"href":"https:\/\/www.danubia.com\/hu\/wp-json\/wp\/v2\/media\/4184"}],"wp:attachment":[{"href":"https:\/\/www.danubia.com\/hu\/wp-json\/wp\/v2\/media?parent=4183"}],"wp:term":[{"taxonomy":"category","embeddable":true,"href":"https:\/\/www.danubia.com\/hu\/wp-json\/wp\/v2\/categories?post=4183"},{"taxonomy":"post_tag","embeddable":true,"href":"https:\/\/www.danubia.com\/hu\/wp-json\/wp\/v2\/tags?post=4183"}],"curies":[{"name":"wp","href":"https:\/\/api.w.org\/{rel}","templated":true}]}}