{"id":4214,"date":"2020-03-25T10:26:34","date_gmt":"2020-03-25T10:26:34","guid":{"rendered":"https:\/\/www.danubia.com\/?p=4214"},"modified":"2022-09-21T08:43:29","modified_gmt":"2022-09-21T08:43:29","slug":"tajekoztato-a-birosagok-es-szellemitulajdon-vedelmi-hatosagok-elotti-ugymenet-covid-19-jarvany-miatt-bevezetett-valtozasairol","status":"publish","type":"post","link":"https:\/\/www.danubia.com\/hu\/news\/tajekoztato-a-birosagok-es-szellemitulajdon-vedelmi-hatosagok-elotti-ugymenet-covid-19-jarvany-miatt-bevezetett-valtozasairol\/","title":{"rendered":"T\u00e1j\u00e9koztat\u00f3 a b\u00edr\u00f3s\u00e1gok \u00e9s szellemitulajdon-v\u00e9delmi hat\u00f3s\u00e1gok el\u0151tti \u00fcgymenet COVID-19 j\u00e1rv\u00e1ny miatt bevezetett v\u00e1ltoz\u00e1sair\u00f3l"},"content":{"rendered":"<blockquote><p><strong>T\u00e1j\u00e9koztatjuk tisztelt \u00fcgyfeleinket \u00e9s partnereinket, hogy a COVID-19 v\u00edrus k\u00f6vetkezt\u00e9ben kialakult vesz\u00e9lyhelyzetre tekintettel az al\u00e1bbiak szerint v\u00e1ltozik meg a hazai b\u00edr\u00f3s\u00e1gok, az SZTNH, az EPO, az EUIPO \u00e9s a WIPO el\u0151tti \u00fcgymenet.<\/strong><!--more--><\/p><\/blockquote>\n<h4><strong>B\u00edr\u00f3s\u00e1gok<\/strong><\/h4>\n<p><a href=\"https:\/\/jogaszvilag.hu\/cimke\/birosagi-tavmeghallgatasi-rendszer\/\" target=\"_blank\" rel=\"noopener\">https:\/\/jogaszvilag.hu\/cimke\/birosagi-tavmeghallgatasi-rendszer\/<\/a><\/p>\n<h4><strong>Az Eur\u00f3pai Uni\u00f3 B\u00edr\u00f3s\u00e1ga Covid19 \u2013 Inform\u00e1ci\u00f3k<\/strong><\/h4>\n<p><a href=\"https:\/\/curia.europa.eu\/jcms\/jcms\/p1_3013071\/hu\/\" target=\"_blank\" rel=\"noopener\">https:\/\/curia.europa.eu\/jcms\/jcms\/p1_3013071\/hu\/<\/a><\/p>\n<h4><strong>A Szellemi Tulajdon Nemzeti Hivatala (SZTNH)<\/strong><\/h4>\n<p>Az SZTNH vonatkoz\u00f3 k\u00f6zlem\u00e9nye itt olvashat\u00f3:<\/p>\n<p><a href=\"https:\/\/www.sztnh.gov.hu\/sites\/default\/files\/20200317-sztnh-covid-intezkedesek-v3.pdf\" target=\"_blank\" rel=\"noopener\">https:\/\/www.sztnh.gov.hu\/sites\/default\/files\/20200317-sztnh-covid-intezkedesek-v3.pdf<\/a><\/p>\n<p><a href=\"https:\/\/www.sztnh.gov.hu\/hu\/hirek\/sztnh-hirek\/szakmai-es-hatosagi-kozlemenyek\/tajekoztato-az-sztnh-elott-folyamatban-levo\" target=\"_blank\" rel=\"noopener\">https:\/\/www.sztnh.gov.hu\/hu\/hirek\/sztnh-hirek\/szakmai-es-hatosagi-kozlemenyek\/tajekoztato-az-sztnh-elott-folyamatban-levo<\/a><\/p>\n<h4><strong>Eur\u00f3pai Szabadalmi Hivatal (EPO)<\/strong><\/h4>\n<p>Az EPO folyamatosan friss\u00fcl\u0151 vonatkoz\u00f3 hivatalos bejelent\u00e9sei itt \u00e9rhet\u0151k el:<\/p>\n<p><a href=\"https:\/\/www.epo.org\/news-issues\/covid-19.html\" target=\"_blank\" rel=\"noopener\">https:\/\/www.epo.org\/news-issues\/covid-19.html<\/a><\/p>\n<h4><strong>Az Eur\u00f3pai Uni\u00f3 Szellemi Tulajdoni Hivatala (EUIPO)<\/strong><\/h4>\n<p>Hivatalos inform\u00e1ci\u00f3k itt \u00e9rhet\u0151k el:<\/p>\n<p><a href=\"https:\/\/euipo.europa.eu\/ohimportal\/hu\/covid-19-information\" target=\"_blank\" rel=\"noopener\">https:\/\/euipo.europa.eu\/ohimportal\/hu\/covid-19-information<\/a><\/p>\n<p><a href=\"https:\/\/euipo.europa.eu\/tunnel-web\/secure\/webdav\/guest\/document_library\/contentPdfs\/law_and_practice\/decisions_president\/EX-20-03_en.pdf\" target=\"_blank\" rel=\"noopener\">https:\/\/euipo.europa.eu\/tunnel-web\/secure\/webdav\/guest\/document_library\/contentPdfs\/law_and_practice\/decisions_president\/EX-20-03_en.pdf<\/a><\/p>\n<h4><strong>A Szellemi Tulajdon Vil\u00e1gszervezete (WIPO)<\/strong><\/h4>\n<p>Tov\u00e1bbi, rendszeresen friss\u00fcl\u0151 vonatkoz\u00f3 inform\u00e1ci\u00f3k itt tal\u00e1lhat\u00f3k:<\/p>\n<p><a href=\"https:\/\/www.wipo.int\/covid19-policy-tracker\/#\/covid19-policy-tracker\/ipo-operations\" target=\"_blank\" rel=\"noopener\">https:\/\/www.wipo.int\/covid19-policy-tracker\/#\/covid19-policy-tracker\/ipo-operations<\/a><\/p>\n<p><a href=\"https:\/\/www.wipo.int\/madrid\/en\/news\/2020\/news_0007.html\" target=\"_blank\" rel=\"noopener\">https:\/\/www.wipo.int\/madrid\/en\/news\/2020\/news_0007.html<\/a><\/p>\n<blockquote>\n<p style=\"text-align: justify;\"><strong>A fentiekkel kapcsolatos b\u00e1rmilyen k\u00e9rd\u00e9ssel k\u00e9rj\u00fck forduljon irod\u00e1nkhoz, k\u00e9szs\u00e9ggel \u00e1llunk rendelkez\u00e9s\u00e9re!<\/strong><\/p>\n<\/blockquote>\n","protected":false},"excerpt":{"rendered":"<p>A hazai b\u00edr\u00f3s\u00e1gok, az SZTNH, az EPO, az EUIPO \u00e9s a WIPO el\u0151tti \u00fcgymenet v\u00e1ltoz\u00e1sai a COVID-19 v\u00edrus miatti vesz\u00e9lyhelyzet miatt. <\/p>\n","protected":false},"author":1,"featured_media":4215,"comment_status":"closed","ping_status":"closed","sticky":false,"template":"","format":"standard","meta":{"_et_pb_use_builder":"","_et_pb_old_content":"","_et_gb_content_width":"","footnotes":""},"categories":[116],"tags":[121,119,120,99],"class_list":["post-4214","post","type-post","status-publish","format-standard","has-post-thumbnail","hentry","category-news","tag-covid-19","tag-korona","tag-koronavirus","tag-sztnh"],"yoast_head":"<!-- This site is optimized with the Yoast SEO plugin v27.3 - https:\/\/yoast.com\/product\/yoast-seo-wordpress\/ -->\n<title>T\u00e1j\u00e9koztat\u00f3 a b\u00edr\u00f3s\u00e1gok \u00e9s szellemitulajdon-v\u00e9delmi hat\u00f3s\u00e1gok el\u0151tti \u00fcgymenet COVID-19 j\u00e1rv\u00e1ny miatt bevezetett v\u00e1ltoz\u00e1sair\u00f3l - Danubia<\/title>\n<meta name=\"description\" content=\"A hazai b\u00edr\u00f3s\u00e1gok, az SZTNH, az EPO, az EUIPO \u00e9s a WIPO el\u0151tti \u00fcgymenet v\u00e1ltoz\u00e1sai a COVID-19 v\u00edrus miatti vesz\u00e9lyhelyzet miatt.\" \/>\n<meta name=\"robots\" content=\"index, follow, max-snippet:-1, max-image-preview:large, max-video-preview:-1\" \/>\n<link rel=\"canonical\" href=\"https:\/\/www.danubia.com\/hu\/news\/tajekoztato-a-birosagok-es-szellemitulajdon-vedelmi-hatosagok-elotti-ugymenet-covid-19-jarvany-miatt-bevezetett-valtozasairol\/\" \/>\n<meta property=\"og:locale\" content=\"hu_HU\" \/>\n<meta property=\"og:type\" content=\"article\" \/>\n<meta property=\"og:title\" content=\"T\u00e1j\u00e9koztat\u00f3 a b\u00edr\u00f3s\u00e1gok \u00e9s szellemitulajdon-v\u00e9delmi hat\u00f3s\u00e1gok el\u0151tti \u00fcgymenet COVID-19 j\u00e1rv\u00e1ny miatt bevezetett v\u00e1ltoz\u00e1sair\u00f3l\" \/>\n<meta property=\"og:description\" content=\"A hazai b\u00edr\u00f3s\u00e1gok, az SZTNH, az EPO, az EUIPO \u00e9s a WIPO el\u0151tti \u00fcgymenet v\u00e1ltoz\u00e1sai\" \/>\n<meta property=\"og:url\" content=\"https:\/\/www.danubia.com\/hu\/news\/tajekoztato-a-birosagok-es-szellemitulajdon-vedelmi-hatosagok-elotti-ugymenet-covid-19-jarvany-miatt-bevezetett-valtozasairol\/\" \/>\n<meta property=\"og:site_name\" content=\"Danubia\" \/>\n<meta property=\"article:published_time\" content=\"2020-03-25T10:26:34+00:00\" \/>\n<meta property=\"article:modified_time\" content=\"2022-09-21T08:43:29+00:00\" \/>\n<meta property=\"og:image\" content=\"https:\/\/www.danubia.com\/wp-content\/uploads\/2020\/03\/covid-19-danubia.jpg\" \/>\n\t<meta property=\"og:image:width\" content=\"1280\" \/>\n\t<meta property=\"og:image:height\" content=\"688\" \/>\n\t<meta property=\"og:image:type\" content=\"image\/jpeg\" \/>\n<meta name=\"author\" content=\"Danubia Szabadalmi \u00e9s Jogi Iroda\" \/>\n<meta name=\"twitter:card\" content=\"summary_large_image\" \/>\n<meta name=\"twitter:label1\" content=\"Szerz\u0151:\" \/>\n\t<meta name=\"twitter:data1\" content=\"Danubia Szabadalmi \u00e9s Jogi Iroda\" \/>\n\t<meta name=\"twitter:label2\" content=\"Becs\u00fclt olvas\u00e1si id\u0151\" \/>\n\t<meta name=\"twitter:data2\" content=\"1 perc\" \/>\n<script type=\"application\/ld+json\" class=\"yoast-schema-graph\">{\"@context\":\"https:\\\/\\\/schema.org\",\"@graph\":[{\"@type\":\"Article\",\"@id\":\"https:\\\/\\\/www.danubia.com\\\/hu\\\/news\\\/tajekoztato-a-birosagok-es-szellemitulajdon-vedelmi-hatosagok-elotti-ugymenet-covid-19-jarvany-miatt-bevezetett-valtozasairol\\\/#article\",\"isPartOf\":{\"@id\":\"https:\\\/\\\/www.danubia.com\\\/hu\\\/news\\\/tajekoztato-a-birosagok-es-szellemitulajdon-vedelmi-hatosagok-elotti-ugymenet-covid-19-jarvany-miatt-bevezetett-valtozasairol\\\/\"},\"author\":{\"name\":\"Danubia Szabadalmi \u00e9s Jogi Iroda\",\"@id\":\"https:\\\/\\\/www.danubia.com\\\/#\\\/schema\\\/person\\\/c3a081c566cce5d38b32c31f3bf569b8\"},\"headline\":\"T\u00e1j\u00e9koztat\u00f3 a b\u00edr\u00f3s\u00e1gok \u00e9s szellemitulajdon-v\u00e9delmi hat\u00f3s\u00e1gok el\u0151tti \u00fcgymenet COVID-19 j\u00e1rv\u00e1ny miatt bevezetett v\u00e1ltoz\u00e1sair\u00f3l\",\"datePublished\":\"2020-03-25T10:26:34+00:00\",\"dateModified\":\"2022-09-21T08:43:29+00:00\",\"mainEntityOfPage\":{\"@id\":\"https:\\\/\\\/www.danubia.com\\\/hu\\\/news\\\/tajekoztato-a-birosagok-es-szellemitulajdon-vedelmi-hatosagok-elotti-ugymenet-covid-19-jarvany-miatt-bevezetett-valtozasairol\\\/\"},\"wordCount\":261,\"image\":{\"@id\":\"https:\\\/\\\/www.danubia.com\\\/hu\\\/news\\\/tajekoztato-a-birosagok-es-szellemitulajdon-vedelmi-hatosagok-elotti-ugymenet-covid-19-jarvany-miatt-bevezetett-valtozasairol\\\/#primaryimage\"},\"thumbnailUrl\":\"https:\\\/\\\/www.danubia.com\\\/wp-content\\\/uploads\\\/2020\\\/03\\\/covid-19-danubia.jpg\",\"keywords\":[\"covid-19\",\"korona\",\"koronavirus\",\"sztnh\"],\"articleSection\":[\"News\"],\"inLanguage\":\"hu\"},{\"@type\":\"WebPage\",\"@id\":\"https:\\\/\\\/www.danubia.com\\\/hu\\\/news\\\/tajekoztato-a-birosagok-es-szellemitulajdon-vedelmi-hatosagok-elotti-ugymenet-covid-19-jarvany-miatt-bevezetett-valtozasairol\\\/\",\"url\":\"https:\\\/\\\/www.danubia.com\\\/hu\\\/news\\\/tajekoztato-a-birosagok-es-szellemitulajdon-vedelmi-hatosagok-elotti-ugymenet-covid-19-jarvany-miatt-bevezetett-valtozasairol\\\/\",\"name\":\"T\u00e1j\u00e9koztat\u00f3 a b\u00edr\u00f3s\u00e1gok \u00e9s szellemitulajdon-v\u00e9delmi hat\u00f3s\u00e1gok el\u0151tti \u00fcgymenet COVID-19 j\u00e1rv\u00e1ny miatt bevezetett v\u00e1ltoz\u00e1sair\u00f3l - Danubia\",\"isPartOf\":{\"@id\":\"https:\\\/\\\/www.danubia.com\\\/#website\"},\"primaryImageOfPage\":{\"@id\":\"https:\\\/\\\/www.danubia.com\\\/hu\\\/news\\\/tajekoztato-a-birosagok-es-szellemitulajdon-vedelmi-hatosagok-elotti-ugymenet-covid-19-jarvany-miatt-bevezetett-valtozasairol\\\/#primaryimage\"},\"image\":{\"@id\":\"https:\\\/\\\/www.danubia.com\\\/hu\\\/news\\\/tajekoztato-a-birosagok-es-szellemitulajdon-vedelmi-hatosagok-elotti-ugymenet-covid-19-jarvany-miatt-bevezetett-valtozasairol\\\/#primaryimage\"},\"thumbnailUrl\":\"https:\\\/\\\/www.danubia.com\\\/wp-content\\\/uploads\\\/2020\\\/03\\\/covid-19-danubia.jpg\",\"datePublished\":\"2020-03-25T10:26:34+00:00\",\"dateModified\":\"2022-09-21T08:43:29+00:00\",\"author\":{\"@id\":\"https:\\\/\\\/www.danubia.com\\\/#\\\/schema\\\/person\\\/c3a081c566cce5d38b32c31f3bf569b8\"},\"description\":\"A hazai b\u00edr\u00f3s\u00e1gok, az SZTNH, az EPO, az EUIPO \u00e9s a WIPO el\u0151tti \u00fcgymenet v\u00e1ltoz\u00e1sai a COVID-19 v\u00edrus miatti vesz\u00e9lyhelyzet miatt.\",\"breadcrumb\":{\"@id\":\"https:\\\/\\\/www.danubia.com\\\/hu\\\/news\\\/tajekoztato-a-birosagok-es-szellemitulajdon-vedelmi-hatosagok-elotti-ugymenet-covid-19-jarvany-miatt-bevezetett-valtozasairol\\\/#breadcrumb\"},\"inLanguage\":\"hu\",\"potentialAction\":[{\"@type\":\"ReadAction\",\"target\":[\"https:\\\/\\\/www.danubia.com\\\/hu\\\/news\\\/tajekoztato-a-birosagok-es-szellemitulajdon-vedelmi-hatosagok-elotti-ugymenet-covid-19-jarvany-miatt-bevezetett-valtozasairol\\\/\"]}]},{\"@type\":\"ImageObject\",\"inLanguage\":\"hu\",\"@id\":\"https:\\\/\\\/www.danubia.com\\\/hu\\\/news\\\/tajekoztato-a-birosagok-es-szellemitulajdon-vedelmi-hatosagok-elotti-ugymenet-covid-19-jarvany-miatt-bevezetett-valtozasairol\\\/#primaryimage\",\"url\":\"https:\\\/\\\/www.danubia.com\\\/wp-content\\\/uploads\\\/2020\\\/03\\\/covid-19-danubia.jpg\",\"contentUrl\":\"https:\\\/\\\/www.danubia.com\\\/wp-content\\\/uploads\\\/2020\\\/03\\\/covid-19-danubia.jpg\",\"width\":1280,\"height\":688},{\"@type\":\"BreadcrumbList\",\"@id\":\"https:\\\/\\\/www.danubia.com\\\/hu\\\/news\\\/tajekoztato-a-birosagok-es-szellemitulajdon-vedelmi-hatosagok-elotti-ugymenet-covid-19-jarvany-miatt-bevezetett-valtozasairol\\\/#breadcrumb\",\"itemListElement\":[{\"@type\":\"ListItem\",\"position\":1,\"name\":\"Home\",\"item\":\"https:\\\/\\\/www.danubia.com\\\/hu\\\/\"},{\"@type\":\"ListItem\",\"position\":2,\"name\":\"T\u00e1j\u00e9koztat\u00f3 a b\u00edr\u00f3s\u00e1gok \u00e9s szellemitulajdon-v\u00e9delmi hat\u00f3s\u00e1gok el\u0151tti \u00fcgymenet COVID-19 j\u00e1rv\u00e1ny miatt bevezetett v\u00e1ltoz\u00e1sair\u00f3l\"}]},{\"@type\":\"WebSite\",\"@id\":\"https:\\\/\\\/www.danubia.com\\\/#website\",\"url\":\"https:\\\/\\\/www.danubia.com\\\/\",\"name\":\"Danubia\",\"description\":\"\",\"potentialAction\":[{\"@type\":\"SearchAction\",\"target\":{\"@type\":\"EntryPoint\",\"urlTemplate\":\"https:\\\/\\\/www.danubia.com\\\/?s={search_term_string}\"},\"query-input\":{\"@type\":\"PropertyValueSpecification\",\"valueRequired\":true,\"valueName\":\"search_term_string\"}}],\"inLanguage\":\"hu\"},{\"@type\":\"Person\",\"@id\":\"https:\\\/\\\/www.danubia.com\\\/#\\\/schema\\\/person\\\/c3a081c566cce5d38b32c31f3bf569b8\",\"name\":\"Danubia Szabadalmi \u00e9s Jogi Iroda\",\"image\":{\"@type\":\"ImageObject\",\"inLanguage\":\"hu\",\"@id\":\"https:\\\/\\\/secure.gravatar.com\\\/avatar\\\/347a905c0860aaf34650db19625beeb4cfc4347b5df0d66ef80381817b31b53c?s=96&r=g\",\"url\":\"https:\\\/\\\/secure.gravatar.com\\\/avatar\\\/347a905c0860aaf34650db19625beeb4cfc4347b5df0d66ef80381817b31b53c?s=96&r=g\",\"contentUrl\":\"https:\\\/\\\/secure.gravatar.com\\\/avatar\\\/347a905c0860aaf34650db19625beeb4cfc4347b5df0d66ef80381817b31b53c?s=96&r=g\",\"caption\":\"Danubia Szabadalmi \u00e9s Jogi Iroda\"}}]}<\/script>\n<!-- \/ Yoast SEO plugin. -->","yoast_head_json":{"title":"T\u00e1j\u00e9koztat\u00f3 a b\u00edr\u00f3s\u00e1gok \u00e9s szellemitulajdon-v\u00e9delmi hat\u00f3s\u00e1gok el\u0151tti \u00fcgymenet COVID-19 j\u00e1rv\u00e1ny miatt bevezetett v\u00e1ltoz\u00e1sair\u00f3l - Danubia","description":"A hazai b\u00edr\u00f3s\u00e1gok, az SZTNH, az EPO, az EUIPO \u00e9s a WIPO el\u0151tti \u00fcgymenet v\u00e1ltoz\u00e1sai a COVID-19 v\u00edrus miatti vesz\u00e9lyhelyzet miatt.","robots":{"index":"index","follow":"follow","max-snippet":"max-snippet:-1","max-image-preview":"max-image-preview:large","max-video-preview":"max-video-preview:-1"},"canonical":"https:\/\/www.danubia.com\/hu\/news\/tajekoztato-a-birosagok-es-szellemitulajdon-vedelmi-hatosagok-elotti-ugymenet-covid-19-jarvany-miatt-bevezetett-valtozasairol\/","og_locale":"hu_HU","og_type":"article","og_title":"T\u00e1j\u00e9koztat\u00f3 a b\u00edr\u00f3s\u00e1gok \u00e9s szellemitulajdon-v\u00e9delmi hat\u00f3s\u00e1gok el\u0151tti \u00fcgymenet COVID-19 j\u00e1rv\u00e1ny miatt bevezetett v\u00e1ltoz\u00e1sair\u00f3l","og_description":"A hazai b\u00edr\u00f3s\u00e1gok, az SZTNH, az EPO, az EUIPO \u00e9s a WIPO el\u0151tti \u00fcgymenet v\u00e1ltoz\u00e1sai","og_url":"https:\/\/www.danubia.com\/hu\/news\/tajekoztato-a-birosagok-es-szellemitulajdon-vedelmi-hatosagok-elotti-ugymenet-covid-19-jarvany-miatt-bevezetett-valtozasairol\/","og_site_name":"Danubia","article_published_time":"2020-03-25T10:26:34+00:00","article_modified_time":"2022-09-21T08:43:29+00:00","og_image":[{"width":1280,"height":688,"url":"https:\/\/www.danubia.com\/wp-content\/uploads\/2020\/03\/covid-19-danubia.jpg","type":"image\/jpeg"}],"author":"Danubia Szabadalmi \u00e9s Jogi Iroda","twitter_card":"summary_large_image","twitter_misc":{"Szerz\u0151:":"Danubia Szabadalmi \u00e9s Jogi Iroda","Becs\u00fclt olvas\u00e1si id\u0151":"1 perc"},"schema":{"@context":"https:\/\/schema.org","@graph":[{"@type":"Article","@id":"https:\/\/www.danubia.com\/hu\/news\/tajekoztato-a-birosagok-es-szellemitulajdon-vedelmi-hatosagok-elotti-ugymenet-covid-19-jarvany-miatt-bevezetett-valtozasairol\/#article","isPartOf":{"@id":"https:\/\/www.danubia.com\/hu\/news\/tajekoztato-a-birosagok-es-szellemitulajdon-vedelmi-hatosagok-elotti-ugymenet-covid-19-jarvany-miatt-bevezetett-valtozasairol\/"},"author":{"name":"Danubia Szabadalmi \u00e9s Jogi Iroda","@id":"https:\/\/www.danubia.com\/#\/schema\/person\/c3a081c566cce5d38b32c31f3bf569b8"},"headline":"T\u00e1j\u00e9koztat\u00f3 a b\u00edr\u00f3s\u00e1gok \u00e9s szellemitulajdon-v\u00e9delmi hat\u00f3s\u00e1gok el\u0151tti \u00fcgymenet COVID-19 j\u00e1rv\u00e1ny miatt bevezetett v\u00e1ltoz\u00e1sair\u00f3l","datePublished":"2020-03-25T10:26:34+00:00","dateModified":"2022-09-21T08:43:29+00:00","mainEntityOfPage":{"@id":"https:\/\/www.danubia.com\/hu\/news\/tajekoztato-a-birosagok-es-szellemitulajdon-vedelmi-hatosagok-elotti-ugymenet-covid-19-jarvany-miatt-bevezetett-valtozasairol\/"},"wordCount":261,"image":{"@id":"https:\/\/www.danubia.com\/hu\/news\/tajekoztato-a-birosagok-es-szellemitulajdon-vedelmi-hatosagok-elotti-ugymenet-covid-19-jarvany-miatt-bevezetett-valtozasairol\/#primaryimage"},"thumbnailUrl":"https:\/\/www.danubia.com\/wp-content\/uploads\/2020\/03\/covid-19-danubia.jpg","keywords":["covid-19","korona","koronavirus","sztnh"],"articleSection":["News"],"inLanguage":"hu"},{"@type":"WebPage","@id":"https:\/\/www.danubia.com\/hu\/news\/tajekoztato-a-birosagok-es-szellemitulajdon-vedelmi-hatosagok-elotti-ugymenet-covid-19-jarvany-miatt-bevezetett-valtozasairol\/","url":"https:\/\/www.danubia.com\/hu\/news\/tajekoztato-a-birosagok-es-szellemitulajdon-vedelmi-hatosagok-elotti-ugymenet-covid-19-jarvany-miatt-bevezetett-valtozasairol\/","name":"T\u00e1j\u00e9koztat\u00f3 a b\u00edr\u00f3s\u00e1gok \u00e9s szellemitulajdon-v\u00e9delmi hat\u00f3s\u00e1gok el\u0151tti \u00fcgymenet COVID-19 j\u00e1rv\u00e1ny miatt bevezetett v\u00e1ltoz\u00e1sair\u00f3l - Danubia","isPartOf":{"@id":"https:\/\/www.danubia.com\/#website"},"primaryImageOfPage":{"@id":"https:\/\/www.danubia.com\/hu\/news\/tajekoztato-a-birosagok-es-szellemitulajdon-vedelmi-hatosagok-elotti-ugymenet-covid-19-jarvany-miatt-bevezetett-valtozasairol\/#primaryimage"},"image":{"@id":"https:\/\/www.danubia.com\/hu\/news\/tajekoztato-a-birosagok-es-szellemitulajdon-vedelmi-hatosagok-elotti-ugymenet-covid-19-jarvany-miatt-bevezetett-valtozasairol\/#primaryimage"},"thumbnailUrl":"https:\/\/www.danubia.com\/wp-content\/uploads\/2020\/03\/covid-19-danubia.jpg","datePublished":"2020-03-25T10:26:34+00:00","dateModified":"2022-09-21T08:43:29+00:00","author":{"@id":"https:\/\/www.danubia.com\/#\/schema\/person\/c3a081c566cce5d38b32c31f3bf569b8"},"description":"A hazai b\u00edr\u00f3s\u00e1gok, az SZTNH, az EPO, az EUIPO \u00e9s a WIPO el\u0151tti \u00fcgymenet v\u00e1ltoz\u00e1sai a COVID-19 v\u00edrus miatti vesz\u00e9lyhelyzet miatt.","breadcrumb":{"@id":"https:\/\/www.danubia.com\/hu\/news\/tajekoztato-a-birosagok-es-szellemitulajdon-vedelmi-hatosagok-elotti-ugymenet-covid-19-jarvany-miatt-bevezetett-valtozasairol\/#breadcrumb"},"inLanguage":"hu","potentialAction":[{"@type":"ReadAction","target":["https:\/\/www.danubia.com\/hu\/news\/tajekoztato-a-birosagok-es-szellemitulajdon-vedelmi-hatosagok-elotti-ugymenet-covid-19-jarvany-miatt-bevezetett-valtozasairol\/"]}]},{"@type":"ImageObject","inLanguage":"hu","@id":"https:\/\/www.danubia.com\/hu\/news\/tajekoztato-a-birosagok-es-szellemitulajdon-vedelmi-hatosagok-elotti-ugymenet-covid-19-jarvany-miatt-bevezetett-valtozasairol\/#primaryimage","url":"https:\/\/www.danubia.com\/wp-content\/uploads\/2020\/03\/covid-19-danubia.jpg","contentUrl":"https:\/\/www.danubia.com\/wp-content\/uploads\/2020\/03\/covid-19-danubia.jpg","width":1280,"height":688},{"@type":"BreadcrumbList","@id":"https:\/\/www.danubia.com\/hu\/news\/tajekoztato-a-birosagok-es-szellemitulajdon-vedelmi-hatosagok-elotti-ugymenet-covid-19-jarvany-miatt-bevezetett-valtozasairol\/#breadcrumb","itemListElement":[{"@type":"ListItem","position":1,"name":"Home","item":"https:\/\/www.danubia.com\/hu\/"},{"@type":"ListItem","position":2,"name":"T\u00e1j\u00e9koztat\u00f3 a b\u00edr\u00f3s\u00e1gok \u00e9s szellemitulajdon-v\u00e9delmi hat\u00f3s\u00e1gok el\u0151tti \u00fcgymenet COVID-19 j\u00e1rv\u00e1ny miatt bevezetett v\u00e1ltoz\u00e1sair\u00f3l"}]},{"@type":"WebSite","@id":"https:\/\/www.danubia.com\/#website","url":"https:\/\/www.danubia.com\/","name":"Danubia","description":"","potentialAction":[{"@type":"SearchAction","target":{"@type":"EntryPoint","urlTemplate":"https:\/\/www.danubia.com\/?s={search_term_string}"},"query-input":{"@type":"PropertyValueSpecification","valueRequired":true,"valueName":"search_term_string"}}],"inLanguage":"hu"},{"@type":"Person","@id":"https:\/\/www.danubia.com\/#\/schema\/person\/c3a081c566cce5d38b32c31f3bf569b8","name":"Danubia Szabadalmi \u00e9s Jogi Iroda","image":{"@type":"ImageObject","inLanguage":"hu","@id":"https:\/\/secure.gravatar.com\/avatar\/347a905c0860aaf34650db19625beeb4cfc4347b5df0d66ef80381817b31b53c?s=96&r=g","url":"https:\/\/secure.gravatar.com\/avatar\/347a905c0860aaf34650db19625beeb4cfc4347b5df0d66ef80381817b31b53c?s=96&r=g","contentUrl":"https:\/\/secure.gravatar.com\/avatar\/347a905c0860aaf34650db19625beeb4cfc4347b5df0d66ef80381817b31b53c?s=96&r=g","caption":"Danubia Szabadalmi \u00e9s Jogi Iroda"}}]}},"_links":{"self":[{"href":"https:\/\/www.danubia.com\/hu\/wp-json\/wp\/v2\/posts\/4214","targetHints":{"allow":["GET"]}}],"collection":[{"href":"https:\/\/www.danubia.com\/hu\/wp-json\/wp\/v2\/posts"}],"about":[{"href":"https:\/\/www.danubia.com\/hu\/wp-json\/wp\/v2\/types\/post"}],"author":[{"embeddable":true,"href":"https:\/\/www.danubia.com\/hu\/wp-json\/wp\/v2\/users\/1"}],"replies":[{"embeddable":true,"href":"https:\/\/www.danubia.com\/hu\/wp-json\/wp\/v2\/comments?post=4214"}],"version-history":[{"count":15,"href":"https:\/\/www.danubia.com\/hu\/wp-json\/wp\/v2\/posts\/4214\/revisions"}],"predecessor-version":[{"id":9946,"href":"https:\/\/www.danubia.com\/hu\/wp-json\/wp\/v2\/posts\/4214\/revisions\/9946"}],"wp:featuredmedia":[{"embeddable":true,"href":"https:\/\/www.danubia.com\/hu\/wp-json\/wp\/v2\/media\/4215"}],"wp:attachment":[{"href":"https:\/\/www.danubia.com\/hu\/wp-json\/wp\/v2\/media?parent=4214"}],"wp:term":[{"taxonomy":"category","embeddable":true,"href":"https:\/\/www.danubia.com\/hu\/wp-json\/wp\/v2\/categories?post=4214"},{"taxonomy":"post_tag","embeddable":true,"href":"https:\/\/www.danubia.com\/hu\/wp-json\/wp\/v2\/tags?post=4214"}],"curies":[{"name":"wp","href":"https:\/\/api.w.org\/{rel}","templated":true}]}}