{"id":4403,"date":"2020-05-15T08:25:16","date_gmt":"2020-05-15T08:25:16","guid":{"rendered":"https:\/\/www.danubia.com\/?p=4403"},"modified":"2020-06-23T09:20:12","modified_gmt":"2020-06-23T09:20:12","slug":"8-talalmany-amirol-sosem-hinne-hogy-szabadalmaztattak-nem-is-mindet-sikerult","status":"publish","type":"post","link":"https:\/\/www.danubia.com\/hu\/szabadalom\/8-talalmany-amirol-sosem-hinne-hogy-szabadalmaztattak-nem-is-mindet-sikerult\/","title":{"rendered":"8 tal\u00e1lm\u00e1ny, amir\u0151l sosem hinn\u00e9, hogy szabadalmaztatt\u00e1k"},"content":{"rendered":"<p>Rengeteg olyan tal\u00e1lm\u00e1nyt szabadalmaztattak m\u00e1r, amely megk\u00f6nny\u00edti mindennapjainkat. Akad azonban n\u00e9h\u00e1ny olyan agysz\u00fclem\u00e9ny, amelyr\u0151l neh\u00e9z elhinni, hogy valaki megpr\u00f3b\u00e1lta szabadalmaztatni \u0151ket, s\u0151t, sok esetben sikerrel is j\u00e1rt.<\/p>\n<p>Egy tal\u00e1lm\u00e1ny szabadalmaztat\u00e1s\u00e1nak felt\u00e9tele, hogy legyen \u00faj, \u00e9s alapuljon feltal\u00e1l\u00f3i tev\u00e9kenys\u00e9gen avagy ne legyen nyilv\u00e1nval\u00f3 a kor\u00e1bbi ismeretek t\u00fckr\u00e9ben. Ezenk\u00edv\u00fcl a legt\u00f6bb jogrendszer kik\u00f6ti, hogy legyen iparilag alkalmazhat\u00f3; az Egyes\u00fclt \u00c1llamokban pedig hasznosnak kell lennie, valamilyen konkr\u00e9t, meghat\u00e1rozott c\u00e9lra. Hogy mi hasznos a h\u00e9tk\u00f6znapi \u00e9rtelemben, arr\u00f3l \u00e1ltal\u00e1ban van valamilyen kialakult v\u00e9lem\u00e9ny\u00fcnk. Egyes tal\u00e1lm\u00e1nyok hasznoss\u00e1ga azonban, \u00fagy t\u0171nik, nem h\u00e9tk\u00f6znapi.<\/p>\n<p>K\u00f6vetkezzen n\u00e9h\u00e1ny olyan tal\u00e1lm\u00e1ny, amelyek l\u00e1tt\u00e1n az embernek akaratlanul is felszalad a szem\u00f6ld\u00f6ke.<\/p>\n<ol>\n<li><strong> K\u00edgy\u00f3s\u00e9t\u00e1ltat\u00f3 rendszer<\/strong> (<a href=\"https:\/\/patents.google.com\/patent\/US6490999B1\/en\">US6490999<\/a>). 2002-es szabadalom az Amerikai Egyes\u00fclt \u00c1llamokb\u00f3l. A le\u00edr\u00e1s szerint a k\u00edgy\u00f3tulajdonosoknak eddig komoly probl\u00e9m\u00e1t okozott kedvenc\u00fcknek a megfelel\u0151 testmozg\u00e1si lehet\u0151s\u00e9geket biztos\u00edtani. Ez a tal\u00e1lm\u00e1ny azonban lehet\u0151v\u00e9 teszi, hogy a h\u00fcll\u0151 ne tudjon elsz\u00f6kni, mik\u00f6zben leveg\u0151ztetik.<\/li>\n<\/ol>\n<p><img loading=\"lazy\" decoding=\"async\" class=\"aligncenter wp-image-4404 size-full\" src=\"https:\/\/www.danubia.com\/wp-content\/uploads\/2020\/06\/1.png\" alt=\"\" width=\"852\" height=\"612\" srcset=\"https:\/\/www.danubia.com\/wp-content\/uploads\/2020\/06\/1.png 852w, https:\/\/www.danubia.com\/wp-content\/uploads\/2020\/06\/1-480x345.png 480w\" sizes=\"(min-width: 0px) and (max-width: 480px) 480px, (min-width: 481px) 852px, 100vw\" \/><\/p>\n<ol start=\"2\">\n<li><strong> K\u00e9pzeletbeli \u00e1llat s\u00e9t\u00e1ltat\u00e1s\u00e1ra val\u00f3 p\u00f3r\u00e1z<\/strong>. Az 1997-es nemzetk\u00f6zi szabadalmi bejelent\u00e9s (<a href=\"https:\/\/patents.google.com\/patent\/WO1997001384A1\/en?oq=WO1997001384\">WO1997001384<\/a>) egy olyan p\u00f3r\u00e1zt mutat be, amely egy l\u00e1thatatlan kis\u00e1llatot imit\u00e1l s\u00e9ta k\u00f6zben. A feltal\u00e1l\u00f3k mindenre gondoltak: a p\u00f3r\u00e1z k\u00fcl\u00f6nb\u00f6z\u0151 hangokat tud kiadni, illetve azt a hat\u00e1st is el lehet \u00e9rni az ir\u00e1ny\u00edt\u00f3val, mintha a kiskedvenc cik\u00e1zna az utc\u00e1n, vagy \u00e9ppen el akarna r\u00e1ngatni minket valahov\u00e1. Sz\u00f3val, ha az embernek el\u00e9g nagy a fant\u00e1zi\u00e1ja, egy komplett sz\u00edndarabot el\u0151 tud adni egy ilyen eszk\u00f6z seg\u00edts\u00e9g\u00e9vel.<\/li>\n<\/ol>\n<p><img loading=\"lazy\" decoding=\"async\" class=\"aligncenter wp-image-4406 size-full\" src=\"https:\/\/www.danubia.com\/wp-content\/uploads\/2020\/06\/2.png\" alt=\"\" width=\"677\" height=\"512\" srcset=\"https:\/\/www.danubia.com\/wp-content\/uploads\/2020\/06\/2.png 677w, https:\/\/www.danubia.com\/wp-content\/uploads\/2020\/06\/2-480x363.png 480w\" sizes=\"(min-width: 0px) and (max-width: 480px) 480px, (min-width: 481px) 677px, 100vw\" \/><\/p>\n<ol start=\"3\">\n<li>A k\u00e9pzeletbeli \u00e1llatok k\u00f6z\u00e9 tartoznak az egyszarv\u00faak is. Melyik kisl\u00e1ny nem \u00e1lmodott arr\u00f3l, hogy tal\u00e1lkozik egy igazi unikornissal? Csak gondoljunk Agnes-ra, a Gru c. filmek kedvelt szerepl\u0151j\u00e9re. \u0150 val\u00f3sz\u00edn\u0171leg csillog\u00f3 szemmel olvasn\u00e1 a k\u00f6vetkez\u0151 szabadalmat, mely egyszarv\u00fa \u00e1llatok \u201ek\u00e9sz\u00edt\u00e9s\u00e9r\u0151l\u201d sz\u00f3l.<\/li>\n<\/ol>\n<p>Az USA-beli 1984-es szabadalom (<a href=\"https:\/\/patents.google.com\/patent\/US4429685A\/en?oq=US4429685\">US4429685<\/a>) ugyanis egy olyan seb\u00e9szeti elj\u00e1r\u00e1st ismertet, mellyel a norm\u00e1lisan k\u00e9tszarv\u00fa \u00e1llatokat egyszarv\u00faakk\u00e1 lehet \u00a0\u201e\u00e1tszabni\u201d. Az\u00e9rt merem rem\u00e9lni, hogy az \u00e1llatv\u00e9d\u0151k fell\u00e9pn\u00e9nek ilyen m\u0171t\u00e9tek ellen.<\/p>\n<p><img loading=\"lazy\" decoding=\"async\" class=\"aligncenter wp-image-4408 size-full\" src=\"https:\/\/www.danubia.com\/wp-content\/uploads\/2020\/06\/3.png\" alt=\"\" width=\"340\" height=\"294\" srcset=\"https:\/\/www.danubia.com\/wp-content\/uploads\/2020\/06\/3.png 340w, https:\/\/www.danubia.com\/wp-content\/uploads\/2020\/06\/3-300x259.png 300w\" sizes=\"(max-width: 340px) 100vw, 340px\" \/><\/p>\n<ol start=\"4\">\n<li>Ez olyan <strong>rendsz\u00e1mt\u00e1bl\u00e1<\/strong>kat mutat be, amelyek jelzik a vezet\u0151 nem\u00e9t. Att\u00f3l f\u00fcgg\u0151en, hogy a sof\u0151r f\u00e9rfi vagy n\u0151, a rendsz\u00e1mt\u00e1bla elt\u00e9r\u0151. A 2000-es, Egyes\u00fclt Kir\u00e1lys\u00e1g-beli szabadalmi bejelent\u00e9s (<a href=\"https:\/\/patents.google.com\/patent\/GB2339950A\/en?oq=GB2339950A\">GB2339950<\/a>) szerint ha az emberek tudj\u00e1k, hogy p\u00e9ld\u00e1ul az el\u0151tt\u00fck l\u00e9v\u0151 aut\u00f3t n\u0151 vagy f\u00e9rfi vezeti, ahhoz tudj\u00e1k igaz\u00edtani a saj\u00e1t vezet\u00e9si st\u00edlusukat (mennyire kell t\u00fcrelmesnek lenni\u00fck, stb.). Azt persze nem tudni, hogy a feminist\u00e1k mit sz\u00f3ln\u00e1nak, ha ez forgalomba ker\u00fclne\u2026 Mindenesetre erre a \u201emegold\u00e1sra\u201d v\u00e9g\u00fcl nem adtak szabadalmat.<\/li>\n<\/ol>\n<p><img loading=\"lazy\" decoding=\"async\" class=\"aligncenter wp-image-4410 size-full\" src=\"https:\/\/www.danubia.com\/wp-content\/uploads\/2020\/06\/4.png\" alt=\"\" width=\"786\" height=\"420\" srcset=\"https:\/\/www.danubia.com\/wp-content\/uploads\/2020\/06\/4.png 786w, https:\/\/www.danubia.com\/wp-content\/uploads\/2020\/06\/4-480x256.png 480w\" sizes=\"(min-width: 0px) and (max-width: 480px) 480px, (min-width: 481px) 786px, 100vw\" \/><\/p>\n<ol start=\"5\">\n<li>Az \u0151r\u00fclt szabadalmakra egy k\u00fcl\u00f6nleges p\u00e9lda a <strong>serny\u0151<\/strong> (az angol Beerbrella = s\u00f6rerny\u0151 ut\u00e1n szabadon). Ezt a kis erny\u0151t a s\u00f6r\u00f6s\u00fcveg oldal\u00e1ra felszerelve megv\u00e9dhetj\u00fck italunkat a napf\u00e9nyt\u0151l, a le\u00e9g\u00e9st\u0151l, az es\u0151t\u0151l; egysz\u00f3val nagyon hasznos tal\u00e1lm\u00e1ny. USA, 2003 (<a href=\"https:\/\/patents.google.com\/patent\/US6637447B2\/en?oq=US6637447B2\">US6637447<\/a>).<\/li>\n<\/ol>\n<p><img loading=\"lazy\" decoding=\"async\" class=\"aligncenter wp-image-4412 size-full\" src=\"https:\/\/www.danubia.com\/wp-content\/uploads\/2020\/06\/5.png\" alt=\"\" width=\"785\" height=\"566\" srcset=\"https:\/\/www.danubia.com\/wp-content\/uploads\/2020\/06\/5.png 785w, https:\/\/www.danubia.com\/wp-content\/uploads\/2020\/06\/5-480x346.png 480w\" sizes=\"(min-width: 0px) and (max-width: 480px) 480px, (min-width: 481px) 785px, 100vw\" \/><\/p>\n<ol start=\"6\">\n<li>Mindennapi probl\u00e9m\u00e1ra ad nem mindennapi megold\u00e1st a k\u00f6vetkez\u0151 tal\u00e1lm\u00e1ny: <strong>babapaskol\u00f3 g\u00e9pezet<\/strong> (<a href=\"https:\/\/patents.google.com\/patent\/US3552388\">US3552388<\/a>; USA, 1971). A kisbab\u00e1k nehezen alszanak el, s\u0151t gyakran az \u00e9jszaka k\u00f6zep\u00e9n fel\u00e9brednek, a sz\u00fcl\u0151knek pedig mindig fel kell kelni\u00fck \u00fajra meg \u00fajra, hogy elaltass\u00e1k gyermek\u00fcket. Ezt gyakran a kisbaba popsij\u00e1nak \u00fctemes paskol\u00e1s\u00e1val \u00e9rik el; \u00e9s hogy ne keljen emiatt a f\u00e1radt anyuk\u00e1nak\/apuk\u00e1nak kikelnie az \u00e1gyb\u00f3l, \u00edme itt egy tal\u00e1lm\u00e1ny, amely \u00e1tveszi ezt a feladatot. Az\u00e9rt k\u00edv\u00e1ncsi lenn\u00e9k, hogy melyik sz\u00fcl\u0151 mern\u00e9 a gyermek\u00e9t r\u00e1b\u00edzni egy ilyen g\u00e9pezetre. Nem is tudok r\u00f3la, hogy elterjedt volna.<\/li>\n<\/ol>\n<p><img loading=\"lazy\" decoding=\"async\" class=\"aligncenter wp-image-4414 size-full\" src=\"https:\/\/www.danubia.com\/wp-content\/uploads\/2020\/06\/6.png\" alt=\"\" width=\"774\" height=\"649\" srcset=\"https:\/\/www.danubia.com\/wp-content\/uploads\/2020\/06\/6.png 774w, https:\/\/www.danubia.com\/wp-content\/uploads\/2020\/06\/6-480x402.png 480w\" sizes=\"(min-width: 0px) and (max-width: 480px) 480px, (min-width: 481px) 774px, 100vw\" \/><\/p>\n<ol start=\"7\">\n<li>A <strong>p\u00f3kl\u00e9tra<\/strong> szint\u00e9n nagyon hasznos tal\u00e1lm\u00e1ny (Egyes\u00fclt Kir\u00e1lys\u00e1g, 1994; <a href=\"https:\/\/patents.google.com\/patent\/GB2272154A\/en?oq=GB2272154\">GB2272154<\/a>), f\u0151leg sz\u00fanyoginv\u00e1zi\u00f3 idej\u00e9n. A f\u00fcrd\u0151szob\u00e1kban gyakran el\u0151fordul, hogy a p\u00f3kok csapd\u00e1ba esnek a k\u00e1dban, vagy a csapban. Ahelyett, hogy egyszer\u0171en lefolyatn\u00e1nk a p\u00f3kot, vagy egy pap\u00edrlappal kiemeln\u00e9nk a szerencs\u00e9tlen\u00fcl j\u00e1rt \u00e1llatot, haszn\u00e1lhatjuk ezt a nagyszer\u0171 tal\u00e1lm\u00e1nyt. A k\u00e1d oldal\u00e1hoz illeszthet\u0151 l\u00e9tr\u00e1n a nyolcl\u00e1b\u00faak k\u00f6nnyed\u00e9n felm\u00e1szhatnak, ez\u00e1ltal megmenek\u00fclve szorult helyzet\u00fckb\u0151l. \u00c1llatbar\u00e1tok sz\u00e1m\u00e1ra k\u00fcl\u00f6n\u00f6sen aj\u00e1nlott!<\/li>\n<\/ol>\n<ol start=\"8\">\n<li>V\u00e9g\u00fcl itt egy kiss\u00e9 morbid tal\u00e1lm\u00e1ny: <strong>kar\u00f3ra, amely mutatja, hogy m\u00e9g mennyi id\u0151nk van h\u00e1tra<\/strong>. Az 1991-es, USA-beli szabadalom (<a href=\"https:\/\/patents.google.com\/patent\/US5031161A\/en?oq=US5031161\">US5031161<\/a>) egy k\u00fcl\u00f6n t\u00e1bl\u00e1zatban azt is ismerteti, hogy mi alapj\u00e1n ad hozz\u00e1, vagy vesz el a marad\u00e9k id\u0151nkb\u0151l: p\u00e9ld\u00e1ul a rendszeres testmozg\u00e1s hozz\u00e1ad, a doh\u00e1nyz\u00e1s elvesz. Ha valaki szeretn\u00e9 ,,pontosan\u201d tudni, hogy m\u00e9g mennyi ideje van h\u00e1tra, semmi akad\u00e1lya, ugyanis ilyen id\u0151m\u00e9r\u0151ket val\u00f3ban \u00e1rulnak kereskedelmi forgalomban. A <a href=\"https:\/\/mytikker.com\/\">MyTikker.com<\/a> oldalon potom 59,99\u00a0doll\u00e1r\u00e9rt (kb. 16.000\u00a0Ft-\u00e9rt) m\u00e1r a mi\u00e9nk lehet egy ilyen szerkezet. \u00c9n szem\u00e9ly szerint nem szeretn\u00e9k ilyen \u00f3r\u00e1t viselni, de akit megihletett a Lopott id\u0151 c. film, annak b\u00e1tran aj\u00e1nlom.<\/li>\n<\/ol>\n<p><img loading=\"lazy\" decoding=\"async\" class=\"aligncenter wp-image-4418 size-full\" src=\"https:\/\/www.danubia.com\/wp-content\/uploads\/2020\/06\/8.jpg\" alt=\"\" width=\"920\" height=\"545\" srcset=\"https:\/\/www.danubia.com\/wp-content\/uploads\/2020\/06\/8.jpg 920w, https:\/\/www.danubia.com\/wp-content\/uploads\/2020\/06\/8-480x284.jpg 480w\" sizes=\"(min-width: 0px) and (max-width: 480px) 480px, (min-width: 481px) 920px, 100vw\" \/><\/p>\n<blockquote>\n<h4 style=\"text-align: center;\"><span style=\"color: #ff0000;\">Seg\u00edthet\u00fcnk az \u00d6n tal\u00e1lm\u00e1ny\u00e1val? \u00cdrjon!\u00a0<\/span><\/h4>\n<\/blockquote>\n<p><a href=\"https:\/\/www.danubia.com\/hu\/munkatarsaink\/haraszti-helga\/\" target=\"_blank\" rel=\"noopener noreferrer\">Haraszti Helga<\/a><br \/>\niparjogv\u00e9delmi szakreferens<\/p>\n<p><img loading=\"lazy\" decoding=\"async\" class=\"alignnone size-medium wp-image-3930\" src=\"https:\/\/www.danubia.com\/wp-content\/uploads\/2020\/02\/Haraszti-Helga-300x300.jpg\" alt=\"\" width=\"300\" height=\"300\" \/><\/p>\n<p>&nbsp;<\/p>\n<p><u>Forr\u00e1s:<\/u><\/p>\n<p><a href=\"http:\/\/www.freepatentsonline.com\/crazy.html\">http:\/\/www.freepatentsonline.com\/crazy.html<\/a><\/p>\n<ol start=\"5\">\n<li>serny\u0151<\/li>\n<\/ol>\n<p><a href=\"https:\/\/list25.com\/25-strangest-patents-ever-filed\/\">https:\/\/list25.com\/25-strangest-patents-ever-filed\/<\/a><\/p>\n<ol>\n<li>k\u00edgy\u00f3s\u00e9t\u00e1ltat\u00f3, 5. serny\u0151, 8. kar\u00f3ra<\/li>\n<\/ol>\n<p><a href=\"http:\/\/www.invention-protection.com\/inventor-resources\/interesting-patents\/\">http:\/\/www.invention-protection.com\/inventor-resources\/interesting-patents\/<\/a><\/p>\n<ol start=\"6\">\n<li>babapaskol\u00f3, 8. kar\u00f3ra<\/li>\n<\/ol>\n<p><a href=\"http:\/\/www.patentlyabsurd.org.uk\/\">http:\/\/www.patentlyabsurd.org.uk\/<\/a><\/p>\n<ol start=\"2\">\n<li>k\u00e9pzeletbeli \u00e1llat, 3. unikornis, 4. rendsz\u00e1mt\u00e1bla, 7. p\u00f3kl\u00e9tra<\/li>\n<\/ol>\n<p><u>K\u00e9pek forr\u00e1sai:<\/u><\/p>\n<ol>\n<li>k\u00edgy\u00f3s\u00e9t\u00e1ltat\u00f3: <a href=\"https:\/\/patents.google.com\/patent\/US6490999B1\/en\">https:\/\/patents.google.com\/patent\/US6490999B1\/en<\/a><\/li>\n<li>k\u00e9pzeletbeli \u00e1llat p\u00f3r\u00e1za: <a href=\"https:\/\/worldwide.espacenet.com\/publicationDetails\/mosaics?CC=WO&amp;NR=9701384A1&amp;KC=A1&amp;FT=D&amp;ND=&amp;date=19970116&amp;DB=&amp;locale=en_ep\">https:\/\/worldwide.espacenet.com\/publicationDetails\/mosaics?CC=WO&amp;NR=9701384A1&amp;KC=A1&amp;FT=D&amp;ND=&amp;date=19970116&amp;DB=&amp;locale=en_ep#<\/a><\/li>\n<li>Agnes \u00e9s az unikornis: <a href=\"https:\/\/hu.pinterest.com\/pin\/331577591291389082\">https:\/\/hu.pinterest.com\/pin\/331577591291389082<\/a><\/li>\n<li>rendsz\u00e1mt\u00e1bla: <a href=\"https:\/\/patentimages.storage.googleapis.com\/42\/f5\/f2\/80b65d30f6b4ab\/GB2339950A.pdf\">https:\/\/patentimages.storage.googleapis.com\/42\/f5\/f2\/80b65d30f6b4ab\/GB2339950A.pdf<\/a><\/li>\n<li>serny\u0151 (2 k\u00e9p): <a href=\"https:\/\/patents.google.com\/patent\/US6637447B2\/en?oq=US6637447B2\">https:\/\/patents.google.com\/patent\/US6637447B2\/en?oq=US6637447B2<\/a><\/li>\n<li>babapaskol\u00f3: <a href=\"https:\/\/patents.google.com\/patent\/US3552388\">https:\/\/patents.google.com\/patent\/US3552388<\/a><\/li>\n<li>p\u00f3kl\u00e9tra: <a href=\"https:\/\/patentimages.storage.googleapis.com\/0f\/72\/24\/646ca37d70df89\/GB2272154A.pdf\">https:\/\/patentimages.storage.googleapis.com\/0f\/72\/24\/646ca37d70df89\/GB2272154A.pdf<\/a><\/li>\n<\/ol>\n<p>8.1. kar\u00f3ra &#8211; rajz: <a href=\"https:\/\/patents.google.com\/patent\/US5031161A\/en?oq=US5031161\">https:\/\/patents.google.com\/patent\/US5031161A\/en?oq=US5031161<\/a><\/p>\n<p>8.2. kar\u00f3ra &#8211; k\u00e9p: <a href=\"https:\/\/mytikker.com\/collections\/tikker\">https:\/\/mytikker.com\/collections\/tikker<\/a><\/p>\n<p>&nbsp;<\/p>\n<p>&nbsp;<\/p>\n<p>&nbsp;<\/p>\n<p>&nbsp;<\/p>\n","protected":false},"excerpt":{"rendered":"<p>Rengeteg tal\u00e1lm\u00e1nyt szabadalmaztattak m\u00e1r, amely megk\u00f6nny\u00edti mindennapjainkat. De van n\u00e9h\u00e1ny olyan, amelyr\u0151l neh\u00e9z elhinni, megpr\u00f3b\u00e1lt\u00e1k szabadalmaztatni. <\/p>\n","protected":false},"author":1,"featured_media":4406,"comment_status":"closed","ping_status":"closed","sticky":false,"template":"","format":"standard","meta":{"_et_pb_use_builder":"","_et_pb_old_content":"","_et_gb_content_width":"","footnotes":""},"categories":[91],"tags":[92],"class_list":["post-4403","post","type-post","status-publish","format-standard","has-post-thumbnail","hentry","category-szabadalom","tag-talalmany"],"yoast_head":"<!-- This site is optimized with the Yoast SEO plugin v27.3 - https:\/\/yoast.com\/product\/yoast-seo-wordpress\/ -->\n<title>8 tal\u00e1lm\u00e1ny, amir\u0151l sosem hinn\u00e9, hogy szabadalmaztatt\u00e1k - Danubia<\/title>\n<meta name=\"description\" content=\"Rengeteg tal\u00e1lm\u00e1nyt szabadalmaztattak m\u00e1r, amely megk\u00f6nny\u00edti mindennapjainkat. De van n\u00e9h\u00e1ny olyan, amelyr\u0151l neh\u00e9z elhinni, megpr\u00f3b\u00e1lt\u00e1k szabadalmaztatni.\" \/>\n<meta name=\"robots\" content=\"index, follow, max-snippet:-1, max-image-preview:large, max-video-preview:-1\" \/>\n<link rel=\"canonical\" href=\"https:\/\/www.danubia.com\/hu\/szabadalom\/8-talalmany-amirol-sosem-hinne-hogy-szabadalmaztattak-nem-is-mindet-sikerult\/\" \/>\n<meta property=\"og:locale\" content=\"hu_HU\" \/>\n<meta property=\"og:type\" content=\"article\" \/>\n<meta property=\"og:title\" content=\"8 tal\u00e1lm\u00e1ny, amir\u0151l sosem hinn\u00e9, hogy szabadalmaztatt\u00e1k - Danubia\" \/>\n<meta property=\"og:description\" content=\"Rengeteg tal\u00e1lm\u00e1nyt szabadalmaztattak m\u00e1r, amely megk\u00f6nny\u00edti mindennapjainkat. De van n\u00e9h\u00e1ny olyan, amelyr\u0151l neh\u00e9z elhinni, megpr\u00f3b\u00e1lt\u00e1k szabadalmaztatni.\" \/>\n<meta property=\"og:url\" content=\"https:\/\/www.danubia.com\/hu\/szabadalom\/8-talalmany-amirol-sosem-hinne-hogy-szabadalmaztattak-nem-is-mindet-sikerult\/\" \/>\n<meta property=\"og:site_name\" content=\"Danubia\" \/>\n<meta property=\"article:published_time\" content=\"2020-05-15T08:25:16+00:00\" \/>\n<meta property=\"article:modified_time\" content=\"2020-06-23T09:20:12+00:00\" \/>\n<meta property=\"og:image\" content=\"https:\/\/www.danubia.com\/wp-content\/uploads\/2020\/06\/2.png\" \/>\n\t<meta property=\"og:image:width\" content=\"677\" \/>\n\t<meta property=\"og:image:height\" content=\"512\" \/>\n\t<meta property=\"og:image:type\" content=\"image\/png\" \/>\n<meta name=\"author\" content=\"Danubia Szabadalmi \u00e9s Jogi Iroda\" \/>\n<meta name=\"twitter:card\" content=\"summary_large_image\" \/>\n<meta name=\"twitter:label1\" content=\"Szerz\u0151:\" \/>\n\t<meta name=\"twitter:data1\" content=\"Danubia Szabadalmi \u00e9s Jogi Iroda\" \/>\n\t<meta name=\"twitter:label2\" content=\"Becs\u00fclt olvas\u00e1si id\u0151\" \/>\n\t<meta name=\"twitter:data2\" content=\"6 perc\" \/>\n<script type=\"application\/ld+json\" class=\"yoast-schema-graph\">{\"@context\":\"https:\\\/\\\/schema.org\",\"@graph\":[{\"@type\":\"Article\",\"@id\":\"https:\\\/\\\/www.danubia.com\\\/hu\\\/szabadalom\\\/8-talalmany-amirol-sosem-hinne-hogy-szabadalmaztattak-nem-is-mindet-sikerult\\\/#article\",\"isPartOf\":{\"@id\":\"https:\\\/\\\/www.danubia.com\\\/hu\\\/szabadalom\\\/8-talalmany-amirol-sosem-hinne-hogy-szabadalmaztattak-nem-is-mindet-sikerult\\\/\"},\"author\":{\"name\":\"Danubia Szabadalmi \u00e9s Jogi Iroda\",\"@id\":\"https:\\\/\\\/www.danubia.com\\\/#\\\/schema\\\/person\\\/c3a081c566cce5d38b32c31f3bf569b8\"},\"headline\":\"8 tal\u00e1lm\u00e1ny, amir\u0151l sosem hinn\u00e9, hogy szabadalmaztatt\u00e1k\",\"datePublished\":\"2020-05-15T08:25:16+00:00\",\"dateModified\":\"2020-06-23T09:20:12+00:00\",\"mainEntityOfPage\":{\"@id\":\"https:\\\/\\\/www.danubia.com\\\/hu\\\/szabadalom\\\/8-talalmany-amirol-sosem-hinne-hogy-szabadalmaztattak-nem-is-mindet-sikerult\\\/\"},\"wordCount\":1190,\"image\":{\"@id\":\"https:\\\/\\\/www.danubia.com\\\/hu\\\/szabadalom\\\/8-talalmany-amirol-sosem-hinne-hogy-szabadalmaztattak-nem-is-mindet-sikerult\\\/#primaryimage\"},\"thumbnailUrl\":\"https:\\\/\\\/www.danubia.com\\\/wp-content\\\/uploads\\\/2020\\\/06\\\/2.png\",\"keywords\":[\"tal\u00e1lm\u00e1ny\"],\"articleSection\":[\"Szabadalom\"],\"inLanguage\":\"hu\"},{\"@type\":\"WebPage\",\"@id\":\"https:\\\/\\\/www.danubia.com\\\/hu\\\/szabadalom\\\/8-talalmany-amirol-sosem-hinne-hogy-szabadalmaztattak-nem-is-mindet-sikerult\\\/\",\"url\":\"https:\\\/\\\/www.danubia.com\\\/hu\\\/szabadalom\\\/8-talalmany-amirol-sosem-hinne-hogy-szabadalmaztattak-nem-is-mindet-sikerult\\\/\",\"name\":\"8 tal\u00e1lm\u00e1ny, amir\u0151l sosem hinn\u00e9, hogy szabadalmaztatt\u00e1k - Danubia\",\"isPartOf\":{\"@id\":\"https:\\\/\\\/www.danubia.com\\\/#website\"},\"primaryImageOfPage\":{\"@id\":\"https:\\\/\\\/www.danubia.com\\\/hu\\\/szabadalom\\\/8-talalmany-amirol-sosem-hinne-hogy-szabadalmaztattak-nem-is-mindet-sikerult\\\/#primaryimage\"},\"image\":{\"@id\":\"https:\\\/\\\/www.danubia.com\\\/hu\\\/szabadalom\\\/8-talalmany-amirol-sosem-hinne-hogy-szabadalmaztattak-nem-is-mindet-sikerult\\\/#primaryimage\"},\"thumbnailUrl\":\"https:\\\/\\\/www.danubia.com\\\/wp-content\\\/uploads\\\/2020\\\/06\\\/2.png\",\"datePublished\":\"2020-05-15T08:25:16+00:00\",\"dateModified\":\"2020-06-23T09:20:12+00:00\",\"author\":{\"@id\":\"https:\\\/\\\/www.danubia.com\\\/#\\\/schema\\\/person\\\/c3a081c566cce5d38b32c31f3bf569b8\"},\"description\":\"Rengeteg tal\u00e1lm\u00e1nyt szabadalmaztattak m\u00e1r, amely megk\u00f6nny\u00edti mindennapjainkat. De van n\u00e9h\u00e1ny olyan, amelyr\u0151l neh\u00e9z elhinni, megpr\u00f3b\u00e1lt\u00e1k szabadalmaztatni.\",\"breadcrumb\":{\"@id\":\"https:\\\/\\\/www.danubia.com\\\/hu\\\/szabadalom\\\/8-talalmany-amirol-sosem-hinne-hogy-szabadalmaztattak-nem-is-mindet-sikerult\\\/#breadcrumb\"},\"inLanguage\":\"hu\",\"potentialAction\":[{\"@type\":\"ReadAction\",\"target\":[\"https:\\\/\\\/www.danubia.com\\\/hu\\\/szabadalom\\\/8-talalmany-amirol-sosem-hinne-hogy-szabadalmaztattak-nem-is-mindet-sikerult\\\/\"]}]},{\"@type\":\"ImageObject\",\"inLanguage\":\"hu\",\"@id\":\"https:\\\/\\\/www.danubia.com\\\/hu\\\/szabadalom\\\/8-talalmany-amirol-sosem-hinne-hogy-szabadalmaztattak-nem-is-mindet-sikerult\\\/#primaryimage\",\"url\":\"https:\\\/\\\/www.danubia.com\\\/wp-content\\\/uploads\\\/2020\\\/06\\\/2.png\",\"contentUrl\":\"https:\\\/\\\/www.danubia.com\\\/wp-content\\\/uploads\\\/2020\\\/06\\\/2.png\",\"width\":677,\"height\":512},{\"@type\":\"BreadcrumbList\",\"@id\":\"https:\\\/\\\/www.danubia.com\\\/hu\\\/szabadalom\\\/8-talalmany-amirol-sosem-hinne-hogy-szabadalmaztattak-nem-is-mindet-sikerult\\\/#breadcrumb\",\"itemListElement\":[{\"@type\":\"ListItem\",\"position\":1,\"name\":\"Home\",\"item\":\"https:\\\/\\\/www.danubia.com\\\/hu\\\/\"},{\"@type\":\"ListItem\",\"position\":2,\"name\":\"8 tal\u00e1lm\u00e1ny, amir\u0151l sosem hinn\u00e9, hogy szabadalmaztatt\u00e1k\"}]},{\"@type\":\"WebSite\",\"@id\":\"https:\\\/\\\/www.danubia.com\\\/#website\",\"url\":\"https:\\\/\\\/www.danubia.com\\\/\",\"name\":\"Danubia\",\"description\":\"\",\"potentialAction\":[{\"@type\":\"SearchAction\",\"target\":{\"@type\":\"EntryPoint\",\"urlTemplate\":\"https:\\\/\\\/www.danubia.com\\\/?s={search_term_string}\"},\"query-input\":{\"@type\":\"PropertyValueSpecification\",\"valueRequired\":true,\"valueName\":\"search_term_string\"}}],\"inLanguage\":\"hu\"},{\"@type\":\"Person\",\"@id\":\"https:\\\/\\\/www.danubia.com\\\/#\\\/schema\\\/person\\\/c3a081c566cce5d38b32c31f3bf569b8\",\"name\":\"Danubia Szabadalmi \u00e9s Jogi Iroda\",\"image\":{\"@type\":\"ImageObject\",\"inLanguage\":\"hu\",\"@id\":\"https:\\\/\\\/secure.gravatar.com\\\/avatar\\\/347a905c0860aaf34650db19625beeb4cfc4347b5df0d66ef80381817b31b53c?s=96&r=g\",\"url\":\"https:\\\/\\\/secure.gravatar.com\\\/avatar\\\/347a905c0860aaf34650db19625beeb4cfc4347b5df0d66ef80381817b31b53c?s=96&r=g\",\"contentUrl\":\"https:\\\/\\\/secure.gravatar.com\\\/avatar\\\/347a905c0860aaf34650db19625beeb4cfc4347b5df0d66ef80381817b31b53c?s=96&r=g\",\"caption\":\"Danubia Szabadalmi \u00e9s Jogi Iroda\"}}]}<\/script>\n<!-- \/ Yoast SEO plugin. -->","yoast_head_json":{"title":"8 tal\u00e1lm\u00e1ny, amir\u0151l sosem hinn\u00e9, hogy szabadalmaztatt\u00e1k - Danubia","description":"Rengeteg tal\u00e1lm\u00e1nyt szabadalmaztattak m\u00e1r, amely megk\u00f6nny\u00edti mindennapjainkat. De van n\u00e9h\u00e1ny olyan, amelyr\u0151l neh\u00e9z elhinni, megpr\u00f3b\u00e1lt\u00e1k szabadalmaztatni.","robots":{"index":"index","follow":"follow","max-snippet":"max-snippet:-1","max-image-preview":"max-image-preview:large","max-video-preview":"max-video-preview:-1"},"canonical":"https:\/\/www.danubia.com\/hu\/szabadalom\/8-talalmany-amirol-sosem-hinne-hogy-szabadalmaztattak-nem-is-mindet-sikerult\/","og_locale":"hu_HU","og_type":"article","og_title":"8 tal\u00e1lm\u00e1ny, amir\u0151l sosem hinn\u00e9, hogy szabadalmaztatt\u00e1k - Danubia","og_description":"Rengeteg tal\u00e1lm\u00e1nyt szabadalmaztattak m\u00e1r, amely megk\u00f6nny\u00edti mindennapjainkat. De van n\u00e9h\u00e1ny olyan, amelyr\u0151l neh\u00e9z elhinni, megpr\u00f3b\u00e1lt\u00e1k szabadalmaztatni.","og_url":"https:\/\/www.danubia.com\/hu\/szabadalom\/8-talalmany-amirol-sosem-hinne-hogy-szabadalmaztattak-nem-is-mindet-sikerult\/","og_site_name":"Danubia","article_published_time":"2020-05-15T08:25:16+00:00","article_modified_time":"2020-06-23T09:20:12+00:00","og_image":[{"width":677,"height":512,"url":"https:\/\/www.danubia.com\/wp-content\/uploads\/2020\/06\/2.png","type":"image\/png"}],"author":"Danubia Szabadalmi \u00e9s Jogi Iroda","twitter_card":"summary_large_image","twitter_misc":{"Szerz\u0151:":"Danubia Szabadalmi \u00e9s Jogi Iroda","Becs\u00fclt olvas\u00e1si id\u0151":"6 perc"},"schema":{"@context":"https:\/\/schema.org","@graph":[{"@type":"Article","@id":"https:\/\/www.danubia.com\/hu\/szabadalom\/8-talalmany-amirol-sosem-hinne-hogy-szabadalmaztattak-nem-is-mindet-sikerult\/#article","isPartOf":{"@id":"https:\/\/www.danubia.com\/hu\/szabadalom\/8-talalmany-amirol-sosem-hinne-hogy-szabadalmaztattak-nem-is-mindet-sikerult\/"},"author":{"name":"Danubia Szabadalmi \u00e9s Jogi Iroda","@id":"https:\/\/www.danubia.com\/#\/schema\/person\/c3a081c566cce5d38b32c31f3bf569b8"},"headline":"8 tal\u00e1lm\u00e1ny, amir\u0151l sosem hinn\u00e9, hogy szabadalmaztatt\u00e1k","datePublished":"2020-05-15T08:25:16+00:00","dateModified":"2020-06-23T09:20:12+00:00","mainEntityOfPage":{"@id":"https:\/\/www.danubia.com\/hu\/szabadalom\/8-talalmany-amirol-sosem-hinne-hogy-szabadalmaztattak-nem-is-mindet-sikerult\/"},"wordCount":1190,"image":{"@id":"https:\/\/www.danubia.com\/hu\/szabadalom\/8-talalmany-amirol-sosem-hinne-hogy-szabadalmaztattak-nem-is-mindet-sikerult\/#primaryimage"},"thumbnailUrl":"https:\/\/www.danubia.com\/wp-content\/uploads\/2020\/06\/2.png","keywords":["tal\u00e1lm\u00e1ny"],"articleSection":["Szabadalom"],"inLanguage":"hu"},{"@type":"WebPage","@id":"https:\/\/www.danubia.com\/hu\/szabadalom\/8-talalmany-amirol-sosem-hinne-hogy-szabadalmaztattak-nem-is-mindet-sikerult\/","url":"https:\/\/www.danubia.com\/hu\/szabadalom\/8-talalmany-amirol-sosem-hinne-hogy-szabadalmaztattak-nem-is-mindet-sikerult\/","name":"8 tal\u00e1lm\u00e1ny, amir\u0151l sosem hinn\u00e9, hogy szabadalmaztatt\u00e1k - Danubia","isPartOf":{"@id":"https:\/\/www.danubia.com\/#website"},"primaryImageOfPage":{"@id":"https:\/\/www.danubia.com\/hu\/szabadalom\/8-talalmany-amirol-sosem-hinne-hogy-szabadalmaztattak-nem-is-mindet-sikerult\/#primaryimage"},"image":{"@id":"https:\/\/www.danubia.com\/hu\/szabadalom\/8-talalmany-amirol-sosem-hinne-hogy-szabadalmaztattak-nem-is-mindet-sikerult\/#primaryimage"},"thumbnailUrl":"https:\/\/www.danubia.com\/wp-content\/uploads\/2020\/06\/2.png","datePublished":"2020-05-15T08:25:16+00:00","dateModified":"2020-06-23T09:20:12+00:00","author":{"@id":"https:\/\/www.danubia.com\/#\/schema\/person\/c3a081c566cce5d38b32c31f3bf569b8"},"description":"Rengeteg tal\u00e1lm\u00e1nyt szabadalmaztattak m\u00e1r, amely megk\u00f6nny\u00edti mindennapjainkat. De van n\u00e9h\u00e1ny olyan, amelyr\u0151l neh\u00e9z elhinni, megpr\u00f3b\u00e1lt\u00e1k szabadalmaztatni.","breadcrumb":{"@id":"https:\/\/www.danubia.com\/hu\/szabadalom\/8-talalmany-amirol-sosem-hinne-hogy-szabadalmaztattak-nem-is-mindet-sikerult\/#breadcrumb"},"inLanguage":"hu","potentialAction":[{"@type":"ReadAction","target":["https:\/\/www.danubia.com\/hu\/szabadalom\/8-talalmany-amirol-sosem-hinne-hogy-szabadalmaztattak-nem-is-mindet-sikerult\/"]}]},{"@type":"ImageObject","inLanguage":"hu","@id":"https:\/\/www.danubia.com\/hu\/szabadalom\/8-talalmany-amirol-sosem-hinne-hogy-szabadalmaztattak-nem-is-mindet-sikerult\/#primaryimage","url":"https:\/\/www.danubia.com\/wp-content\/uploads\/2020\/06\/2.png","contentUrl":"https:\/\/www.danubia.com\/wp-content\/uploads\/2020\/06\/2.png","width":677,"height":512},{"@type":"BreadcrumbList","@id":"https:\/\/www.danubia.com\/hu\/szabadalom\/8-talalmany-amirol-sosem-hinne-hogy-szabadalmaztattak-nem-is-mindet-sikerult\/#breadcrumb","itemListElement":[{"@type":"ListItem","position":1,"name":"Home","item":"https:\/\/www.danubia.com\/hu\/"},{"@type":"ListItem","position":2,"name":"8 tal\u00e1lm\u00e1ny, amir\u0151l sosem hinn\u00e9, hogy szabadalmaztatt\u00e1k"}]},{"@type":"WebSite","@id":"https:\/\/www.danubia.com\/#website","url":"https:\/\/www.danubia.com\/","name":"Danubia","description":"","potentialAction":[{"@type":"SearchAction","target":{"@type":"EntryPoint","urlTemplate":"https:\/\/www.danubia.com\/?s={search_term_string}"},"query-input":{"@type":"PropertyValueSpecification","valueRequired":true,"valueName":"search_term_string"}}],"inLanguage":"hu"},{"@type":"Person","@id":"https:\/\/www.danubia.com\/#\/schema\/person\/c3a081c566cce5d38b32c31f3bf569b8","name":"Danubia Szabadalmi \u00e9s Jogi Iroda","image":{"@type":"ImageObject","inLanguage":"hu","@id":"https:\/\/secure.gravatar.com\/avatar\/347a905c0860aaf34650db19625beeb4cfc4347b5df0d66ef80381817b31b53c?s=96&r=g","url":"https:\/\/secure.gravatar.com\/avatar\/347a905c0860aaf34650db19625beeb4cfc4347b5df0d66ef80381817b31b53c?s=96&r=g","contentUrl":"https:\/\/secure.gravatar.com\/avatar\/347a905c0860aaf34650db19625beeb4cfc4347b5df0d66ef80381817b31b53c?s=96&r=g","caption":"Danubia Szabadalmi \u00e9s Jogi Iroda"}}]}},"_links":{"self":[{"href":"https:\/\/www.danubia.com\/hu\/wp-json\/wp\/v2\/posts\/4403","targetHints":{"allow":["GET"]}}],"collection":[{"href":"https:\/\/www.danubia.com\/hu\/wp-json\/wp\/v2\/posts"}],"about":[{"href":"https:\/\/www.danubia.com\/hu\/wp-json\/wp\/v2\/types\/post"}],"author":[{"embeddable":true,"href":"https:\/\/www.danubia.com\/hu\/wp-json\/wp\/v2\/users\/1"}],"replies":[{"embeddable":true,"href":"https:\/\/www.danubia.com\/hu\/wp-json\/wp\/v2\/comments?post=4403"}],"version-history":[{"count":2,"href":"https:\/\/www.danubia.com\/hu\/wp-json\/wp\/v2\/posts\/4403\/revisions"}],"predecessor-version":[{"id":4421,"href":"https:\/\/www.danubia.com\/hu\/wp-json\/wp\/v2\/posts\/4403\/revisions\/4421"}],"wp:featuredmedia":[{"embeddable":true,"href":"https:\/\/www.danubia.com\/hu\/wp-json\/wp\/v2\/media\/4406"}],"wp:attachment":[{"href":"https:\/\/www.danubia.com\/hu\/wp-json\/wp\/v2\/media?parent=4403"}],"wp:term":[{"taxonomy":"category","embeddable":true,"href":"https:\/\/www.danubia.com\/hu\/wp-json\/wp\/v2\/categories?post=4403"},{"taxonomy":"post_tag","embeddable":true,"href":"https:\/\/www.danubia.com\/hu\/wp-json\/wp\/v2\/tags?post=4403"}],"curies":[{"name":"wp","href":"https:\/\/api.w.org\/{rel}","templated":true}]}}