{"id":7737,"date":"2021-06-10T12:59:58","date_gmt":"2021-06-10T12:59:58","guid":{"rendered":"https:\/\/www.danubia.com\/?p=7737"},"modified":"2021-06-10T12:59:58","modified_gmt":"2021-06-10T12:59:58","slug":"szellemi-tulajdon-konferencia","status":"publish","type":"post","link":"https:\/\/www.danubia.com\/hu\/konferencia\/szellemi-tulajdon-konferencia\/","title":{"rendered":"Szellemi tulajdon konferencia"},"content":{"rendered":"<p><strong>2021. j\u00fanius 22-\u00e9n 10<\/strong> <strong>\u00f3rakor<\/strong> ker\u00fcl megrendez\u00e9sre a<strong> \u201eSzellemi alkot\u00e1sok tudatos kezel\u00e9se \u2013 Ad\u00f3kedvezm\u00e9nyek\u201d<\/strong> c\u00edm\u0171, System Media Kft. \u00e1ltal szervezett online konferencia, amelyen a <strong>Danubia C\u00e9gcsoport<\/strong> k\u00e9t partnere, <strong>Dr. Moln\u00e1r Istv\u00e1n<\/strong> \u00e9s <strong>Peth\u0151 Levente<\/strong> is el\u0151ad.<\/p>\n<p>Az <strong>el\u0151ad\u00e1sok<\/strong> <strong>t\u00e9mak\u00f6rei<\/strong> t\u00f6bbek k\u00f6zt a szellemi tulajdonhoz kapcsol\u00f3d\u00f3 fogalmak pontos\u00edt\u00e1sa, az ad\u00f3kedvezm\u00e9nyek az egyes ad\u00f3nemekben \u00e9s a szellemi alkot\u00e1sok sz\u00e1mviteli kezel\u00e9se az el\u0151\u00e1ll\u00edt\u00e1st\u00f3l a hasznos\u00edt\u00e1sig. A konferenci\u00e1n m\u00e9g sz\u00f3 lesz az innov\u00e1ci\u00f3s folyamat sz\u00e1mvitelhez kapcsol\u00f3d\u00f3 l\u00e9p\u00e9seir\u0151l, valamint a szellemi tulajdonok helyes \u00e9rt\u00e9kel\u00e9s\u00e9r\u0151l.<\/p>\n<p>Tov\u00e1bbi inform\u00e1ci\u00f3k a konferenci\u00e1r\u00f3l az al\u00e1bbi linken tal\u00e1lhat\u00f3ak meg:<\/p>\n<p><a href=\"https:\/\/systemmedia.hu\/rendezvenyek\/a-szellemi-alkotasok-tudatos-kezelese-adokedvezmenyek-szakmai-kepzes\/\">Szellemi alkot\u00e1sok tudatos kezel\u00e9se | System Media<\/a><\/p>\n<p>Az esem\u00e9nyen val\u00f3 r\u00e9szv\u00e9tel el\u0151zetes regisztr\u00e1ci\u00f3hoz k\u00f6t\u00f6tt, jelentkezni a fenti linken kereszt\u00fcl lehet.<\/p>\n<p><strong>A Danubia C\u00e9gcsoport \u00dcgyfeleinek jelentkez\u00e9skor 50 %-os kedvezm\u00e9ny ig\u00e9nybev\u00e9tel\u00e9re van lehet\u0151s\u00e9g\u00fck a kuponk\u00f3dunk felhaszn\u00e1l\u00e1s\u00e1val. Ebben az esetben, k\u00e9rj\u00fck, k\u00fcldjenek egy levelet az <\/strong><a href=\"mailto:info@danubia.hu\"><strong>info@danubia.hu<\/strong><\/a><strong> c\u00edmre, \u00e9s munkat\u00e1rsunk megk\u00fcldi a kedvezm\u00e9nyes jelentkez\u00e9shez sz\u00fcks\u00e9ges kuponk\u00f3dot!<\/strong><\/p>\n","protected":false},"excerpt":{"rendered":"<p>2021. j\u00fanius 22-\u00e9n 10 \u00f3rakor ker\u00fcl megrendez\u00e9sre a \u201eSzellemi alkot\u00e1sok tudatos kezel\u00e9se \u2013 Ad\u00f3kedvezm\u00e9nyek\u201d c\u00edm\u0171, System Media Kft. \u00e1ltal szervezett online konferencia, amelyen a Danubia C\u00e9gcsoport k\u00e9t partnere, Dr. Moln\u00e1r Istv\u00e1n \u00e9s Peth\u0151 Levente is el\u0151ad. Az el\u0151ad\u00e1sok t\u00e9mak\u00f6rei t\u00f6bbek k\u00f6zt a szellemi tulajdonhoz kapcsol\u00f3d\u00f3 fogalmak pontos\u00edt\u00e1sa, az ad\u00f3kedvezm\u00e9nyek az egyes ad\u00f3nemekben \u00e9s a szellemi [&hellip;]<\/p>\n","protected":false},"author":1,"featured_media":7738,"comment_status":"closed","ping_status":"closed","sticky":false,"template":"","format":"standard","meta":{"_et_pb_use_builder":"","_et_pb_old_content":"","_et_gb_content_width":"","footnotes":""},"categories":[87],"tags":[],"class_list":["post-7737","post","type-post","status-publish","format-standard","has-post-thumbnail","hentry","category-konferencia"],"yoast_head":"<!-- This site is optimized with the Yoast SEO plugin v27.3 - https:\/\/yoast.com\/product\/yoast-seo-wordpress\/ -->\n<title>Szellemi tulajdon konferencia - Danubia<\/title>\n<meta name=\"description\" content=\"2021. j\u00fanius 22-\u00e9n 10 \u00f3rakor ker\u00fcl megrendez\u00e9sre a \u201eSzellemi alkot\u00e1sok tudatos kezel\u00e9se \u2013 Ad\u00f3kedvezm\u00e9nyek\u201d konferencia.\" \/>\n<meta name=\"robots\" content=\"index, follow, max-snippet:-1, max-image-preview:large, max-video-preview:-1\" \/>\n<link rel=\"canonical\" href=\"https:\/\/www.danubia.com\/hu\/konferencia\/szellemi-tulajdon-konferencia\/\" \/>\n<meta property=\"og:locale\" content=\"hu_HU\" \/>\n<meta property=\"og:type\" content=\"article\" \/>\n<meta property=\"og:title\" content=\"Szellemi tulajdon konferencia - Danubia\" \/>\n<meta property=\"og:description\" content=\"2021. j\u00fanius 22-\u00e9n 10 \u00f3rakor ker\u00fcl megrendez\u00e9sre a \u201eSzellemi alkot\u00e1sok tudatos kezel\u00e9se \u2013 Ad\u00f3kedvezm\u00e9nyek\u201d konferencia.\" \/>\n<meta property=\"og:url\" content=\"https:\/\/www.danubia.com\/hu\/konferencia\/szellemi-tulajdon-konferencia\/\" \/>\n<meta property=\"og:site_name\" content=\"Danubia\" \/>\n<meta property=\"article:published_time\" content=\"2021-06-10T12:59:58+00:00\" \/>\n<meta property=\"og:image\" content=\"https:\/\/www.danubia.com\/wp-content\/uploads\/2021\/06\/chris-montgomery-smgTvepind4-unsplash.jpg\" \/>\n\t<meta property=\"og:image:width\" content=\"900\" \/>\n\t<meta property=\"og:image:height\" content=\"675\" \/>\n\t<meta property=\"og:image:type\" content=\"image\/jpeg\" \/>\n<meta name=\"author\" content=\"Danubia Szabadalmi \u00e9s Jogi Iroda\" \/>\n<meta name=\"twitter:card\" content=\"summary_large_image\" \/>\n<meta name=\"twitter:label1\" content=\"Szerz\u0151:\" \/>\n\t<meta name=\"twitter:data1\" content=\"Danubia Szabadalmi \u00e9s Jogi Iroda\" \/>\n\t<meta name=\"twitter:label2\" content=\"Becs\u00fclt olvas\u00e1si id\u0151\" \/>\n\t<meta name=\"twitter:data2\" content=\"1 perc\" \/>\n<script type=\"application\/ld+json\" class=\"yoast-schema-graph\">{\"@context\":\"https:\\\/\\\/schema.org\",\"@graph\":[{\"@type\":\"Article\",\"@id\":\"https:\\\/\\\/www.danubia.com\\\/hu\\\/konferencia\\\/szellemi-tulajdon-konferencia\\\/#article\",\"isPartOf\":{\"@id\":\"https:\\\/\\\/www.danubia.com\\\/hu\\\/konferencia\\\/szellemi-tulajdon-konferencia\\\/\"},\"author\":{\"name\":\"Danubia Szabadalmi \u00e9s Jogi Iroda\",\"@id\":\"https:\\\/\\\/www.danubia.com\\\/#\\\/schema\\\/person\\\/c3a081c566cce5d38b32c31f3bf569b8\"},\"headline\":\"Szellemi tulajdon konferencia\",\"datePublished\":\"2021-06-10T12:59:58+00:00\",\"mainEntityOfPage\":{\"@id\":\"https:\\\/\\\/www.danubia.com\\\/hu\\\/konferencia\\\/szellemi-tulajdon-konferencia\\\/\"},\"wordCount\":231,\"image\":{\"@id\":\"https:\\\/\\\/www.danubia.com\\\/hu\\\/konferencia\\\/szellemi-tulajdon-konferencia\\\/#primaryimage\"},\"thumbnailUrl\":\"https:\\\/\\\/www.danubia.com\\\/wp-content\\\/uploads\\\/2021\\\/06\\\/chris-montgomery-smgTvepind4-unsplash.jpg\",\"articleSection\":[\"Konferencia\"],\"inLanguage\":\"hu\"},{\"@type\":\"WebPage\",\"@id\":\"https:\\\/\\\/www.danubia.com\\\/hu\\\/konferencia\\\/szellemi-tulajdon-konferencia\\\/\",\"url\":\"https:\\\/\\\/www.danubia.com\\\/hu\\\/konferencia\\\/szellemi-tulajdon-konferencia\\\/\",\"name\":\"Szellemi tulajdon konferencia - Danubia\",\"isPartOf\":{\"@id\":\"https:\\\/\\\/www.danubia.com\\\/#website\"},\"primaryImageOfPage\":{\"@id\":\"https:\\\/\\\/www.danubia.com\\\/hu\\\/konferencia\\\/szellemi-tulajdon-konferencia\\\/#primaryimage\"},\"image\":{\"@id\":\"https:\\\/\\\/www.danubia.com\\\/hu\\\/konferencia\\\/szellemi-tulajdon-konferencia\\\/#primaryimage\"},\"thumbnailUrl\":\"https:\\\/\\\/www.danubia.com\\\/wp-content\\\/uploads\\\/2021\\\/06\\\/chris-montgomery-smgTvepind4-unsplash.jpg\",\"datePublished\":\"2021-06-10T12:59:58+00:00\",\"author\":{\"@id\":\"https:\\\/\\\/www.danubia.com\\\/#\\\/schema\\\/person\\\/c3a081c566cce5d38b32c31f3bf569b8\"},\"description\":\"2021. j\u00fanius 22-\u00e9n 10 \u00f3rakor ker\u00fcl megrendez\u00e9sre a \u201eSzellemi alkot\u00e1sok tudatos kezel\u00e9se \u2013 Ad\u00f3kedvezm\u00e9nyek\u201d konferencia.\",\"breadcrumb\":{\"@id\":\"https:\\\/\\\/www.danubia.com\\\/hu\\\/konferencia\\\/szellemi-tulajdon-konferencia\\\/#breadcrumb\"},\"inLanguage\":\"hu\",\"potentialAction\":[{\"@type\":\"ReadAction\",\"target\":[\"https:\\\/\\\/www.danubia.com\\\/hu\\\/konferencia\\\/szellemi-tulajdon-konferencia\\\/\"]}]},{\"@type\":\"ImageObject\",\"inLanguage\":\"hu\",\"@id\":\"https:\\\/\\\/www.danubia.com\\\/hu\\\/konferencia\\\/szellemi-tulajdon-konferencia\\\/#primaryimage\",\"url\":\"https:\\\/\\\/www.danubia.com\\\/wp-content\\\/uploads\\\/2021\\\/06\\\/chris-montgomery-smgTvepind4-unsplash.jpg\",\"contentUrl\":\"https:\\\/\\\/www.danubia.com\\\/wp-content\\\/uploads\\\/2021\\\/06\\\/chris-montgomery-smgTvepind4-unsplash.jpg\",\"width\":900,\"height\":675},{\"@type\":\"BreadcrumbList\",\"@id\":\"https:\\\/\\\/www.danubia.com\\\/hu\\\/konferencia\\\/szellemi-tulajdon-konferencia\\\/#breadcrumb\",\"itemListElement\":[{\"@type\":\"ListItem\",\"position\":1,\"name\":\"Home\",\"item\":\"https:\\\/\\\/www.danubia.com\\\/hu\\\/\"},{\"@type\":\"ListItem\",\"position\":2,\"name\":\"Szellemi tulajdon konferencia\"}]},{\"@type\":\"WebSite\",\"@id\":\"https:\\\/\\\/www.danubia.com\\\/#website\",\"url\":\"https:\\\/\\\/www.danubia.com\\\/\",\"name\":\"Danubia\",\"description\":\"\",\"potentialAction\":[{\"@type\":\"SearchAction\",\"target\":{\"@type\":\"EntryPoint\",\"urlTemplate\":\"https:\\\/\\\/www.danubia.com\\\/?s={search_term_string}\"},\"query-input\":{\"@type\":\"PropertyValueSpecification\",\"valueRequired\":true,\"valueName\":\"search_term_string\"}}],\"inLanguage\":\"hu\"},{\"@type\":\"Person\",\"@id\":\"https:\\\/\\\/www.danubia.com\\\/#\\\/schema\\\/person\\\/c3a081c566cce5d38b32c31f3bf569b8\",\"name\":\"Danubia Szabadalmi \u00e9s Jogi Iroda\",\"image\":{\"@type\":\"ImageObject\",\"inLanguage\":\"hu\",\"@id\":\"https:\\\/\\\/secure.gravatar.com\\\/avatar\\\/347a905c0860aaf34650db19625beeb4cfc4347b5df0d66ef80381817b31b53c?s=96&r=g\",\"url\":\"https:\\\/\\\/secure.gravatar.com\\\/avatar\\\/347a905c0860aaf34650db19625beeb4cfc4347b5df0d66ef80381817b31b53c?s=96&r=g\",\"contentUrl\":\"https:\\\/\\\/secure.gravatar.com\\\/avatar\\\/347a905c0860aaf34650db19625beeb4cfc4347b5df0d66ef80381817b31b53c?s=96&r=g\",\"caption\":\"Danubia Szabadalmi \u00e9s Jogi Iroda\"}}]}<\/script>\n<!-- \/ Yoast SEO plugin. -->","yoast_head_json":{"title":"Szellemi tulajdon konferencia - Danubia","description":"2021. j\u00fanius 22-\u00e9n 10 \u00f3rakor ker\u00fcl megrendez\u00e9sre a \u201eSzellemi alkot\u00e1sok tudatos kezel\u00e9se \u2013 Ad\u00f3kedvezm\u00e9nyek\u201d konferencia.","robots":{"index":"index","follow":"follow","max-snippet":"max-snippet:-1","max-image-preview":"max-image-preview:large","max-video-preview":"max-video-preview:-1"},"canonical":"https:\/\/www.danubia.com\/hu\/konferencia\/szellemi-tulajdon-konferencia\/","og_locale":"hu_HU","og_type":"article","og_title":"Szellemi tulajdon konferencia - Danubia","og_description":"2021. j\u00fanius 22-\u00e9n 10 \u00f3rakor ker\u00fcl megrendez\u00e9sre a \u201eSzellemi alkot\u00e1sok tudatos kezel\u00e9se \u2013 Ad\u00f3kedvezm\u00e9nyek\u201d konferencia.","og_url":"https:\/\/www.danubia.com\/hu\/konferencia\/szellemi-tulajdon-konferencia\/","og_site_name":"Danubia","article_published_time":"2021-06-10T12:59:58+00:00","og_image":[{"width":900,"height":675,"url":"https:\/\/www.danubia.com\/wp-content\/uploads\/2021\/06\/chris-montgomery-smgTvepind4-unsplash.jpg","type":"image\/jpeg"}],"author":"Danubia Szabadalmi \u00e9s Jogi Iroda","twitter_card":"summary_large_image","twitter_misc":{"Szerz\u0151:":"Danubia Szabadalmi \u00e9s Jogi Iroda","Becs\u00fclt olvas\u00e1si id\u0151":"1 perc"},"schema":{"@context":"https:\/\/schema.org","@graph":[{"@type":"Article","@id":"https:\/\/www.danubia.com\/hu\/konferencia\/szellemi-tulajdon-konferencia\/#article","isPartOf":{"@id":"https:\/\/www.danubia.com\/hu\/konferencia\/szellemi-tulajdon-konferencia\/"},"author":{"name":"Danubia Szabadalmi \u00e9s Jogi Iroda","@id":"https:\/\/www.danubia.com\/#\/schema\/person\/c3a081c566cce5d38b32c31f3bf569b8"},"headline":"Szellemi tulajdon konferencia","datePublished":"2021-06-10T12:59:58+00:00","mainEntityOfPage":{"@id":"https:\/\/www.danubia.com\/hu\/konferencia\/szellemi-tulajdon-konferencia\/"},"wordCount":231,"image":{"@id":"https:\/\/www.danubia.com\/hu\/konferencia\/szellemi-tulajdon-konferencia\/#primaryimage"},"thumbnailUrl":"https:\/\/www.danubia.com\/wp-content\/uploads\/2021\/06\/chris-montgomery-smgTvepind4-unsplash.jpg","articleSection":["Konferencia"],"inLanguage":"hu"},{"@type":"WebPage","@id":"https:\/\/www.danubia.com\/hu\/konferencia\/szellemi-tulajdon-konferencia\/","url":"https:\/\/www.danubia.com\/hu\/konferencia\/szellemi-tulajdon-konferencia\/","name":"Szellemi tulajdon konferencia - Danubia","isPartOf":{"@id":"https:\/\/www.danubia.com\/#website"},"primaryImageOfPage":{"@id":"https:\/\/www.danubia.com\/hu\/konferencia\/szellemi-tulajdon-konferencia\/#primaryimage"},"image":{"@id":"https:\/\/www.danubia.com\/hu\/konferencia\/szellemi-tulajdon-konferencia\/#primaryimage"},"thumbnailUrl":"https:\/\/www.danubia.com\/wp-content\/uploads\/2021\/06\/chris-montgomery-smgTvepind4-unsplash.jpg","datePublished":"2021-06-10T12:59:58+00:00","author":{"@id":"https:\/\/www.danubia.com\/#\/schema\/person\/c3a081c566cce5d38b32c31f3bf569b8"},"description":"2021. j\u00fanius 22-\u00e9n 10 \u00f3rakor ker\u00fcl megrendez\u00e9sre a \u201eSzellemi alkot\u00e1sok tudatos kezel\u00e9se \u2013 Ad\u00f3kedvezm\u00e9nyek\u201d konferencia.","breadcrumb":{"@id":"https:\/\/www.danubia.com\/hu\/konferencia\/szellemi-tulajdon-konferencia\/#breadcrumb"},"inLanguage":"hu","potentialAction":[{"@type":"ReadAction","target":["https:\/\/www.danubia.com\/hu\/konferencia\/szellemi-tulajdon-konferencia\/"]}]},{"@type":"ImageObject","inLanguage":"hu","@id":"https:\/\/www.danubia.com\/hu\/konferencia\/szellemi-tulajdon-konferencia\/#primaryimage","url":"https:\/\/www.danubia.com\/wp-content\/uploads\/2021\/06\/chris-montgomery-smgTvepind4-unsplash.jpg","contentUrl":"https:\/\/www.danubia.com\/wp-content\/uploads\/2021\/06\/chris-montgomery-smgTvepind4-unsplash.jpg","width":900,"height":675},{"@type":"BreadcrumbList","@id":"https:\/\/www.danubia.com\/hu\/konferencia\/szellemi-tulajdon-konferencia\/#breadcrumb","itemListElement":[{"@type":"ListItem","position":1,"name":"Home","item":"https:\/\/www.danubia.com\/hu\/"},{"@type":"ListItem","position":2,"name":"Szellemi tulajdon konferencia"}]},{"@type":"WebSite","@id":"https:\/\/www.danubia.com\/#website","url":"https:\/\/www.danubia.com\/","name":"Danubia","description":"","potentialAction":[{"@type":"SearchAction","target":{"@type":"EntryPoint","urlTemplate":"https:\/\/www.danubia.com\/?s={search_term_string}"},"query-input":{"@type":"PropertyValueSpecification","valueRequired":true,"valueName":"search_term_string"}}],"inLanguage":"hu"},{"@type":"Person","@id":"https:\/\/www.danubia.com\/#\/schema\/person\/c3a081c566cce5d38b32c31f3bf569b8","name":"Danubia Szabadalmi \u00e9s Jogi Iroda","image":{"@type":"ImageObject","inLanguage":"hu","@id":"https:\/\/secure.gravatar.com\/avatar\/347a905c0860aaf34650db19625beeb4cfc4347b5df0d66ef80381817b31b53c?s=96&r=g","url":"https:\/\/secure.gravatar.com\/avatar\/347a905c0860aaf34650db19625beeb4cfc4347b5df0d66ef80381817b31b53c?s=96&r=g","contentUrl":"https:\/\/secure.gravatar.com\/avatar\/347a905c0860aaf34650db19625beeb4cfc4347b5df0d66ef80381817b31b53c?s=96&r=g","caption":"Danubia Szabadalmi \u00e9s Jogi Iroda"}}]}},"_links":{"self":[{"href":"https:\/\/www.danubia.com\/hu\/wp-json\/wp\/v2\/posts\/7737","targetHints":{"allow":["GET"]}}],"collection":[{"href":"https:\/\/www.danubia.com\/hu\/wp-json\/wp\/v2\/posts"}],"about":[{"href":"https:\/\/www.danubia.com\/hu\/wp-json\/wp\/v2\/types\/post"}],"author":[{"embeddable":true,"href":"https:\/\/www.danubia.com\/hu\/wp-json\/wp\/v2\/users\/1"}],"replies":[{"embeddable":true,"href":"https:\/\/www.danubia.com\/hu\/wp-json\/wp\/v2\/comments?post=7737"}],"version-history":[{"count":1,"href":"https:\/\/www.danubia.com\/hu\/wp-json\/wp\/v2\/posts\/7737\/revisions"}],"predecessor-version":[{"id":7740,"href":"https:\/\/www.danubia.com\/hu\/wp-json\/wp\/v2\/posts\/7737\/revisions\/7740"}],"wp:featuredmedia":[{"embeddable":true,"href":"https:\/\/www.danubia.com\/hu\/wp-json\/wp\/v2\/media\/7738"}],"wp:attachment":[{"href":"https:\/\/www.danubia.com\/hu\/wp-json\/wp\/v2\/media?parent=7737"}],"wp:term":[{"taxonomy":"category","embeddable":true,"href":"https:\/\/www.danubia.com\/hu\/wp-json\/wp\/v2\/categories?post=7737"},{"taxonomy":"post_tag","embeddable":true,"href":"https:\/\/www.danubia.com\/hu\/wp-json\/wp\/v2\/tags?post=7737"}],"curies":[{"name":"wp","href":"https:\/\/api.w.org\/{rel}","templated":true}]}}