{"id":8658,"date":"2021-08-26T10:21:33","date_gmt":"2021-08-26T10:21:33","guid":{"rendered":"https:\/\/www.danubia.com\/?p=8658"},"modified":"2021-08-26T12:12:55","modified_gmt":"2021-08-26T12:12:55","slug":"a-vedjegyoltalom-megszunesenek-esetei-1-resz","status":"publish","type":"post","link":"https:\/\/www.danubia.com\/hu\/vedjegy\/a-vedjegyoltalom-megszunesenek-esetei-1-resz\/","title":{"rendered":"A v\u00e9djegyoltalom megsz\u0171n\u00e9s\u00e9nek esetei &#8211; 1. r\u00e9sz"},"content":{"rendered":"<p style=\"text-align: justify\">Egy v\u00e9djegy oltalm\u00e1nak megsz\u0171n\u00e9se az esetek t\u00f6bbs\u00e9g\u00e9ben a v\u00e9djegyjogosult cselekedetein, d\u00f6nt\u00e9sein m\u00falik. Ezt a meg\u00e1llap\u00edt\u00e1st szeretn\u00e9nk kicsit megvil\u00e1g\u00edtani ebben az \u00edr\u00e1sban.<\/p>\n<p style=\"text-align: justify\">Az a t\u00e9ny m\u00e1r kor\u00e1bbi cikkeinkb\u0151l ismert, hogy egy lajstromozott v\u00e9djegy oltalmi ideje \u201eels\u0151 k\u00f6rben\u201d t\u00edz \u00e9vre sz\u00f3l. Ez az id\u0151tartam tov\u00e1bbi t\u00edz-t\u00edz \u00e9vekre korl\u00e1tlanul meg\u00faj\u00edthat\u00f3. Ennek k\u00f6vetkezt\u00e9ben a nemzeti v\u00e9djegylajstromban sz\u00e1mos olyan v\u00e9djegyet tal\u00e1lhatunk, amelyek egy kis k\u00e9pzavarral \u00e9lve sz\u00e9pkor\u00faaknak tekinthet\u0151k. Ki ne ismern\u00e9 p\u00e9ld\u00e1ul haz\u00e1nkban a Zwack Unicum Nyrt. h\u00edres \u201eUnicum\u201d bitter ital\u00e1t, mely sz\u00f3v\u00e9djegy oltalm\u00e1nak kezdete eg\u00e9szen 1927. m\u00e1jus 2. napj\u00e1ig vezethet\u0151 vissza \u00e9s ez az oltalom az\u00f3ta is v\u00e1ltozatlanul fenn\u00e1ll. Vagy gondoljunk az oly r\u00e9g\u00f3ta haszn\u00e1lt \u201eKalmopyrin\u201d \u2013 re. A Richter Gedeon Nyrt. gy\u00f3gyszerv\u00e9djegye a c\u00e9g alap\u00edt\u00e1s\u00e1t k\u00f6vet\u0151en nem sokkal (1901), m\u00e1r 1910. november 15.-\u00e9n bejelent\u00e9sre ker\u00fclt \u00e9s a mai napig t\u00f6retlen oltalommal rendelkezik.<\/p>\n<p style=\"text-align: justify\">Hat\u00e1lyos v\u00e9djegyt\u00f6rv\u00e9ny\u00fcnk (1997. \u00e9vi XI. t\u00f6rv\u00e9ny a v\u00e9djegyek \u00e9s a f\u00f6ldrajzi \u00e1rujelz\u0151k oltalm\u00e1r\u00f3l) szerint <strong>a v\u00e9djegy oltalma megsz\u0171nik, amennyiben<\/strong><\/p>\n<ul style=\"text-align: justify\">\n<li><strong>az oltalmi id\u0151 meg\u00faj\u00edt\u00e1s n\u00e9lk\u00fcl lej\u00e1rt<\/strong>, az oltalmi id\u0151 lej\u00e1rt\u00e1t k\u00f6vet\u0151 napon<\/li>\n<li><strong>a v\u00e9djegyjogosult az oltalomr\u00f3l lemondott<\/strong>, a lemond\u00e1s ir\u00e1nti nyilatkozatnak a Szellemi Tulajdon Nemzeti Hivatal\u00e1ba val\u00f3 be\u00e9rkezt\u00e9t k\u00f6vet\u0151 napon, illetve a lemond\u00f3 nyilatkozatban megjel\u00f6lt kor\u00e1bbi id\u0151pontban<\/li>\n<li><strong>a v\u00e9djegyet t\u00f6r\u00f6lt\u00e9k<\/strong>, a bejelent\u00e9s napj\u00e1ra visszahat\u00f3 hat\u00e1llyal<\/li>\n<li><strong>a v\u00e9djegyjogosult a v\u00e9djegy t\u00e9nyleges haszn\u00e1lat\u00e1t elmulasztotta<\/strong>, a megsz\u0171n\u00e9s meg\u00e1llap\u00edt\u00e1s\u00e1ra ir\u00e1nyul\u00f3 elj\u00e1r\u00e1s megind\u00edt\u00e1s\u00e1nak napj\u00e1ra visszahat\u00f3 hat\u00e1llyal (alapesetben)<\/li>\n<li><strong>a v\u00e9djegy elvesz\u00edtette megk\u00fcl\u00f6nb\u00f6ztet\u0151 k\u00e9pess\u00e9g\u00e9t vagy megt\u00e9veszt\u0151v\u00e9 v\u00e1lt<\/strong>, a megsz\u0171n\u00e9s meg\u00e1llap\u00edt\u00e1s\u00e1ra ir\u00e1nyul\u00f3 elj\u00e1r\u00e1s megind\u00edt\u00e1s\u00e1nak napj\u00e1ra visszahat\u00f3 hat\u00e1llyal.<\/li>\n<\/ul>\n<p style=\"text-align: justify\"><strong>Megsz\u0171n\u00e9s a meg\u00faj\u00edt\u00e1s hi\u00e1nya miatt<\/strong><\/p>\n<p style=\"text-align: justify\">A v\u00e9djegyjogosult d\u00f6nt\u00e9s\u00e9n m\u00falik, hogy v\u00e9djegy\u00e9nek oltalm\u00e1t milyen id\u0151tartamra k\u00edv\u00e1nja fenntartani. Min\u00e9l \u201esikeresebb\u201d egy v\u00e9djegy, azaz a v\u00e9djeggyel ell\u00e1tott \u00e1ru vagy a v\u00e9djegy alatt ny\u00fajtott szolg\u00e1ltat\u00e1s min\u00e9l nagyobb ismerts\u00e9gre, elismer\u00e9sre tesz szert, ann\u00e1l hosszabb ideig \u00e1ll \u00e9rdek\u00e9ben a v\u00e9djegyjogosultnak, hogy v\u00e9djegy\u00e9nek oltalm\u00e1t folyamatosan, t\u00edz \u00e9vente meg\u00faj\u00edtsa. Ennek ellenkez\u0151je t\u00f6rt\u00e9nik akkor, ha a v\u00e9djegy jogosultja gazdas\u00e1gi \u00e9s egy\u00e9b megfontol\u00e1sokb\u00f3l \u00fagy d\u00f6nt, hogy a v\u00e9djegye alatt forgalomba hozott \u00e1rut m\u00e1r nem k\u00edv\u00e1nja tov\u00e1bb a piacon tartani, vagy a v\u00e9djegye alatt ny\u00fajtott szolg\u00e1ltat\u00e1st m\u00e1r nem folytatja. Ilyenkor hagyja \u201eelveszni\u201d a megszerzett jogosults\u00e1g\u00e1t, azaz, az oltalmi id\u0151 lej\u00e1rt\u00e1t k\u00f6vet\u0151en nem \u00faj\u00edtja meg a v\u00e9djegy\u00e9t.<\/p>\n<p style=\"text-align: justify\">Ugyanakkor az is el\u0151fordul, hogy a v\u00e9djegy jogosultja valamilyen okn\u00e1l fogva elmulasztja v\u00e9djegye oltalm\u00e1nak meg\u00faj\u00edt\u00e1s\u00e1t. A v\u00e9djegyoltalom meg\u00faj\u00edt\u00e1s\u00e1ra az oltalom lej\u00e1rt\u00e1t megel\u0151z\u0151 hat h\u00f3napon bel\u00fcl van lehet\u0151s\u00e9ge a jogosultnak. A meg\u00faj\u00edt\u00e1si k\u00e9relem beny\u00fajt\u00e1sa mellett az \u00e9ppen aktu\u00e1lis bejelent\u00e9si d\u00edjnak megfelel\u0151 \u00f6sszeget is meg kell fizetnie. Ha az oltalom lej\u00e1rat\u00e1nak napj\u00e1ig \u201eelfelejten\u00e9\u201d a jogosult k\u00e9rni a Hivatalt\u00f3l v\u00e9djegye oltalm\u00e1nak meg\u00faj\u00edt\u00e1s\u00e1t, m\u00e9g van tov\u00e1bbi hat h\u00f3nap lehet\u0151s\u00e9ge a lej\u00e1rat napj\u00e1t k\u00f6vet\u0151en arra, hogy az elmulasztott meg\u00faj\u00edt\u00e1s ir\u00e1nti k\u00e9relm\u00e9t beny\u00fajtsa. Ebben az esetben azonban sz\u00e1molnia kell azzal, hogy a meg\u00faj\u00edt\u00e1si d\u00edjon fel\u00fcl \u00fan. kieg\u00e9sz\u00edt\u0151 d\u00edjat is fizetnie kell. Term\u00e9szetesen arra is lehet\u0151s\u00e9ge van a v\u00e9djegy jogosultj\u00e1nak, hogy kiz\u00e1r\u00f3lag azokra az \u00e1rukra \u00e9s\/vagy szolg\u00e1ltat\u00e1sokra k\u00e9rje a v\u00e9djegyoltalom tov\u00e1bbi t\u00edz \u00e9vre sz\u00f3l\u00f3 meg\u00faj\u00edt\u00e1s\u00e1t, amely \u00e1rukra\/szolg\u00e1ltat\u00e1sokra n\u00e9zve t\u00e9nylegesen haszn\u00e1lta \u00e9s a j\u00f6v\u0151ben is haszn\u00e1lni szeretn\u00e9 a v\u00e9djegy\u00e9t. Azonban arra nincs lehet\u0151s\u00e9g, hogy a v\u00e9djegy \u00e1rujegyz\u00e9k\u00e9ben kor\u00e1bban nem szerepelt \u201e\u00faj \u00e1rukra \u00e9s\/vagy szolg\u00e1ltat\u00e1sokra\u201d n\u00e9zve is k\u00e9rje a jogosult a v\u00e9djegyoltalom meg\u00faj\u00edt\u00e1s\u00e1t, azaz csak a m\u00e1r megl\u00e9v\u0151 \u00e1rujegyz\u00e9k\u00e9vel \u201egazd\u00e1lkodhat\u201d, annak teljes vagy r\u00e9szleges meg\u00faj\u00edt\u00e1s\u00e1r\u00f3l gondoskodhat.<\/p>\n<p style=\"text-align: justify\">Egy v\u00e9djegy meg\u00faj\u00edt\u00e1s hi\u00e1nya miatti megsz\u0171n\u00e9s\u00e9hez vezethet az a k\u00f6r\u00fclm\u00e9ny is, amikor az adott v\u00e9djegyjogosulti c\u00e9g jogut\u00f3d n\u00e9lk\u00fcl megsz\u0171nik. Az is el\u0151fordulhat, hogy a v\u00e9djegy jogosultja, mint mag\u00e1nszem\u00e9ly elhal\u00e1lozik \u00e9s ez ut\u00f3bbi esetben a v\u00e9djegy jogut\u00f3dja (t\u00f6rv\u00e9nyes \u00f6r\u00f6k\u00f6s) m\u00e1r nem k\u00edv\u00e1nja tov\u00e1bb \u00e9letben tartani a v\u00e9djegy oltalm\u00e1t, ez\u00e9rt hagyja, hogy az, az oltalmi id\u0151 lej\u00e1rt\u00e1t k\u00f6vet\u0151en megsz\u0171nj\u00f6n.<\/p>\n<p style=\"text-align: justify\">Ez ut\u00f3bbi esetre \u00e1lljon itt egy p\u00e9lda: a sokak \u00e1ltal ismert \u00e9s n\u00e9pszer\u0171 sportriporter, Kn\u00e9zy Jen\u0151 1998. augusztus 05. napj\u00e1n jelentette be v\u00e9djegyoltalomra az \u00e1ltala n\u00e9pszer\u0171v\u00e9 tett \u201eJ\u00f3 est\u00e9t, j\u00f3 szurkol\u00e1st!\u201d szlogent (lajstromsz\u00e1ma: 157778). Kn\u00e9zy Jen\u0151 2003-ban bek\u00f6vetkezett sajn\u00e1latos hal\u00e1l\u00e1t k\u00f6vet\u0151en a v\u00e9djegy jogosultjaiv\u00e1 t\u00f6rv\u00e9nyes \u00f6r\u00f6k\u00f6sei, a gyermekeik v\u00e1ltak. A jogut\u00f3dok \u00e9rthet\u0151 okokb\u00f3l m\u00e1r nem k\u00edv\u00e1nt\u00e1k tov\u00e1bb haszn\u00e1lni az \u00e9desapjukhoz szorosan k\u00f6t\u0151d\u0151 v\u00e9djegyet, \u00edgy annak a bejelent\u00e9s\u00e9t\u0151l sz\u00e1m\u00edtott t\u00edz \u00e9ves oltalmi idej\u00e9nek lej\u00e1rt\u00e1val nem is k\u00e9relmezt\u00e9k a v\u00e9djegyoltalom meg\u00faj\u00edt\u00e1s\u00e1t, melynek k\u00f6vetkezt\u00e9ben a v\u00e9djegy meg\u00faj\u00edt\u00e1s hi\u00e1ny\u00e1ban \u201eelhalt\u201d, megsz\u0171nt.<\/p>\n<p style=\"text-align: justify\"><strong>Megsz\u0171n\u00e9s az oltalomr\u00f3l t\u00f6rt\u00e9n\u0151 lemond\u00e1s miatt<\/strong><\/p>\n<p style=\"text-align: justify\">A v\u00e9djegy jogosultj\u00e1nak lehet\u0151s\u00e9ge van arra is, hogy v\u00e9djegy\u00e9nek oltalm\u00e1r\u00f3l a Hivatalhoz int\u00e9zett \u00edr\u00e1sbeli nyilatkozattal lemondjon. Megteheti a jogosult azt is, hogy az oltalomr\u00f3l ne teljes eg\u00e9sz\u00e9ben, hanem a v\u00e9djegy alatti \u00e1rujegyz\u00e9kbe tartoz\u00f3 \u00e1ruk \u00e9s\/ vagy szolg\u00e1ltat\u00e1sok egy r\u00e9sze tekintet\u00e9ben mondjon le.<\/p>\n<p style=\"text-align: justify\">A Hivatal a k\u00e9relem be\u00e9rkez\u00e9s\u00e9t k\u00f6vet\u0151 nappal, illetve a lemond\u00f3 \u00e1ltal megjel\u00f6lt kor\u00e1bbi id\u0151ponttal veszi tudom\u00e1sul a v\u00e9djegyoltalom megsz\u0171n\u00e9s\u00e9t.<\/p>\n<p style=\"text-align: justify\">Gyakori p\u00e9lda a v\u00e9djegyoltalomr\u00f3l t\u00f6rt\u00e9n\u0151 teljes vagy r\u00e9szleges lemond\u00e1sra, ha a jogosult az\u00e9rt d\u00f6nt az oltalomr\u00f3l t\u00f6rt\u00e9n\u0151 lemond\u00e1s mellett, mivel a v\u00e9djegy\u00e9vel szemben vagy t\u00f6rl\u00e9si vagy megsz\u0171n\u00e9s meg\u00e1llap\u00edt\u00e1s\u00e1ra ir\u00e1nyul\u00f3 elj\u00e1r\u00e1s indul. Ebben az esetben alapos m\u00e9rlegel\u00e9st k\u00f6vet\u0151en hozza meg a jogosult a lemond\u00e1sr\u00f3l sz\u00f3l\u00f3 d\u00f6nt\u00e9s\u00e9t, mivel bel\u00e1tja, hogy a v\u00e9djegy\u00e9vel szemben ind\u00edtott ak\u00e1r t\u00f6rl\u00e9si, ak\u00e1r megsz\u0171n\u00e9si elj\u00e1r\u00e1s kimenetele nyilv\u00e1nval\u00f3an sz\u00e1m\u00e1ra h\u00e1tr\u00e1nyosan v\u00e9gz\u0151dne. \u00cdgy v\u00e9djegyoltalm\u00e1r\u00f3l a keletkez\u00e9s\u00e9re visszahat\u00f3 hat\u00e1llyal t\u00f6rt\u00e9n\u0151 teljes vagy r\u00e9szleges lemond\u00e1s\u00e1val elker\u00fclheti, hogy az elj\u00e1r\u00e1s sor\u00e1n felmer\u00fcl\u0151 k\u00f6lts\u00e9geket meg kelljen fizetnie (Vt. 74. \u00a7 (3), Vt. 76. \u00a7 (4)).<\/p>\n<p style=\"text-align: justify\">Fontos megjegyezni ugyanakkor, hogy amennyiben a v\u00e9djegy jogosultja a Hivatal fel\u00e9 beny\u00fajtja az oltalomr\u00f3l val\u00f3 lemond\u00e1s\u00e1t, azt a d\u00f6nt\u00e9s\u00e9t a k\u00e9s\u0151bbiekben m\u00e1r nem v\u00e1ltoztathatja meg, nem vonhatja vissza.<\/p>\n<p style=\"text-align: justify\">Folytatjuk a k\u00f6vetkez\u0151 cikk\u00fcnkben.<\/p>\n<p style=\"text-align: justify\">Forduljon hozz\u00e1nk bizalommal, amennyiben k\u00e9rd\u00e9se van a v\u00e9djegyekkel kapcsolatban!<\/p>\n<p><a href=\"https:\/\/www.danubia.com\/hu\/munkatarsaink\/szep-erika\/\">SZ\u00c9P ERIKA<\/a><\/p>\n<p>v\u00e9djegy tan\u00e1csad\u00f3<\/p>\n<p><img loading=\"lazy\" decoding=\"async\" class=\"alignnone wp-image-3992 size-medium\" src=\"https:\/\/www.danubia.com\/wp-content\/uploads\/2020\/02\/Szep-Erika-300x300.jpg\" alt=\"\" width=\"300\" height=\"300\" \/><\/p>\n","protected":false},"excerpt":{"rendered":"<p>Egy v\u00e9djegy oltalm\u00e1nak megsz\u0171n\u00e9se az esetek t\u00f6bbs\u00e9g\u00e9ben a v\u00e9djegyjogosult cselekedetein, d\u00f6nt\u00e9sein m\u00falik.<\/p>\n","protected":false},"author":1,"featured_media":8663,"comment_status":"closed","ping_status":"closed","sticky":false,"template":"","format":"standard","meta":{"_et_pb_use_builder":"","_et_pb_old_content":"","_et_gb_content_width":"","footnotes":""},"categories":[83],"tags":[],"class_list":["post-8658","post","type-post","status-publish","format-standard","has-post-thumbnail","hentry","category-vedjegy"],"yoast_head":"<!-- This site is optimized with the Yoast SEO plugin v27.3 - https:\/\/yoast.com\/product\/yoast-seo-wordpress\/ -->\n<title>A v\u00e9djegyoltalom megsz\u0171n\u00e9s\u00e9nek esetei - 1. r\u00e9sz - Danubia<\/title>\n<meta name=\"description\" content=\"Egy v\u00e9djegy oltalm\u00e1nak megsz\u0171n\u00e9se az esetek t\u00f6bbs\u00e9g\u00e9ben a v\u00e9djegyjogosult cselekedetein, d\u00f6nt\u00e9sein m\u00falik.\" \/>\n<meta name=\"robots\" content=\"index, follow, max-snippet:-1, max-image-preview:large, max-video-preview:-1\" \/>\n<link rel=\"canonical\" href=\"https:\/\/www.danubia.com\/hu\/vedjegy\/a-vedjegyoltalom-megszunesenek-esetei-1-resz\/\" \/>\n<meta property=\"og:locale\" content=\"hu_HU\" \/>\n<meta property=\"og:type\" content=\"article\" \/>\n<meta property=\"og:title\" content=\"A v\u00e9djegyoltalom megsz\u0171n\u00e9s\u00e9nek esetei - 1. r\u00e9sz - Danubia\" \/>\n<meta property=\"og:description\" content=\"Egy v\u00e9djegy oltalm\u00e1nak megsz\u0171n\u00e9se az esetek t\u00f6bbs\u00e9g\u00e9ben a v\u00e9djegyjogosult cselekedetein, d\u00f6nt\u00e9sein m\u00falik.\" \/>\n<meta property=\"og:url\" content=\"https:\/\/www.danubia.com\/hu\/vedjegy\/a-vedjegyoltalom-megszunesenek-esetei-1-resz\/\" \/>\n<meta property=\"og:site_name\" content=\"Danubia\" \/>\n<meta property=\"article:published_time\" content=\"2021-08-26T10:21:33+00:00\" \/>\n<meta property=\"article:modified_time\" content=\"2021-08-26T12:12:55+00:00\" \/>\n<meta property=\"og:image\" content=\"https:\/\/www.danubia.com\/wp-content\/uploads\/2021\/08\/computer-2982270_1280.jpg\" \/>\n\t<meta property=\"og:image:width\" content=\"1280\" \/>\n\t<meta property=\"og:image:height\" content=\"830\" \/>\n\t<meta property=\"og:image:type\" content=\"image\/jpeg\" \/>\n<meta name=\"author\" content=\"Danubia Szabadalmi \u00e9s Jogi Iroda\" \/>\n<meta name=\"twitter:card\" content=\"summary_large_image\" \/>\n<meta name=\"twitter:label1\" content=\"Szerz\u0151:\" \/>\n\t<meta name=\"twitter:data1\" content=\"Danubia Szabadalmi \u00e9s Jogi Iroda\" \/>\n\t<meta name=\"twitter:label2\" content=\"Becs\u00fclt olvas\u00e1si id\u0151\" \/>\n\t<meta name=\"twitter:data2\" content=\"4 perc\" \/>\n<script type=\"application\/ld+json\" class=\"yoast-schema-graph\">{\"@context\":\"https:\\\/\\\/schema.org\",\"@graph\":[{\"@type\":\"Article\",\"@id\":\"https:\\\/\\\/www.danubia.com\\\/hu\\\/vedjegy\\\/a-vedjegyoltalom-megszunesenek-esetei-1-resz\\\/#article\",\"isPartOf\":{\"@id\":\"https:\\\/\\\/www.danubia.com\\\/hu\\\/vedjegy\\\/a-vedjegyoltalom-megszunesenek-esetei-1-resz\\\/\"},\"author\":{\"name\":\"Danubia Szabadalmi \u00e9s Jogi Iroda\",\"@id\":\"https:\\\/\\\/www.danubia.com\\\/#\\\/schema\\\/person\\\/c3a081c566cce5d38b32c31f3bf569b8\"},\"headline\":\"A v\u00e9djegyoltalom megsz\u0171n\u00e9s\u00e9nek esetei &#8211; 1. r\u00e9sz\",\"datePublished\":\"2021-08-26T10:21:33+00:00\",\"dateModified\":\"2021-08-26T12:12:55+00:00\",\"mainEntityOfPage\":{\"@id\":\"https:\\\/\\\/www.danubia.com\\\/hu\\\/vedjegy\\\/a-vedjegyoltalom-megszunesenek-esetei-1-resz\\\/\"},\"wordCount\":1423,\"image\":{\"@id\":\"https:\\\/\\\/www.danubia.com\\\/hu\\\/vedjegy\\\/a-vedjegyoltalom-megszunesenek-esetei-1-resz\\\/#primaryimage\"},\"thumbnailUrl\":\"https:\\\/\\\/www.danubia.com\\\/wp-content\\\/uploads\\\/2021\\\/08\\\/computer-2982270_1280.jpg\",\"articleSection\":[\"V\u00e9djegy\"],\"inLanguage\":\"hu\"},{\"@type\":\"WebPage\",\"@id\":\"https:\\\/\\\/www.danubia.com\\\/hu\\\/vedjegy\\\/a-vedjegyoltalom-megszunesenek-esetei-1-resz\\\/\",\"url\":\"https:\\\/\\\/www.danubia.com\\\/hu\\\/vedjegy\\\/a-vedjegyoltalom-megszunesenek-esetei-1-resz\\\/\",\"name\":\"A v\u00e9djegyoltalom megsz\u0171n\u00e9s\u00e9nek esetei - 1. r\u00e9sz - Danubia\",\"isPartOf\":{\"@id\":\"https:\\\/\\\/www.danubia.com\\\/#website\"},\"primaryImageOfPage\":{\"@id\":\"https:\\\/\\\/www.danubia.com\\\/hu\\\/vedjegy\\\/a-vedjegyoltalom-megszunesenek-esetei-1-resz\\\/#primaryimage\"},\"image\":{\"@id\":\"https:\\\/\\\/www.danubia.com\\\/hu\\\/vedjegy\\\/a-vedjegyoltalom-megszunesenek-esetei-1-resz\\\/#primaryimage\"},\"thumbnailUrl\":\"https:\\\/\\\/www.danubia.com\\\/wp-content\\\/uploads\\\/2021\\\/08\\\/computer-2982270_1280.jpg\",\"datePublished\":\"2021-08-26T10:21:33+00:00\",\"dateModified\":\"2021-08-26T12:12:55+00:00\",\"author\":{\"@id\":\"https:\\\/\\\/www.danubia.com\\\/#\\\/schema\\\/person\\\/c3a081c566cce5d38b32c31f3bf569b8\"},\"description\":\"Egy v\u00e9djegy oltalm\u00e1nak megsz\u0171n\u00e9se az esetek t\u00f6bbs\u00e9g\u00e9ben a v\u00e9djegyjogosult cselekedetein, d\u00f6nt\u00e9sein m\u00falik.\",\"breadcrumb\":{\"@id\":\"https:\\\/\\\/www.danubia.com\\\/hu\\\/vedjegy\\\/a-vedjegyoltalom-megszunesenek-esetei-1-resz\\\/#breadcrumb\"},\"inLanguage\":\"hu\",\"potentialAction\":[{\"@type\":\"ReadAction\",\"target\":[\"https:\\\/\\\/www.danubia.com\\\/hu\\\/vedjegy\\\/a-vedjegyoltalom-megszunesenek-esetei-1-resz\\\/\"]}]},{\"@type\":\"ImageObject\",\"inLanguage\":\"hu\",\"@id\":\"https:\\\/\\\/www.danubia.com\\\/hu\\\/vedjegy\\\/a-vedjegyoltalom-megszunesenek-esetei-1-resz\\\/#primaryimage\",\"url\":\"https:\\\/\\\/www.danubia.com\\\/wp-content\\\/uploads\\\/2021\\\/08\\\/computer-2982270_1280.jpg\",\"contentUrl\":\"https:\\\/\\\/www.danubia.com\\\/wp-content\\\/uploads\\\/2021\\\/08\\\/computer-2982270_1280.jpg\",\"width\":1280,\"height\":830},{\"@type\":\"BreadcrumbList\",\"@id\":\"https:\\\/\\\/www.danubia.com\\\/hu\\\/vedjegy\\\/a-vedjegyoltalom-megszunesenek-esetei-1-resz\\\/#breadcrumb\",\"itemListElement\":[{\"@type\":\"ListItem\",\"position\":1,\"name\":\"Home\",\"item\":\"https:\\\/\\\/www.danubia.com\\\/hu\\\/\"},{\"@type\":\"ListItem\",\"position\":2,\"name\":\"A v\u00e9djegyoltalom megsz\u0171n\u00e9s\u00e9nek esetei &#8211; 1. r\u00e9sz\"}]},{\"@type\":\"WebSite\",\"@id\":\"https:\\\/\\\/www.danubia.com\\\/#website\",\"url\":\"https:\\\/\\\/www.danubia.com\\\/\",\"name\":\"Danubia\",\"description\":\"\",\"potentialAction\":[{\"@type\":\"SearchAction\",\"target\":{\"@type\":\"EntryPoint\",\"urlTemplate\":\"https:\\\/\\\/www.danubia.com\\\/?s={search_term_string}\"},\"query-input\":{\"@type\":\"PropertyValueSpecification\",\"valueRequired\":true,\"valueName\":\"search_term_string\"}}],\"inLanguage\":\"hu\"},{\"@type\":\"Person\",\"@id\":\"https:\\\/\\\/www.danubia.com\\\/#\\\/schema\\\/person\\\/c3a081c566cce5d38b32c31f3bf569b8\",\"name\":\"Danubia Szabadalmi \u00e9s Jogi Iroda\",\"image\":{\"@type\":\"ImageObject\",\"inLanguage\":\"hu\",\"@id\":\"https:\\\/\\\/secure.gravatar.com\\\/avatar\\\/347a905c0860aaf34650db19625beeb4cfc4347b5df0d66ef80381817b31b53c?s=96&r=g\",\"url\":\"https:\\\/\\\/secure.gravatar.com\\\/avatar\\\/347a905c0860aaf34650db19625beeb4cfc4347b5df0d66ef80381817b31b53c?s=96&r=g\",\"contentUrl\":\"https:\\\/\\\/secure.gravatar.com\\\/avatar\\\/347a905c0860aaf34650db19625beeb4cfc4347b5df0d66ef80381817b31b53c?s=96&r=g\",\"caption\":\"Danubia Szabadalmi \u00e9s Jogi Iroda\"}}]}<\/script>\n<!-- \/ Yoast SEO plugin. -->","yoast_head_json":{"title":"A v\u00e9djegyoltalom megsz\u0171n\u00e9s\u00e9nek esetei - 1. r\u00e9sz - Danubia","description":"Egy v\u00e9djegy oltalm\u00e1nak megsz\u0171n\u00e9se az esetek t\u00f6bbs\u00e9g\u00e9ben a v\u00e9djegyjogosult cselekedetein, d\u00f6nt\u00e9sein m\u00falik.","robots":{"index":"index","follow":"follow","max-snippet":"max-snippet:-1","max-image-preview":"max-image-preview:large","max-video-preview":"max-video-preview:-1"},"canonical":"https:\/\/www.danubia.com\/hu\/vedjegy\/a-vedjegyoltalom-megszunesenek-esetei-1-resz\/","og_locale":"hu_HU","og_type":"article","og_title":"A v\u00e9djegyoltalom megsz\u0171n\u00e9s\u00e9nek esetei - 1. r\u00e9sz - Danubia","og_description":"Egy v\u00e9djegy oltalm\u00e1nak megsz\u0171n\u00e9se az esetek t\u00f6bbs\u00e9g\u00e9ben a v\u00e9djegyjogosult cselekedetein, d\u00f6nt\u00e9sein m\u00falik.","og_url":"https:\/\/www.danubia.com\/hu\/vedjegy\/a-vedjegyoltalom-megszunesenek-esetei-1-resz\/","og_site_name":"Danubia","article_published_time":"2021-08-26T10:21:33+00:00","article_modified_time":"2021-08-26T12:12:55+00:00","og_image":[{"width":1280,"height":830,"url":"https:\/\/www.danubia.com\/wp-content\/uploads\/2021\/08\/computer-2982270_1280.jpg","type":"image\/jpeg"}],"author":"Danubia Szabadalmi \u00e9s Jogi Iroda","twitter_card":"summary_large_image","twitter_misc":{"Szerz\u0151:":"Danubia Szabadalmi \u00e9s Jogi Iroda","Becs\u00fclt olvas\u00e1si id\u0151":"4 perc"},"schema":{"@context":"https:\/\/schema.org","@graph":[{"@type":"Article","@id":"https:\/\/www.danubia.com\/hu\/vedjegy\/a-vedjegyoltalom-megszunesenek-esetei-1-resz\/#article","isPartOf":{"@id":"https:\/\/www.danubia.com\/hu\/vedjegy\/a-vedjegyoltalom-megszunesenek-esetei-1-resz\/"},"author":{"name":"Danubia Szabadalmi \u00e9s Jogi Iroda","@id":"https:\/\/www.danubia.com\/#\/schema\/person\/c3a081c566cce5d38b32c31f3bf569b8"},"headline":"A v\u00e9djegyoltalom megsz\u0171n\u00e9s\u00e9nek esetei &#8211; 1. r\u00e9sz","datePublished":"2021-08-26T10:21:33+00:00","dateModified":"2021-08-26T12:12:55+00:00","mainEntityOfPage":{"@id":"https:\/\/www.danubia.com\/hu\/vedjegy\/a-vedjegyoltalom-megszunesenek-esetei-1-resz\/"},"wordCount":1423,"image":{"@id":"https:\/\/www.danubia.com\/hu\/vedjegy\/a-vedjegyoltalom-megszunesenek-esetei-1-resz\/#primaryimage"},"thumbnailUrl":"https:\/\/www.danubia.com\/wp-content\/uploads\/2021\/08\/computer-2982270_1280.jpg","articleSection":["V\u00e9djegy"],"inLanguage":"hu"},{"@type":"WebPage","@id":"https:\/\/www.danubia.com\/hu\/vedjegy\/a-vedjegyoltalom-megszunesenek-esetei-1-resz\/","url":"https:\/\/www.danubia.com\/hu\/vedjegy\/a-vedjegyoltalom-megszunesenek-esetei-1-resz\/","name":"A v\u00e9djegyoltalom megsz\u0171n\u00e9s\u00e9nek esetei - 1. r\u00e9sz - Danubia","isPartOf":{"@id":"https:\/\/www.danubia.com\/#website"},"primaryImageOfPage":{"@id":"https:\/\/www.danubia.com\/hu\/vedjegy\/a-vedjegyoltalom-megszunesenek-esetei-1-resz\/#primaryimage"},"image":{"@id":"https:\/\/www.danubia.com\/hu\/vedjegy\/a-vedjegyoltalom-megszunesenek-esetei-1-resz\/#primaryimage"},"thumbnailUrl":"https:\/\/www.danubia.com\/wp-content\/uploads\/2021\/08\/computer-2982270_1280.jpg","datePublished":"2021-08-26T10:21:33+00:00","dateModified":"2021-08-26T12:12:55+00:00","author":{"@id":"https:\/\/www.danubia.com\/#\/schema\/person\/c3a081c566cce5d38b32c31f3bf569b8"},"description":"Egy v\u00e9djegy oltalm\u00e1nak megsz\u0171n\u00e9se az esetek t\u00f6bbs\u00e9g\u00e9ben a v\u00e9djegyjogosult cselekedetein, d\u00f6nt\u00e9sein m\u00falik.","breadcrumb":{"@id":"https:\/\/www.danubia.com\/hu\/vedjegy\/a-vedjegyoltalom-megszunesenek-esetei-1-resz\/#breadcrumb"},"inLanguage":"hu","potentialAction":[{"@type":"ReadAction","target":["https:\/\/www.danubia.com\/hu\/vedjegy\/a-vedjegyoltalom-megszunesenek-esetei-1-resz\/"]}]},{"@type":"ImageObject","inLanguage":"hu","@id":"https:\/\/www.danubia.com\/hu\/vedjegy\/a-vedjegyoltalom-megszunesenek-esetei-1-resz\/#primaryimage","url":"https:\/\/www.danubia.com\/wp-content\/uploads\/2021\/08\/computer-2982270_1280.jpg","contentUrl":"https:\/\/www.danubia.com\/wp-content\/uploads\/2021\/08\/computer-2982270_1280.jpg","width":1280,"height":830},{"@type":"BreadcrumbList","@id":"https:\/\/www.danubia.com\/hu\/vedjegy\/a-vedjegyoltalom-megszunesenek-esetei-1-resz\/#breadcrumb","itemListElement":[{"@type":"ListItem","position":1,"name":"Home","item":"https:\/\/www.danubia.com\/hu\/"},{"@type":"ListItem","position":2,"name":"A v\u00e9djegyoltalom megsz\u0171n\u00e9s\u00e9nek esetei &#8211; 1. r\u00e9sz"}]},{"@type":"WebSite","@id":"https:\/\/www.danubia.com\/#website","url":"https:\/\/www.danubia.com\/","name":"Danubia","description":"","potentialAction":[{"@type":"SearchAction","target":{"@type":"EntryPoint","urlTemplate":"https:\/\/www.danubia.com\/?s={search_term_string}"},"query-input":{"@type":"PropertyValueSpecification","valueRequired":true,"valueName":"search_term_string"}}],"inLanguage":"hu"},{"@type":"Person","@id":"https:\/\/www.danubia.com\/#\/schema\/person\/c3a081c566cce5d38b32c31f3bf569b8","name":"Danubia Szabadalmi \u00e9s Jogi Iroda","image":{"@type":"ImageObject","inLanguage":"hu","@id":"https:\/\/secure.gravatar.com\/avatar\/347a905c0860aaf34650db19625beeb4cfc4347b5df0d66ef80381817b31b53c?s=96&r=g","url":"https:\/\/secure.gravatar.com\/avatar\/347a905c0860aaf34650db19625beeb4cfc4347b5df0d66ef80381817b31b53c?s=96&r=g","contentUrl":"https:\/\/secure.gravatar.com\/avatar\/347a905c0860aaf34650db19625beeb4cfc4347b5df0d66ef80381817b31b53c?s=96&r=g","caption":"Danubia Szabadalmi \u00e9s Jogi Iroda"}}]}},"_links":{"self":[{"href":"https:\/\/www.danubia.com\/hu\/wp-json\/wp\/v2\/posts\/8658","targetHints":{"allow":["GET"]}}],"collection":[{"href":"https:\/\/www.danubia.com\/hu\/wp-json\/wp\/v2\/posts"}],"about":[{"href":"https:\/\/www.danubia.com\/hu\/wp-json\/wp\/v2\/types\/post"}],"author":[{"embeddable":true,"href":"https:\/\/www.danubia.com\/hu\/wp-json\/wp\/v2\/users\/1"}],"replies":[{"embeddable":true,"href":"https:\/\/www.danubia.com\/hu\/wp-json\/wp\/v2\/comments?post=8658"}],"version-history":[{"count":3,"href":"https:\/\/www.danubia.com\/hu\/wp-json\/wp\/v2\/posts\/8658\/revisions"}],"predecessor-version":[{"id":8665,"href":"https:\/\/www.danubia.com\/hu\/wp-json\/wp\/v2\/posts\/8658\/revisions\/8665"}],"wp:featuredmedia":[{"embeddable":true,"href":"https:\/\/www.danubia.com\/hu\/wp-json\/wp\/v2\/media\/8663"}],"wp:attachment":[{"href":"https:\/\/www.danubia.com\/hu\/wp-json\/wp\/v2\/media?parent=8658"}],"wp:term":[{"taxonomy":"category","embeddable":true,"href":"https:\/\/www.danubia.com\/hu\/wp-json\/wp\/v2\/categories?post=8658"},{"taxonomy":"post_tag","embeddable":true,"href":"https:\/\/www.danubia.com\/hu\/wp-json\/wp\/v2\/tags?post=8658"}],"curies":[{"name":"wp","href":"https:\/\/api.w.org\/{rel}","templated":true}]}}