{"id":8689,"date":"2021-09-14T13:32:42","date_gmt":"2021-09-14T13:32:42","guid":{"rendered":"https:\/\/www.danubia.com\/?p=8689"},"modified":"2021-09-14T13:32:42","modified_gmt":"2021-09-14T13:32:42","slug":"az-sztnh-es-vg-szervezeseben-az-5letbol-ertek-szellemi-alkotasok-tudatos-vedelme-cimu-konferencia","status":"publish","type":"post","link":"https:\/\/www.danubia.com\/hu\/konferencia\/az-sztnh-es-vg-szervezeseben-az-5letbol-ertek-szellemi-alkotasok-tudatos-vedelme-cimu-konferencia\/","title":{"rendered":"Az SZTNH \u00e9s VG szervez\u00e9s\u00e9ben az \u201e5letb\u0151l \u00e9rt\u00e9k \u2013 Szellemi alkot\u00e1sok tudatos v\u00e9delme\u201d c\u00edm\u0171 konferencia"},"content":{"rendered":"<p style=\"text-align: justify\">2021. szeptember 9-\u00e9n megrendez\u00e9sre ker\u00fclt az \u201e5letb\u0151l \u00e9rt\u00e9k \u2013 Szellemi alkot\u00e1sok tudatos v\u00e9delme\u201d c\u00edm\u0171 \u00fczleti konferencia a Szellemi Tulajdon Nemzeti Hivatala \u00e9s a Vil\u00e1ggazdas\u00e1g szervez\u00e9s\u00e9ben, amelyen sz\u00ednvonalas el\u0151ad\u00e1sokat hallhattak a r\u00e9sztvev\u0151k.<\/p>\n<p style=\"text-align: justify\">A <strong>Danubia C\u00e9gcsoport<\/strong> partnere, <strong>Dr. Moln\u00e1r Istv\u00e1n<\/strong> is jelen volt az el\u0151ad\u00f3k k\u00f6z\u00f6tt. El\u0151ad\u00e1s\u00e1ban a szellemi tulajdon \u00e1tenged\u00e9s\u00e9nek szab\u00e1lyaira t\u00e9rt ki r\u00e9szletesen.<\/p>\n<p style=\"text-align: justify\">Egy rendk\u00edv\u00fcl hasznos \u00e9s sz\u00ednvonalas rendezv\u00e9nyt tudhatunk magunk m\u00f6g\u00f6tt, ez\u00faton is k\u00f6sz\u00f6nj\u00fck sz\u00e9pen a szervez\u0151knek!<\/p>\n<p><img loading=\"lazy\" decoding=\"async\" class=\"aligncenter wp-image-8690 size-large\" src=\"https:\/\/www.danubia.com\/wp-content\/uploads\/2021\/09\/LUS_0170_-1024x682.jpg\" alt=\"\" width=\"1024\" height=\"682\" srcset=\"https:\/\/www.danubia.com\/wp-content\/uploads\/2021\/09\/LUS_0170_-980x653.jpg 980w, https:\/\/www.danubia.com\/wp-content\/uploads\/2021\/09\/LUS_0170_-480x320.jpg 480w\" sizes=\"(min-width: 0px) and (max-width: 480px) 480px, (min-width: 481px) and (max-width: 980px) 980px, (min-width: 981px) 1024px, 100vw\" \/><\/p>\n<p>K\u00e9pek forr\u00e1sa: Vil\u00e1ggazdas\u00e1g<\/p>\n<p>&nbsp;<\/p>\n<p><a href=\"https:\/\/www.danubia.com\/hu\/munkatarsaink\/dr-molnar-istvan\/\">DR. MOLN\u00c1R ISTV\u00c1N<\/a><\/p>\n<p>a DANUBIA IP Kft. \u00fcgyvezet\u0151 igazgat\u00f3ja<br \/>\neur\u00f3pai \u00e9s magyar szabadalmi \u00fcgyviv\u0151<br \/>\npartner<\/p>\n<p><img loading=\"lazy\" decoding=\"async\" class=\"alignleft wp-image-5183 size-medium\" src=\"https:\/\/www.danubia.com\/wp-content\/uploads\/2021\/01\/Moln\u00e1r-Istv\u00e1n-300x300.jpg\" alt=\"\" width=\"300\" height=\"300\" srcset=\"https:\/\/www.danubia.com\/wp-content\/uploads\/2021\/01\/Moln\u00e1r-Istv\u00e1n-300x300.jpg 300w, https:\/\/www.danubia.com\/wp-content\/uploads\/2021\/01\/Moln\u00e1r-Istv\u00e1n-1024x1024.jpg 1024w, https:\/\/www.danubia.com\/wp-content\/uploads\/2021\/01\/Moln\u00e1r-Istv\u00e1n-150x150.jpg 150w, https:\/\/www.danubia.com\/wp-content\/uploads\/2021\/01\/Moln\u00e1r-Istv\u00e1n-768x768.jpg 768w, https:\/\/www.danubia.com\/wp-content\/uploads\/2021\/01\/Moln\u00e1r-Istv\u00e1n-1080x1080.jpg 1080w, https:\/\/www.danubia.com\/wp-content\/uploads\/2021\/01\/Moln\u00e1r-Istv\u00e1n-1280x1280.jpg 1280w, https:\/\/www.danubia.com\/wp-content\/uploads\/2021\/01\/Moln\u00e1r-Istv\u00e1n-980x980.jpg 980w, https:\/\/www.danubia.com\/wp-content\/uploads\/2021\/01\/Moln\u00e1r-Istv\u00e1n-480x480.jpg 480w, https:\/\/www.danubia.com\/wp-content\/uploads\/2021\/01\/Moln\u00e1r-Istv\u00e1n.jpg 1500w\" sizes=\"(max-width: 300px) 100vw, 300px\" \/><\/p>\n","protected":false},"excerpt":{"rendered":"<p>A Danubia C\u00e9gcsoport partnere, Dr. Moln\u00e1r Istv\u00e1n el\u0151ad\u00f3k\u00e9nt a szellemi tulajdon \u00e1tenged\u00e9s\u00e9nek szab\u00e1lyaira t\u00e9rt ki r\u00e9szletesen.<\/p>\n","protected":false},"author":1,"featured_media":8692,"comment_status":"closed","ping_status":"closed","sticky":false,"template":"","format":"standard","meta":{"_et_pb_use_builder":"","_et_pb_old_content":"","_et_gb_content_width":"","footnotes":""},"categories":[87],"tags":[],"class_list":["post-8689","post","type-post","status-publish","format-standard","has-post-thumbnail","hentry","category-konferencia"],"yoast_head":"<!-- This site is optimized with the Yoast SEO plugin v27.3 - https:\/\/yoast.com\/product\/yoast-seo-wordpress\/ -->\n<title>Az SZTNH \u00e9s VG szervez\u00e9s\u00e9ben az \u201e5letb\u0151l \u00e9rt\u00e9k \u2013 Szellemi alkot\u00e1sok tudatos v\u00e9delme\u201d c\u00edm\u0171 konferencia - Danubia<\/title>\n<meta name=\"description\" content=\"A Danubia C\u00e9gcsoport partnere, Dr. Moln\u00e1r Istv\u00e1n el\u0151ad\u00f3k\u00e9nt a szellemi tulajdon \u00e1tenged\u00e9s\u00e9nek szab\u00e1lyaira t\u00e9rt ki r\u00e9szletesen.\" \/>\n<meta name=\"robots\" content=\"index, follow, max-snippet:-1, max-image-preview:large, max-video-preview:-1\" \/>\n<link rel=\"canonical\" href=\"https:\/\/www.danubia.com\/hu\/konferencia\/az-sztnh-es-vg-szervezeseben-az-5letbol-ertek-szellemi-alkotasok-tudatos-vedelme-cimu-konferencia\/\" \/>\n<meta property=\"og:locale\" content=\"hu_HU\" \/>\n<meta property=\"og:type\" content=\"article\" \/>\n<meta property=\"og:title\" content=\"Az SZTNH \u00e9s VG szervez\u00e9s\u00e9ben az \u201e5letb\u0151l \u00e9rt\u00e9k \u2013 Szellemi alkot\u00e1sok tudatos v\u00e9delme\u201d c\u00edm\u0171 konferencia - Danubia\" \/>\n<meta property=\"og:description\" content=\"A Danubia C\u00e9gcsoport partnere, Dr. Moln\u00e1r Istv\u00e1n el\u0151ad\u00f3k\u00e9nt a szellemi tulajdon \u00e1tenged\u00e9s\u00e9nek szab\u00e1lyaira t\u00e9rt ki r\u00e9szletesen.\" \/>\n<meta property=\"og:url\" content=\"https:\/\/www.danubia.com\/hu\/konferencia\/az-sztnh-es-vg-szervezeseben-az-5letbol-ertek-szellemi-alkotasok-tudatos-vedelme-cimu-konferencia\/\" \/>\n<meta property=\"og:site_name\" content=\"Danubia\" \/>\n<meta property=\"article:published_time\" content=\"2021-09-14T13:32:42+00:00\" \/>\n<meta property=\"og:image\" content=\"https:\/\/www.danubia.com\/wp-content\/uploads\/2021\/09\/Telthaz-scaled.jpg\" \/>\n\t<meta property=\"og:image:width\" content=\"2560\" \/>\n\t<meta property=\"og:image:height\" content=\"1707\" \/>\n\t<meta property=\"og:image:type\" content=\"image\/jpeg\" \/>\n<meta name=\"author\" content=\"Danubia Szabadalmi \u00e9s Jogi Iroda\" \/>\n<meta name=\"twitter:card\" content=\"summary_large_image\" \/>\n<meta name=\"twitter:label1\" content=\"Szerz\u0151:\" \/>\n\t<meta name=\"twitter:data1\" content=\"Danubia Szabadalmi \u00e9s Jogi Iroda\" \/>\n\t<meta name=\"twitter:label2\" content=\"Becs\u00fclt olvas\u00e1si id\u0151\" \/>\n\t<meta name=\"twitter:data2\" content=\"1 perc\" \/>\n<script type=\"application\/ld+json\" class=\"yoast-schema-graph\">{\"@context\":\"https:\\\/\\\/schema.org\",\"@graph\":[{\"@type\":\"Article\",\"@id\":\"https:\\\/\\\/www.danubia.com\\\/hu\\\/konferencia\\\/az-sztnh-es-vg-szervezeseben-az-5letbol-ertek-szellemi-alkotasok-tudatos-vedelme-cimu-konferencia\\\/#article\",\"isPartOf\":{\"@id\":\"https:\\\/\\\/www.danubia.com\\\/hu\\\/konferencia\\\/az-sztnh-es-vg-szervezeseben-az-5letbol-ertek-szellemi-alkotasok-tudatos-vedelme-cimu-konferencia\\\/\"},\"author\":{\"name\":\"Danubia Szabadalmi \u00e9s Jogi Iroda\",\"@id\":\"https:\\\/\\\/www.danubia.com\\\/#\\\/schema\\\/person\\\/c3a081c566cce5d38b32c31f3bf569b8\"},\"headline\":\"Az SZTNH \u00e9s VG szervez\u00e9s\u00e9ben az \u201e5letb\u0151l \u00e9rt\u00e9k \u2013 Szellemi alkot\u00e1sok tudatos v\u00e9delme\u201d c\u00edm\u0171 konferencia\",\"datePublished\":\"2021-09-14T13:32:42+00:00\",\"mainEntityOfPage\":{\"@id\":\"https:\\\/\\\/www.danubia.com\\\/hu\\\/konferencia\\\/az-sztnh-es-vg-szervezeseben-az-5letbol-ertek-szellemi-alkotasok-tudatos-vedelme-cimu-konferencia\\\/\"},\"wordCount\":158,\"image\":{\"@id\":\"https:\\\/\\\/www.danubia.com\\\/hu\\\/konferencia\\\/az-sztnh-es-vg-szervezeseben-az-5letbol-ertek-szellemi-alkotasok-tudatos-vedelme-cimu-konferencia\\\/#primaryimage\"},\"thumbnailUrl\":\"https:\\\/\\\/www.danubia.com\\\/wp-content\\\/uploads\\\/2021\\\/09\\\/Telthaz-scaled.jpg\",\"articleSection\":[\"Konferencia\"],\"inLanguage\":\"hu\"},{\"@type\":\"WebPage\",\"@id\":\"https:\\\/\\\/www.danubia.com\\\/hu\\\/konferencia\\\/az-sztnh-es-vg-szervezeseben-az-5letbol-ertek-szellemi-alkotasok-tudatos-vedelme-cimu-konferencia\\\/\",\"url\":\"https:\\\/\\\/www.danubia.com\\\/hu\\\/konferencia\\\/az-sztnh-es-vg-szervezeseben-az-5letbol-ertek-szellemi-alkotasok-tudatos-vedelme-cimu-konferencia\\\/\",\"name\":\"Az SZTNH \u00e9s VG szervez\u00e9s\u00e9ben az \u201e5letb\u0151l \u00e9rt\u00e9k \u2013 Szellemi alkot\u00e1sok tudatos v\u00e9delme\u201d c\u00edm\u0171 konferencia - Danubia\",\"isPartOf\":{\"@id\":\"https:\\\/\\\/www.danubia.com\\\/#website\"},\"primaryImageOfPage\":{\"@id\":\"https:\\\/\\\/www.danubia.com\\\/hu\\\/konferencia\\\/az-sztnh-es-vg-szervezeseben-az-5letbol-ertek-szellemi-alkotasok-tudatos-vedelme-cimu-konferencia\\\/#primaryimage\"},\"image\":{\"@id\":\"https:\\\/\\\/www.danubia.com\\\/hu\\\/konferencia\\\/az-sztnh-es-vg-szervezeseben-az-5letbol-ertek-szellemi-alkotasok-tudatos-vedelme-cimu-konferencia\\\/#primaryimage\"},\"thumbnailUrl\":\"https:\\\/\\\/www.danubia.com\\\/wp-content\\\/uploads\\\/2021\\\/09\\\/Telthaz-scaled.jpg\",\"datePublished\":\"2021-09-14T13:32:42+00:00\",\"author\":{\"@id\":\"https:\\\/\\\/www.danubia.com\\\/#\\\/schema\\\/person\\\/c3a081c566cce5d38b32c31f3bf569b8\"},\"description\":\"A Danubia C\u00e9gcsoport partnere, Dr. Moln\u00e1r Istv\u00e1n el\u0151ad\u00f3k\u00e9nt a szellemi tulajdon \u00e1tenged\u00e9s\u00e9nek szab\u00e1lyaira t\u00e9rt ki r\u00e9szletesen.\",\"breadcrumb\":{\"@id\":\"https:\\\/\\\/www.danubia.com\\\/hu\\\/konferencia\\\/az-sztnh-es-vg-szervezeseben-az-5letbol-ertek-szellemi-alkotasok-tudatos-vedelme-cimu-konferencia\\\/#breadcrumb\"},\"inLanguage\":\"hu\",\"potentialAction\":[{\"@type\":\"ReadAction\",\"target\":[\"https:\\\/\\\/www.danubia.com\\\/hu\\\/konferencia\\\/az-sztnh-es-vg-szervezeseben-az-5letbol-ertek-szellemi-alkotasok-tudatos-vedelme-cimu-konferencia\\\/\"]}]},{\"@type\":\"ImageObject\",\"inLanguage\":\"hu\",\"@id\":\"https:\\\/\\\/www.danubia.com\\\/hu\\\/konferencia\\\/az-sztnh-es-vg-szervezeseben-az-5letbol-ertek-szellemi-alkotasok-tudatos-vedelme-cimu-konferencia\\\/#primaryimage\",\"url\":\"https:\\\/\\\/www.danubia.com\\\/wp-content\\\/uploads\\\/2021\\\/09\\\/Telthaz-scaled.jpg\",\"contentUrl\":\"https:\\\/\\\/www.danubia.com\\\/wp-content\\\/uploads\\\/2021\\\/09\\\/Telthaz-scaled.jpg\",\"width\":2560,\"height\":1707},{\"@type\":\"BreadcrumbList\",\"@id\":\"https:\\\/\\\/www.danubia.com\\\/hu\\\/konferencia\\\/az-sztnh-es-vg-szervezeseben-az-5letbol-ertek-szellemi-alkotasok-tudatos-vedelme-cimu-konferencia\\\/#breadcrumb\",\"itemListElement\":[{\"@type\":\"ListItem\",\"position\":1,\"name\":\"Home\",\"item\":\"https:\\\/\\\/www.danubia.com\\\/hu\\\/\"},{\"@type\":\"ListItem\",\"position\":2,\"name\":\"Az SZTNH \u00e9s VG szervez\u00e9s\u00e9ben az \u201e5letb\u0151l \u00e9rt\u00e9k \u2013 Szellemi alkot\u00e1sok tudatos v\u00e9delme\u201d c\u00edm\u0171 konferencia\"}]},{\"@type\":\"WebSite\",\"@id\":\"https:\\\/\\\/www.danubia.com\\\/#website\",\"url\":\"https:\\\/\\\/www.danubia.com\\\/\",\"name\":\"Danubia\",\"description\":\"\",\"potentialAction\":[{\"@type\":\"SearchAction\",\"target\":{\"@type\":\"EntryPoint\",\"urlTemplate\":\"https:\\\/\\\/www.danubia.com\\\/?s={search_term_string}\"},\"query-input\":{\"@type\":\"PropertyValueSpecification\",\"valueRequired\":true,\"valueName\":\"search_term_string\"}}],\"inLanguage\":\"hu\"},{\"@type\":\"Person\",\"@id\":\"https:\\\/\\\/www.danubia.com\\\/#\\\/schema\\\/person\\\/c3a081c566cce5d38b32c31f3bf569b8\",\"name\":\"Danubia Szabadalmi \u00e9s Jogi Iroda\",\"image\":{\"@type\":\"ImageObject\",\"inLanguage\":\"hu\",\"@id\":\"https:\\\/\\\/secure.gravatar.com\\\/avatar\\\/347a905c0860aaf34650db19625beeb4cfc4347b5df0d66ef80381817b31b53c?s=96&r=g\",\"url\":\"https:\\\/\\\/secure.gravatar.com\\\/avatar\\\/347a905c0860aaf34650db19625beeb4cfc4347b5df0d66ef80381817b31b53c?s=96&r=g\",\"contentUrl\":\"https:\\\/\\\/secure.gravatar.com\\\/avatar\\\/347a905c0860aaf34650db19625beeb4cfc4347b5df0d66ef80381817b31b53c?s=96&r=g\",\"caption\":\"Danubia Szabadalmi \u00e9s Jogi Iroda\"}}]}<\/script>\n<!-- \/ Yoast SEO plugin. -->","yoast_head_json":{"title":"Az SZTNH \u00e9s VG szervez\u00e9s\u00e9ben az \u201e5letb\u0151l \u00e9rt\u00e9k \u2013 Szellemi alkot\u00e1sok tudatos v\u00e9delme\u201d c\u00edm\u0171 konferencia - Danubia","description":"A Danubia C\u00e9gcsoport partnere, Dr. Moln\u00e1r Istv\u00e1n el\u0151ad\u00f3k\u00e9nt a szellemi tulajdon \u00e1tenged\u00e9s\u00e9nek szab\u00e1lyaira t\u00e9rt ki r\u00e9szletesen.","robots":{"index":"index","follow":"follow","max-snippet":"max-snippet:-1","max-image-preview":"max-image-preview:large","max-video-preview":"max-video-preview:-1"},"canonical":"https:\/\/www.danubia.com\/hu\/konferencia\/az-sztnh-es-vg-szervezeseben-az-5letbol-ertek-szellemi-alkotasok-tudatos-vedelme-cimu-konferencia\/","og_locale":"hu_HU","og_type":"article","og_title":"Az SZTNH \u00e9s VG szervez\u00e9s\u00e9ben az \u201e5letb\u0151l \u00e9rt\u00e9k \u2013 Szellemi alkot\u00e1sok tudatos v\u00e9delme\u201d c\u00edm\u0171 konferencia - Danubia","og_description":"A Danubia C\u00e9gcsoport partnere, Dr. Moln\u00e1r Istv\u00e1n el\u0151ad\u00f3k\u00e9nt a szellemi tulajdon \u00e1tenged\u00e9s\u00e9nek szab\u00e1lyaira t\u00e9rt ki r\u00e9szletesen.","og_url":"https:\/\/www.danubia.com\/hu\/konferencia\/az-sztnh-es-vg-szervezeseben-az-5letbol-ertek-szellemi-alkotasok-tudatos-vedelme-cimu-konferencia\/","og_site_name":"Danubia","article_published_time":"2021-09-14T13:32:42+00:00","og_image":[{"width":2560,"height":1707,"url":"https:\/\/www.danubia.com\/wp-content\/uploads\/2021\/09\/Telthaz-scaled.jpg","type":"image\/jpeg"}],"author":"Danubia Szabadalmi \u00e9s Jogi Iroda","twitter_card":"summary_large_image","twitter_misc":{"Szerz\u0151:":"Danubia Szabadalmi \u00e9s Jogi Iroda","Becs\u00fclt olvas\u00e1si id\u0151":"1 perc"},"schema":{"@context":"https:\/\/schema.org","@graph":[{"@type":"Article","@id":"https:\/\/www.danubia.com\/hu\/konferencia\/az-sztnh-es-vg-szervezeseben-az-5letbol-ertek-szellemi-alkotasok-tudatos-vedelme-cimu-konferencia\/#article","isPartOf":{"@id":"https:\/\/www.danubia.com\/hu\/konferencia\/az-sztnh-es-vg-szervezeseben-az-5letbol-ertek-szellemi-alkotasok-tudatos-vedelme-cimu-konferencia\/"},"author":{"name":"Danubia Szabadalmi \u00e9s Jogi Iroda","@id":"https:\/\/www.danubia.com\/#\/schema\/person\/c3a081c566cce5d38b32c31f3bf569b8"},"headline":"Az SZTNH \u00e9s VG szervez\u00e9s\u00e9ben az \u201e5letb\u0151l \u00e9rt\u00e9k \u2013 Szellemi alkot\u00e1sok tudatos v\u00e9delme\u201d c\u00edm\u0171 konferencia","datePublished":"2021-09-14T13:32:42+00:00","mainEntityOfPage":{"@id":"https:\/\/www.danubia.com\/hu\/konferencia\/az-sztnh-es-vg-szervezeseben-az-5letbol-ertek-szellemi-alkotasok-tudatos-vedelme-cimu-konferencia\/"},"wordCount":158,"image":{"@id":"https:\/\/www.danubia.com\/hu\/konferencia\/az-sztnh-es-vg-szervezeseben-az-5letbol-ertek-szellemi-alkotasok-tudatos-vedelme-cimu-konferencia\/#primaryimage"},"thumbnailUrl":"https:\/\/www.danubia.com\/wp-content\/uploads\/2021\/09\/Telthaz-scaled.jpg","articleSection":["Konferencia"],"inLanguage":"hu"},{"@type":"WebPage","@id":"https:\/\/www.danubia.com\/hu\/konferencia\/az-sztnh-es-vg-szervezeseben-az-5letbol-ertek-szellemi-alkotasok-tudatos-vedelme-cimu-konferencia\/","url":"https:\/\/www.danubia.com\/hu\/konferencia\/az-sztnh-es-vg-szervezeseben-az-5letbol-ertek-szellemi-alkotasok-tudatos-vedelme-cimu-konferencia\/","name":"Az SZTNH \u00e9s VG szervez\u00e9s\u00e9ben az \u201e5letb\u0151l \u00e9rt\u00e9k \u2013 Szellemi alkot\u00e1sok tudatos v\u00e9delme\u201d c\u00edm\u0171 konferencia - Danubia","isPartOf":{"@id":"https:\/\/www.danubia.com\/#website"},"primaryImageOfPage":{"@id":"https:\/\/www.danubia.com\/hu\/konferencia\/az-sztnh-es-vg-szervezeseben-az-5letbol-ertek-szellemi-alkotasok-tudatos-vedelme-cimu-konferencia\/#primaryimage"},"image":{"@id":"https:\/\/www.danubia.com\/hu\/konferencia\/az-sztnh-es-vg-szervezeseben-az-5letbol-ertek-szellemi-alkotasok-tudatos-vedelme-cimu-konferencia\/#primaryimage"},"thumbnailUrl":"https:\/\/www.danubia.com\/wp-content\/uploads\/2021\/09\/Telthaz-scaled.jpg","datePublished":"2021-09-14T13:32:42+00:00","author":{"@id":"https:\/\/www.danubia.com\/#\/schema\/person\/c3a081c566cce5d38b32c31f3bf569b8"},"description":"A Danubia C\u00e9gcsoport partnere, Dr. Moln\u00e1r Istv\u00e1n el\u0151ad\u00f3k\u00e9nt a szellemi tulajdon \u00e1tenged\u00e9s\u00e9nek szab\u00e1lyaira t\u00e9rt ki r\u00e9szletesen.","breadcrumb":{"@id":"https:\/\/www.danubia.com\/hu\/konferencia\/az-sztnh-es-vg-szervezeseben-az-5letbol-ertek-szellemi-alkotasok-tudatos-vedelme-cimu-konferencia\/#breadcrumb"},"inLanguage":"hu","potentialAction":[{"@type":"ReadAction","target":["https:\/\/www.danubia.com\/hu\/konferencia\/az-sztnh-es-vg-szervezeseben-az-5letbol-ertek-szellemi-alkotasok-tudatos-vedelme-cimu-konferencia\/"]}]},{"@type":"ImageObject","inLanguage":"hu","@id":"https:\/\/www.danubia.com\/hu\/konferencia\/az-sztnh-es-vg-szervezeseben-az-5letbol-ertek-szellemi-alkotasok-tudatos-vedelme-cimu-konferencia\/#primaryimage","url":"https:\/\/www.danubia.com\/wp-content\/uploads\/2021\/09\/Telthaz-scaled.jpg","contentUrl":"https:\/\/www.danubia.com\/wp-content\/uploads\/2021\/09\/Telthaz-scaled.jpg","width":2560,"height":1707},{"@type":"BreadcrumbList","@id":"https:\/\/www.danubia.com\/hu\/konferencia\/az-sztnh-es-vg-szervezeseben-az-5letbol-ertek-szellemi-alkotasok-tudatos-vedelme-cimu-konferencia\/#breadcrumb","itemListElement":[{"@type":"ListItem","position":1,"name":"Home","item":"https:\/\/www.danubia.com\/hu\/"},{"@type":"ListItem","position":2,"name":"Az SZTNH \u00e9s VG szervez\u00e9s\u00e9ben az \u201e5letb\u0151l \u00e9rt\u00e9k \u2013 Szellemi alkot\u00e1sok tudatos v\u00e9delme\u201d c\u00edm\u0171 konferencia"}]},{"@type":"WebSite","@id":"https:\/\/www.danubia.com\/#website","url":"https:\/\/www.danubia.com\/","name":"Danubia","description":"","potentialAction":[{"@type":"SearchAction","target":{"@type":"EntryPoint","urlTemplate":"https:\/\/www.danubia.com\/?s={search_term_string}"},"query-input":{"@type":"PropertyValueSpecification","valueRequired":true,"valueName":"search_term_string"}}],"inLanguage":"hu"},{"@type":"Person","@id":"https:\/\/www.danubia.com\/#\/schema\/person\/c3a081c566cce5d38b32c31f3bf569b8","name":"Danubia Szabadalmi \u00e9s Jogi Iroda","image":{"@type":"ImageObject","inLanguage":"hu","@id":"https:\/\/secure.gravatar.com\/avatar\/347a905c0860aaf34650db19625beeb4cfc4347b5df0d66ef80381817b31b53c?s=96&r=g","url":"https:\/\/secure.gravatar.com\/avatar\/347a905c0860aaf34650db19625beeb4cfc4347b5df0d66ef80381817b31b53c?s=96&r=g","contentUrl":"https:\/\/secure.gravatar.com\/avatar\/347a905c0860aaf34650db19625beeb4cfc4347b5df0d66ef80381817b31b53c?s=96&r=g","caption":"Danubia Szabadalmi \u00e9s Jogi Iroda"}}]}},"_links":{"self":[{"href":"https:\/\/www.danubia.com\/hu\/wp-json\/wp\/v2\/posts\/8689","targetHints":{"allow":["GET"]}}],"collection":[{"href":"https:\/\/www.danubia.com\/hu\/wp-json\/wp\/v2\/posts"}],"about":[{"href":"https:\/\/www.danubia.com\/hu\/wp-json\/wp\/v2\/types\/post"}],"author":[{"embeddable":true,"href":"https:\/\/www.danubia.com\/hu\/wp-json\/wp\/v2\/users\/1"}],"replies":[{"embeddable":true,"href":"https:\/\/www.danubia.com\/hu\/wp-json\/wp\/v2\/comments?post=8689"}],"version-history":[{"count":1,"href":"https:\/\/www.danubia.com\/hu\/wp-json\/wp\/v2\/posts\/8689\/revisions"}],"predecessor-version":[{"id":8694,"href":"https:\/\/www.danubia.com\/hu\/wp-json\/wp\/v2\/posts\/8689\/revisions\/8694"}],"wp:featuredmedia":[{"embeddable":true,"href":"https:\/\/www.danubia.com\/hu\/wp-json\/wp\/v2\/media\/8692"}],"wp:attachment":[{"href":"https:\/\/www.danubia.com\/hu\/wp-json\/wp\/v2\/media?parent=8689"}],"wp:term":[{"taxonomy":"category","embeddable":true,"href":"https:\/\/www.danubia.com\/hu\/wp-json\/wp\/v2\/categories?post=8689"},{"taxonomy":"post_tag","embeddable":true,"href":"https:\/\/www.danubia.com\/hu\/wp-json\/wp\/v2\/tags?post=8689"}],"curies":[{"name":"wp","href":"https:\/\/api.w.org\/{rel}","templated":true}]}}