{"id":8697,"date":"2021-09-20T09:58:39","date_gmt":"2021-09-20T09:58:39","guid":{"rendered":"https:\/\/www.danubia.com\/?p=8697"},"modified":"2021-09-20T09:58:39","modified_gmt":"2021-09-20T09:58:39","slug":"az-elsobbseget-nem-lehet-megunni-elrontani-annal-konnyebb","status":"publish","type":"post","link":"https:\/\/www.danubia.com\/hu\/szabadalom\/az-elsobbseget-nem-lehet-megunni-elrontani-annal-konnyebb\/","title":{"rendered":"Az els\u0151bbs\u00e9get nem lehet megunni, elrontani ann\u00e1l k\u00f6nnyebb"},"content":{"rendered":"<p style=\"text-align: justify\"><strong>Kezdj\u00fck a k\u00f6vetkeztet\u00e9ssel<\/strong><\/p>\n<p style=\"text-align: justify\">Az els\u0151bbs\u00e9gi jog biztos\u00edt\u00e1s\u00e1nak <strong>nem<\/strong> az a c\u00e9lja, hogy 12 h\u00f3nap t\u00fcrelmi id\u0151t kapjunk a tal\u00e1lm\u00e1ny feltal\u00e1l\u00e1s\u00e1ra \u00e9s\/vagy kidolgoz\u00e1s\u00e1ra. Akkor m\u00e9gis, mire val\u00f3, hogyan haszn\u00e1lhat\u00f3 az els\u0151bbs\u00e9gi jog, ez a furcsa eszk\u00f6z a szabadalmaztat\u00e1s szersz\u00e1moskamr\u00e1j\u00e1ban?<\/p>\n<p style=\"text-align: justify\">N\u00e9gyr\u00e9szes minisorozatunkban ennek k\u00e9sz\u00fcl\u00fcnk ut\u00e1naj\u00e1rni.<\/p>\n<p style=\"text-align: justify\">M\u00e1ra a vil\u00e1g sz\u00e1mos orsz\u00e1g\u00e1nak szabadalmi t\u00f6rv\u00e9nye \u00e9s joggyakorlata r\u00f6gz\u00edti, hogy az els\u0151bbs\u00e9g joga csak akkor \u00e9rv\u00e9nyes, ha az els\u0151bbs\u00e9get megalapoz\u00f3 bejelent\u00e9s olyan m\u00f3don t\u00e1rja fel, azaz ismerteti a tal\u00e1lm\u00e1nyt (amellyel kapcsolatban az els\u0151bbs\u00e9get ig\u00e9nylik), hogy azt szakember a le\u00edr\u00e1s alapj\u00e1n meg tudja val\u00f3s\u00edtani. A felt\u00e1r\u00e1s k\u00f6vetelm\u00e9nye gyakorlatilag azonos az els\u0151bbs\u00e9get ig\u00e9nyl\u0151 bejelent\u00e9ssel \u00e9s az els\u0151bbs\u00e9gi bejelent\u00e9ssel szemben.<\/p>\n<p style=\"text-align: justify\">Ez\u00e9rt <strong>a\u00a0nem megfelel\u0151en kidolgozott els\u0151bbs\u00e9gi iratnak vannak bizonyos kock\u00e1zatai.<\/strong><\/p>\n<p style=\"text-align: justify\">Egy nem megfelel\u0151en kidolgozott els\u0151bbs\u00e9gi irat \u2013 k\u00fcl\u00f6n\u00f6sen, ha az egy szakcikk \u2013 vesz\u00e9lye, hogy a bejelent\u0151 \u00e9s a feltal\u00e1l\u00f3 <strong>t\u00e9vesen biztons\u00e1gban<\/strong> \u00e9rzi mag\u00e1t, gondolv\u00e1n, hogy az ideiglenes bejelent\u00e9ssel els\u0151bbs\u00e9gi jogot alap\u00edtott, holott <u>ez egy\u00e1ltal\u00e1n nem biztos<\/u>. A szabadalmi t\u00f6rv\u00e9nyek \u00e9s a joggyakorlat <strong>sz\u0171ken<\/strong> \u00e9s pontosan hat\u00e1rozz\u00e1k meg, hogy mire terjed ki az els\u0151bbs\u00e9g joga, vagy, ford\u00edtott ir\u00e1nyb\u00f3l n\u00e9zve, mi az, amire az els\u0151bbs\u00e9g feljogos\u00edt.<\/p>\n<p style=\"text-align: justify\">A szabadalmaztat\u00e1sra v\u00e9gzetes lehet, ha az els\u0151bbs\u00e9gi irat nem t\u00e1rja fel a t\u00f6rv\u00e9nyben el\u0151\u00edrt m\u00f3don a tal\u00e1lm\u00e1nyt, mert az a tal\u00e1lm\u00e1ny, amelyet csak a \u201ev\u00e9gleges\u201d bejelent\u00e9s (v\u00e9gleges bejelent\u00e9sen az els\u0151bbs\u00e9get ig\u00e9nyl\u0151 bejelent\u00e9st \u00e9rtve) t\u00e1r fel megfelel\u0151 m\u00f3don, nem lesz jogosult az els\u0151bbs\u00e9gi napra. A technika \u00e1ll\u00e1s\u00e1t ez\u00e9rt a v\u00e9gleges bejelent\u00e9s bejelent\u00e9si napj\u00e1ig kell figyelembe venni a szabadalmazhat\u00f3s\u00e1gi vizsg\u00e1lat sor\u00e1n. Mind a saj\u00e1t, mind a versenyt\u00e1rsak k\u00f6ztes publik\u00e1ci\u00f3i, azaz azok a publik\u00e1ci\u00f3k, amelyek a rem\u00e9lt (de nem \u00e9rv\u00e9nyes) els\u0151bbs\u00e9g \u00e9s a v\u00e9gleges bejelent\u00e9s bejelent\u00e9si napja k\u00f6z\u00f6tt ker\u00fclnek nyilv\u00e1noss\u00e1gra, g\u00e1tjai lehetnek a szabadalmaz\u00e1snak. <strong>M\u00e9g ha nem is k\u00f6zvetlen\u00fcl \u00fajdons\u00e1gront\u00f3k, a saj\u00e1t k\u00f6ztes publik\u00e1ci\u00f3k az esetek jelent\u0151s r\u00e9sz\u00e9ben a tal\u00e1lm\u00e1nyt nyilv\u00e1nval\u00f3v\u00e1 teszik<\/strong>.<\/p>\n<p style=\"text-align: justify\">A saj\u00e1t k\u00f6ztes publik\u00e1ci\u00f3k \u00f6tletet adhatnak a versenyt\u00e1rsaknak is egy jobb megold\u00e1s kidolgoz\u00e1s\u00e1hoz, ami az els\u0151bbs\u00e9gi iratban m\u00e9g nem szerepelt. Ennek k\u00fcl\u00f6n\u00f6sen nagy a vesz\u00e9lye, ha <u>az els\u0151bbs\u00e9gi irat egy szakcikk, mivel az \u00e1ltal\u00e1ban megval\u00f3s\u00edthat\u00f3 m\u00f3don ismerteti a megold\u00e1st<\/u>.<\/p>\n<p style=\"text-align: justify\">A nem megfelel\u0151en kidolgozott els\u0151bbs\u00e9gi irat \u00e1ltal\u00e1ban nem \u00edrja le a lehets\u00e9ges alternat\u00edv\u00e1kat, amik az oltalmi k\u00f6rt kell\u0151k\u00e9ppen kit\u00e1g\u00edthatn\u00e1k ahhoz, hogy ne lehessen egyszer\u0171en megker\u00fclni. Ezzel szemben egy viszonylag korai kutat\u00e1si st\u00e1diumr\u00f3l tud\u00f3s\u00edt\u00f3 szakcikkben <u>a legritk\u00e1bb esetben szerepelnek olyan k\u00eds\u00e9rletek, amelyek megfelel\u0151en t\u00e1g<\/u> (magyarul \u00e9rt\u00e9kes) <u>oltalmi k\u00f6rt t\u00e1masztanak al\u00e1<\/u>, mert m\u00e9g nem volt id\u0151 vagy er\u0151forr\u00e1s t\u00f6bb vagy t\u00f6bbf\u00e9le k\u00eds\u00e9rlet elv\u00e9gz\u00e9s\u00e9re, az eredm\u00e9nyek azonban tudom\u00e1nyos szempontb\u00f3l el\u00e9g \u00e9rt\u00e9kesek ahhoz, hogy szakcikkben \u00e9rdemes (musz\u00e1j) legyen \u0151ket nyilv\u00e1noss\u00e1gra hozni.<\/p>\n<p style=\"text-align: justify\">A kutat\u00f3k a legt\u00f6bb esetben <u>a tudom\u00e1nyos szempontb\u00f3l legjobb, legeleg\u00e1nsabb megold\u00e1st<\/u> ismertetik (vagy azt, amire a labor \u00e1ltal elv\u00e9gezni tudott k\u00eds\u00e9rletek bizony\u00edt\u00e9kul szolg\u00e1lnak), azonban <u>kereskedelmi szempontb\u00f3l egy kev\u00e9sb\u00e9 j\u00f3l teljes\u00edt\u0151 vagy nem state of the art megold\u00e1s ugyanolyan j\u00f3, vagy ak\u00e1r el\u0151ny\u00f6sebb is lehet<\/u>. Ezekre a megold\u00e1sokra egy szakcikk nem t\u00e9r ki, egy megfelel\u0151en kidolgozott szabadalmi bejelent\u00e9s azonban igen. P\u00e9ld\u00e1ul az ig\u00e9nypontban. Az ig\u00e9nypont ideges\u00edt\u0151, modoros, \u00e9rtelmetlen \u00e9s l\u00e9tfontoss\u00e1g\u00fa, ez\u00e9rt szentel\u00fcnk is neki a j\u00f6v\u0151ben egy k\u00fcl\u00f6n r\u00e9szt.<\/p>\n<p style=\"text-align: justify\">Ez\u00e9rt ha p\u00e9ld\u00e1ul a szakcikk k\u00e9zirat\u00e1t ny\u00fajtjuk be \u2013 m\u00e9g megjelen\u00e9se el\u0151tt \u2013 szabadalmi bejelent\u00e9sk\u00e9nt, az legfeljebb a benne konkr\u00e9tan ismertetett megold\u00e1sok oltalm\u00e1t alapozhatja meg. Ha ez ut\u00e1n publik\u00e1ljuk a szakcikket, majd beny\u00fajtunk egy r\u00e9szletesen kidolgozott, t\u00e1g oltalmat ig\u00e9nyl\u0151 szabadalmi bejelent\u00e9st, a publik\u00e1lt szakcikk \u00fajdons\u00e1gront\u00f3 lesz erre a t\u00e1gabb oltalmi k\u00f6rre, hiszen azt nem illeti meg a \u2013 szakcikk megjelen\u00e9s\u00e9n\u00e9l kor\u00e1bbi \u2013 els\u0151bbs\u00e9gi d\u00e1tum.<\/p>\n<p style=\"text-align: justify\"><strong>De akkor mire j\u00f3?<\/strong><\/p>\n<p style=\"text-align: justify\">Az els\u0151bbs\u00e9g jog\u00e1t sz\u00e9les k\u00f6rben el\u0151sz\u00f6r a <a href=\"https:\/\/net.jogtar.hu\/jogszabaly?docid=97000018.tvr\">P\u00e1rizsi Uni\u00f3s Egyezm\u00e9ny<\/a> (PUE) biztos\u00edtotta, \u00edgy meg\u00e9rt\u00e9s\u00e9hez nagyban hozz\u00e1j\u00e1rul, ha figyelembe vessz\u00fck, hogy az els\u0151bbs\u00e9g jog\u00e1t meghat\u00e1roz\u00f3 cikk (<a href=\"https:\/\/net.jogtar.hu\/jogszabaly?docid=97000018.tvr\">4. <em>A) <\/em>(1)<\/a>) m\u00e1r az 1883-ban elfogadott sz\u00f6vegben is jelen volt. (A PUE t\u00f6rt\u00e9net\u00e9r\u0151l olvashatunk itt: The Paris Convention for the Protection of Industrial Property from 1883 to 1983, published by the International Bureau of Intellectual Property, Genf, 1983. <a href=\"https:\/\/www.wipo.int\/edocs\/pubdocs\/en\/intproperty\/875\/wipo_pub_875.pdf\">https:\/\/www.wipo.int\/edocs\/pubdocs\/en\/intproperty\/875\/wipo_pub_875.pdf<\/a>. A PUE \u00e1ltal biztos\u00edtott els\u0151bbs\u00e9get uni\u00f3s els\u0151bbs\u00e9gnek is szokt\u00e1k nevezni.) Az els\u0151bbs\u00e9g int\u00e9zm\u00e9ny\u00e9nek l\u00e9trehoz\u00e1s\u00e1t az indokolta, hogy a legt\u00f6bb orsz\u00e1gban \u2013 ak\u00e1rcsak ma \u2013 a tal\u00e1lm\u00e1ny \u00fajdons\u00e1ga \u00e9s feltal\u00e1l\u00f3i tev\u00e9kenys\u00e9gen alapul\u00f3 volta felt\u00e9tele volt a szabadalmazhat\u00f3s\u00e1g\u00e1nak. Az azonban gyakorlatilag megval\u00f3s\u00edthatatlan volt, hogy abban a pillanatban, amikor a tal\u00e1lm\u00e1ny m\u00e1r meg\u00e9rett a szabadalmaztat\u00e1sra, t\u00f6bb orsz\u00e1gban is egyszerre tegy\u00e9k meg a bejelent\u0151k a bejelent\u00e9seiket. Ennek nem csup\u00e1n a technikai lehet\u0151s\u00e9gek szabtak g\u00e1tat, hanem a ford\u00edt\u00e1si k\u00f6vetelm\u00e9nyek \u00e9s az egyszerre jelentkez\u0151, magas k\u00f6lts\u00e9gek is nehez\u00edtett\u00e9k.<\/p>\n<p style=\"text-align: justify\"><u>L\u00e9tez\u0151 probl\u00e9ma volt teh\u00e1t, hogy azt a tal\u00e1lm\u00e1nyt, amire a sz\u00fcl\u0151haz\u00e1j\u00e1ban m\u00e1r tettek szabadalmi bejelent\u00e9st, egy m\u00e1sik orsz\u00e1gban m\u00e1sok nyugodtan hasznos\u00edthatt\u00e1k, illetve az is, hogy a feltal\u00e1l\u00f3 saj\u00e1t, p\u00e9ld\u00e1ul egy nemzetk\u00f6zi ki\u00e1ll\u00edt\u00e1son<\/u> (az 1800-as \u00e9vek v\u00e9g\u00e9n ezek jelent\u0151s\u00e9ge igen nagy volt) <u>bemutatott tal\u00e1lm\u00e1nya volt \u00fajdons\u00e1gront\u00f3 a feltal\u00e1l\u00f3 m\u00e1s orsz\u00e1gban, k\u00e9s\u0151bb tett bejelent\u00e9s\u00e9re<\/u>.<\/p>\n<p style=\"text-align: justify\">Az els\u0151bbs\u00e9g int\u00e9zm\u00e9nye <strong><em>ezt<\/em><\/strong> a probl\u00e9m\u00e1t volt hivatott megoldani, vagyis <strong>azt a c\u00e9lt szolg\u00e1lta, hogy a m\u00e1r l\u00e9tez\u0151 tal\u00e1lm\u00e1nyra legyen id\u0151 m\u00e1s orsz\u00e1gokban is szabadalmi bejelent\u00e9st tenni<\/strong>.<\/p>\n<p style=\"text-align: justify\"><u>Az uni\u00f3s els\u0151bbs\u00e9gnek ez a funkci\u00f3ja nem v\u00e1ltozott<\/u>, \u00e9s tov\u00e1bbra is sz\u00fcks\u00e9g van r\u00e1, hiszen a ford\u00edt\u00e1si k\u00f6vetelm\u00e9ny \u00e9s a d\u00edjak tov\u00e1bbra is g\u00e1tl\u00f3 t\u00e9nyez\u0151k, m\u00e9g ha az egy\u00e9b technikai akad\u00e1lyok t\u00f6bb\u00e9-kev\u00e9sb\u00e9 el is h\u00e1rultak.<\/p>\n<p style=\"text-align: justify\">A PUE sz\u00f6veg\u00e9b\u0151l nem k\u00f6vetkezik egy\u00e9rtelm\u0171en, hogy az els\u0151bbs\u00e9g csak ugyanarra a tal\u00e1lm\u00e1nyra vonatkozik, \u00edgy az els\u0151bbs\u00e9g \u00e9ve <strong>nem<\/strong> arra szolg\u00e1l, hogy \u00fajabb 12 h\u00f3napot biztos\u00edtson a feltal\u00e1l\u00f3nak arra, hogy feltal\u00e1lja vagy kidolgozza a tal\u00e1lm\u00e1nyt, <em>amelyre m\u00e1r monopoljogot alap\u00edtott<\/em>. Sok\u00e1ig \u00e1ltal\u00e1nos volt a v\u00e9leked\u00e9s, hogy amennyiben valaki egy tal\u00e1lm\u00e1nyra szabadalmi bejelent\u00e9st tett, azt ez ut\u00e1n nyugodtan publik\u00e1lhatja akkor is, ha a k\u00e9s\u0151bbi bejelent\u00e9sben \u2013 amelyben a kor\u00e1bbi bejelent\u00e9s els\u0151bbs\u00e9g\u00e9t ig\u00e9nylik \u2013 a tal\u00e1lm\u00e1ny egy m\u00f3dos\u00edtott v\u00e1ltozat\u00e1ra ig\u00e9nyelnek oltalmat. Az esetjog fejl\u0151d\u00e9se, \u00e9s sok esetben a nemzeti \u00e9s region\u00e1lis jogszab\u00e1lyok azonban ma m\u00e1r nem hagynak k\u00e9telyt afel\u0151l, hogy az els\u0151bbs\u00e9g csak azonos tal\u00e1lm\u00e1nyra vonatkozhat, \u00e9s \u00edgy egy m\u00f3dos\u00edtott tal\u00e1lm\u00e1nyra vonatkoz\u00f3 ig\u00e9nyponttal szemben b\u00e1rmely, az els\u0151bbs\u00e9g \u00e9v\u00e9ben megjelent publik\u00e1ci\u00f3 felhozhat\u00f3.<\/p>\n<p style=\"text-align: justify\">Ha teh\u00e1t a tal\u00e1lm\u00e1nyt saj\u00e1t magunk hozzuk nyilv\u00e1noss\u00e1gra az els\u0151 bejelent\u00e9s beny\u00fajt\u00e1sa ut\u00e1n, de a v\u00e9gleges bejelent\u00e9s beny\u00fajt\u00e1sa el\u0151tt, k\u00f6nnyen magunk vesz\u00e9lyeztethetj\u00fck az oltalomszerz\u00e9st. Ennek a helyzetnek a kegyetlens\u00e9g\u00e9t n\u00e9h\u00e1ny orsz\u00e1gban, pl. az USA-ban cs\u00f6kkenti a saj\u00e1t publik\u00e1ci\u00f3ra vonatkoz\u00f3 t\u00fcrelmi id\u0151 int\u00e9zm\u00e9nye \u2013 n\u00e1lunk, Eur\u00f3p\u00e1ban azonban nincs kib\u00fav\u00f3, \u00e9s ez a szabadalmaztat\u00e1si strat\u00e9gia alapos v\u00e9giggondol\u00e1s\u00e1ra kell, hogy k\u00e9sztessen.<\/p>\n<p style=\"text-align: justify\">Minisorozatunk m\u00e1sodik r\u00e9sz\u00e9ben az <a href=\"https:\/\/net.jogtar.hu\/jogszabaly?docid=a0700130.tv\">Eur\u00f3pai Szabadalmi Egyezm\u00e9ny<\/a>en (ESZE), az <a href=\"https:\/\/www.uspto.gov\/sites\/default\/files\/aia_implementation\/20110916-pub-l112-29.pdf\">USA szabadalmi t\u00f6rv\u00e9ny<\/a>\u00e9n \u00e9s az Eur\u00f3pai Szabadalmi Hivatal (ESZH), valamint az USA szabadalmi hivatal\u00e1nak (USPTO) gyakorlat\u00e1n kereszt\u00fcl mutatjuk be, hogy mi\u00e9rt rendk\u00edv\u00fcl fontos az els\u0151bbs\u00e9gi bejelent\u00e9s megfelel\u0151 kidolgoz\u00e1sa. (A <a href=\"https:\/\/net.jogtar.hu\/jogszabaly?docid=99500033.tv\">magyar szabadalmi t\u00f6rv\u00e9ny<\/a> \u00e9s az ESZE nagym\u00e9rt\u00e9kben harmoniz\u00e1lt.) A harmadik r\u00e9szben n\u00e9h\u00e1ny p\u00e9ld\u00e1n kereszt\u00fcl ismertetj\u00fck, milyen k\u00f6nny\u0171 elveszteni az els\u0151bbs\u00e9g ig\u00e9nyl\u00e9s\u00e9nek jog\u00e1t \u00e9s ez \u00e1ltal ak\u00e1r a teljes szabadalmat is. A negyedik r\u00e9szben pedig a hardcore rajong\u00f3k ig\u00e9nyeit igyeksz\u00fcnk majd kiszolg\u00e1lni, mik\u00f6zben az ig\u00e9nypontokr\u00f3l elm\u00e9lked\u00fcnk.<\/p>\n<p style=\"text-align: justify\">\n<p><a href=\"https:\/\/www.danubia.com\/hu\/munkatarsaink\/dr-kompagne-hajnalka\/\">DR. KOMPAGNE HAJNALKA<\/a><\/p>\n<p>eur\u00f3pai \u00e9s magyar szabadalmi \u00fcgyviv\u0151<br \/>\npartner<\/p>\n<p><img loading=\"lazy\" decoding=\"async\" class=\"alignnone wp-image-949 size-medium\" src=\"https:\/\/www.danubia.com\/wp-content\/uploads\/2019\/06\/dr.-Kompagne-Hajnalka-300x300.jpg\" alt=\"\" width=\"300\" height=\"300\" srcset=\"https:\/\/www.danubia.com\/wp-content\/uploads\/2019\/06\/dr.-Kompagne-Hajnalka-300x300.jpg 300w, https:\/\/www.danubia.com\/wp-content\/uploads\/2019\/06\/dr.-Kompagne-Hajnalka-150x150.jpg 150w, https:\/\/www.danubia.com\/wp-content\/uploads\/2019\/06\/dr.-Kompagne-Hajnalka.jpg 700w\" sizes=\"(max-width: 300px) 100vw, 300px\" \/><\/p>\n","protected":false},"excerpt":{"rendered":"<p>Az els\u0151bbs\u00e9gi jog biztos\u00edt\u00e1s\u00e1nak nem az a c\u00e9lja, hogy 12 h\u00f3nap t\u00fcrelmi id\u0151t kapjunk a tal\u00e1lm\u00e1ny feltal\u00e1l\u00e1s\u00e1ra \u00e9s\/vagy kidolgoz\u00e1s\u00e1ra.<\/p>\n","protected":false},"author":1,"featured_media":8698,"comment_status":"closed","ping_status":"closed","sticky":false,"template":"","format":"standard","meta":{"_et_pb_use_builder":"","_et_pb_old_content":"","_et_gb_content_width":"","footnotes":""},"categories":[91],"tags":[],"class_list":["post-8697","post","type-post","status-publish","format-standard","has-post-thumbnail","hentry","category-szabadalom"],"yoast_head":"<!-- This site is optimized with the Yoast SEO plugin v27.3 - https:\/\/yoast.com\/product\/yoast-seo-wordpress\/ -->\n<title>Az els\u0151bbs\u00e9get nem lehet megunni, elrontani ann\u00e1l k\u00f6nnyebb - Danubia<\/title>\n<meta name=\"description\" content=\"Az els\u0151bbs\u00e9gi jog biztos\u00edt\u00e1s\u00e1nak nem az a c\u00e9lja, hogy 12 h\u00f3nap t\u00fcrelmi id\u0151t kapjunk a tal\u00e1lm\u00e1ny feltal\u00e1l\u00e1s\u00e1ra \u00e9s\/vagy kidolgoz\u00e1s\u00e1ra.\" \/>\n<meta name=\"robots\" content=\"index, follow, max-snippet:-1, max-image-preview:large, max-video-preview:-1\" \/>\n<link rel=\"canonical\" href=\"https:\/\/www.danubia.com\/hu\/szabadalom\/az-elsobbseget-nem-lehet-megunni-elrontani-annal-konnyebb\/\" \/>\n<meta property=\"og:locale\" content=\"hu_HU\" \/>\n<meta property=\"og:type\" content=\"article\" \/>\n<meta property=\"og:title\" content=\"Az els\u0151bbs\u00e9get nem lehet megunni, elrontani ann\u00e1l k\u00f6nnyebb - Danubia\" \/>\n<meta property=\"og:description\" content=\"Az els\u0151bbs\u00e9gi jog biztos\u00edt\u00e1s\u00e1nak nem az a c\u00e9lja, hogy 12 h\u00f3nap t\u00fcrelmi id\u0151t kapjunk a tal\u00e1lm\u00e1ny feltal\u00e1l\u00e1s\u00e1ra \u00e9s\/vagy kidolgoz\u00e1s\u00e1ra.\" \/>\n<meta property=\"og:url\" content=\"https:\/\/www.danubia.com\/hu\/szabadalom\/az-elsobbseget-nem-lehet-megunni-elrontani-annal-konnyebb\/\" \/>\n<meta property=\"og:site_name\" content=\"Danubia\" \/>\n<meta property=\"article:published_time\" content=\"2021-09-20T09:58:39+00:00\" \/>\n<meta property=\"og:image\" content=\"https:\/\/www.danubia.com\/wp-content\/uploads\/2021\/09\/idea-4095184_1280.jpg\" \/>\n\t<meta property=\"og:image:width\" content=\"1280\" \/>\n\t<meta property=\"og:image:height\" content=\"853\" \/>\n\t<meta property=\"og:image:type\" content=\"image\/jpeg\" \/>\n<meta name=\"author\" content=\"Danubia Szabadalmi \u00e9s Jogi Iroda\" \/>\n<meta name=\"twitter:card\" content=\"summary_large_image\" \/>\n<meta name=\"twitter:label1\" content=\"Szerz\u0151:\" \/>\n\t<meta name=\"twitter:data1\" content=\"Danubia Szabadalmi \u00e9s Jogi Iroda\" \/>\n\t<meta name=\"twitter:label2\" content=\"Becs\u00fclt olvas\u00e1si id\u0151\" \/>\n\t<meta name=\"twitter:data2\" content=\"5 perc\" \/>\n<script type=\"application\/ld+json\" class=\"yoast-schema-graph\">{\"@context\":\"https:\\\/\\\/schema.org\",\"@graph\":[{\"@type\":\"Article\",\"@id\":\"https:\\\/\\\/www.danubia.com\\\/hu\\\/szabadalom\\\/az-elsobbseget-nem-lehet-megunni-elrontani-annal-konnyebb\\\/#article\",\"isPartOf\":{\"@id\":\"https:\\\/\\\/www.danubia.com\\\/hu\\\/szabadalom\\\/az-elsobbseget-nem-lehet-megunni-elrontani-annal-konnyebb\\\/\"},\"author\":{\"name\":\"Danubia Szabadalmi \u00e9s Jogi Iroda\",\"@id\":\"https:\\\/\\\/www.danubia.com\\\/#\\\/schema\\\/person\\\/c3a081c566cce5d38b32c31f3bf569b8\"},\"headline\":\"Az els\u0151bbs\u00e9get nem lehet megunni, elrontani ann\u00e1l k\u00f6nnyebb\",\"datePublished\":\"2021-09-20T09:58:39+00:00\",\"mainEntityOfPage\":{\"@id\":\"https:\\\/\\\/www.danubia.com\\\/hu\\\/szabadalom\\\/az-elsobbseget-nem-lehet-megunni-elrontani-annal-konnyebb\\\/\"},\"wordCount\":1719,\"image\":{\"@id\":\"https:\\\/\\\/www.danubia.com\\\/hu\\\/szabadalom\\\/az-elsobbseget-nem-lehet-megunni-elrontani-annal-konnyebb\\\/#primaryimage\"},\"thumbnailUrl\":\"https:\\\/\\\/www.danubia.com\\\/wp-content\\\/uploads\\\/2021\\\/09\\\/idea-4095184_1280.jpg\",\"articleSection\":[\"Szabadalom\"],\"inLanguage\":\"hu\"},{\"@type\":\"WebPage\",\"@id\":\"https:\\\/\\\/www.danubia.com\\\/hu\\\/szabadalom\\\/az-elsobbseget-nem-lehet-megunni-elrontani-annal-konnyebb\\\/\",\"url\":\"https:\\\/\\\/www.danubia.com\\\/hu\\\/szabadalom\\\/az-elsobbseget-nem-lehet-megunni-elrontani-annal-konnyebb\\\/\",\"name\":\"Az els\u0151bbs\u00e9get nem lehet megunni, elrontani ann\u00e1l k\u00f6nnyebb - Danubia\",\"isPartOf\":{\"@id\":\"https:\\\/\\\/www.danubia.com\\\/#website\"},\"primaryImageOfPage\":{\"@id\":\"https:\\\/\\\/www.danubia.com\\\/hu\\\/szabadalom\\\/az-elsobbseget-nem-lehet-megunni-elrontani-annal-konnyebb\\\/#primaryimage\"},\"image\":{\"@id\":\"https:\\\/\\\/www.danubia.com\\\/hu\\\/szabadalom\\\/az-elsobbseget-nem-lehet-megunni-elrontani-annal-konnyebb\\\/#primaryimage\"},\"thumbnailUrl\":\"https:\\\/\\\/www.danubia.com\\\/wp-content\\\/uploads\\\/2021\\\/09\\\/idea-4095184_1280.jpg\",\"datePublished\":\"2021-09-20T09:58:39+00:00\",\"author\":{\"@id\":\"https:\\\/\\\/www.danubia.com\\\/#\\\/schema\\\/person\\\/c3a081c566cce5d38b32c31f3bf569b8\"},\"description\":\"Az els\u0151bbs\u00e9gi jog biztos\u00edt\u00e1s\u00e1nak nem az a c\u00e9lja, hogy 12 h\u00f3nap t\u00fcrelmi id\u0151t kapjunk a tal\u00e1lm\u00e1ny feltal\u00e1l\u00e1s\u00e1ra \u00e9s\\\/vagy kidolgoz\u00e1s\u00e1ra.\",\"breadcrumb\":{\"@id\":\"https:\\\/\\\/www.danubia.com\\\/hu\\\/szabadalom\\\/az-elsobbseget-nem-lehet-megunni-elrontani-annal-konnyebb\\\/#breadcrumb\"},\"inLanguage\":\"hu\",\"potentialAction\":[{\"@type\":\"ReadAction\",\"target\":[\"https:\\\/\\\/www.danubia.com\\\/hu\\\/szabadalom\\\/az-elsobbseget-nem-lehet-megunni-elrontani-annal-konnyebb\\\/\"]}]},{\"@type\":\"ImageObject\",\"inLanguage\":\"hu\",\"@id\":\"https:\\\/\\\/www.danubia.com\\\/hu\\\/szabadalom\\\/az-elsobbseget-nem-lehet-megunni-elrontani-annal-konnyebb\\\/#primaryimage\",\"url\":\"https:\\\/\\\/www.danubia.com\\\/wp-content\\\/uploads\\\/2021\\\/09\\\/idea-4095184_1280.jpg\",\"contentUrl\":\"https:\\\/\\\/www.danubia.com\\\/wp-content\\\/uploads\\\/2021\\\/09\\\/idea-4095184_1280.jpg\",\"width\":1280,\"height\":853},{\"@type\":\"BreadcrumbList\",\"@id\":\"https:\\\/\\\/www.danubia.com\\\/hu\\\/szabadalom\\\/az-elsobbseget-nem-lehet-megunni-elrontani-annal-konnyebb\\\/#breadcrumb\",\"itemListElement\":[{\"@type\":\"ListItem\",\"position\":1,\"name\":\"Home\",\"item\":\"https:\\\/\\\/www.danubia.com\\\/hu\\\/\"},{\"@type\":\"ListItem\",\"position\":2,\"name\":\"Az els\u0151bbs\u00e9get nem lehet megunni, elrontani ann\u00e1l k\u00f6nnyebb\"}]},{\"@type\":\"WebSite\",\"@id\":\"https:\\\/\\\/www.danubia.com\\\/#website\",\"url\":\"https:\\\/\\\/www.danubia.com\\\/\",\"name\":\"Danubia\",\"description\":\"\",\"potentialAction\":[{\"@type\":\"SearchAction\",\"target\":{\"@type\":\"EntryPoint\",\"urlTemplate\":\"https:\\\/\\\/www.danubia.com\\\/?s={search_term_string}\"},\"query-input\":{\"@type\":\"PropertyValueSpecification\",\"valueRequired\":true,\"valueName\":\"search_term_string\"}}],\"inLanguage\":\"hu\"},{\"@type\":\"Person\",\"@id\":\"https:\\\/\\\/www.danubia.com\\\/#\\\/schema\\\/person\\\/c3a081c566cce5d38b32c31f3bf569b8\",\"name\":\"Danubia Szabadalmi \u00e9s Jogi Iroda\",\"image\":{\"@type\":\"ImageObject\",\"inLanguage\":\"hu\",\"@id\":\"https:\\\/\\\/secure.gravatar.com\\\/avatar\\\/347a905c0860aaf34650db19625beeb4cfc4347b5df0d66ef80381817b31b53c?s=96&r=g\",\"url\":\"https:\\\/\\\/secure.gravatar.com\\\/avatar\\\/347a905c0860aaf34650db19625beeb4cfc4347b5df0d66ef80381817b31b53c?s=96&r=g\",\"contentUrl\":\"https:\\\/\\\/secure.gravatar.com\\\/avatar\\\/347a905c0860aaf34650db19625beeb4cfc4347b5df0d66ef80381817b31b53c?s=96&r=g\",\"caption\":\"Danubia Szabadalmi \u00e9s Jogi Iroda\"}}]}<\/script>\n<!-- \/ Yoast SEO plugin. -->","yoast_head_json":{"title":"Az els\u0151bbs\u00e9get nem lehet megunni, elrontani ann\u00e1l k\u00f6nnyebb - Danubia","description":"Az els\u0151bbs\u00e9gi jog biztos\u00edt\u00e1s\u00e1nak nem az a c\u00e9lja, hogy 12 h\u00f3nap t\u00fcrelmi id\u0151t kapjunk a tal\u00e1lm\u00e1ny feltal\u00e1l\u00e1s\u00e1ra \u00e9s\/vagy kidolgoz\u00e1s\u00e1ra.","robots":{"index":"index","follow":"follow","max-snippet":"max-snippet:-1","max-image-preview":"max-image-preview:large","max-video-preview":"max-video-preview:-1"},"canonical":"https:\/\/www.danubia.com\/hu\/szabadalom\/az-elsobbseget-nem-lehet-megunni-elrontani-annal-konnyebb\/","og_locale":"hu_HU","og_type":"article","og_title":"Az els\u0151bbs\u00e9get nem lehet megunni, elrontani ann\u00e1l k\u00f6nnyebb - Danubia","og_description":"Az els\u0151bbs\u00e9gi jog biztos\u00edt\u00e1s\u00e1nak nem az a c\u00e9lja, hogy 12 h\u00f3nap t\u00fcrelmi id\u0151t kapjunk a tal\u00e1lm\u00e1ny feltal\u00e1l\u00e1s\u00e1ra \u00e9s\/vagy kidolgoz\u00e1s\u00e1ra.","og_url":"https:\/\/www.danubia.com\/hu\/szabadalom\/az-elsobbseget-nem-lehet-megunni-elrontani-annal-konnyebb\/","og_site_name":"Danubia","article_published_time":"2021-09-20T09:58:39+00:00","og_image":[{"width":1280,"height":853,"url":"https:\/\/www.danubia.com\/wp-content\/uploads\/2021\/09\/idea-4095184_1280.jpg","type":"image\/jpeg"}],"author":"Danubia Szabadalmi \u00e9s Jogi Iroda","twitter_card":"summary_large_image","twitter_misc":{"Szerz\u0151:":"Danubia Szabadalmi \u00e9s Jogi Iroda","Becs\u00fclt olvas\u00e1si id\u0151":"5 perc"},"schema":{"@context":"https:\/\/schema.org","@graph":[{"@type":"Article","@id":"https:\/\/www.danubia.com\/hu\/szabadalom\/az-elsobbseget-nem-lehet-megunni-elrontani-annal-konnyebb\/#article","isPartOf":{"@id":"https:\/\/www.danubia.com\/hu\/szabadalom\/az-elsobbseget-nem-lehet-megunni-elrontani-annal-konnyebb\/"},"author":{"name":"Danubia Szabadalmi \u00e9s Jogi Iroda","@id":"https:\/\/www.danubia.com\/#\/schema\/person\/c3a081c566cce5d38b32c31f3bf569b8"},"headline":"Az els\u0151bbs\u00e9get nem lehet megunni, elrontani ann\u00e1l k\u00f6nnyebb","datePublished":"2021-09-20T09:58:39+00:00","mainEntityOfPage":{"@id":"https:\/\/www.danubia.com\/hu\/szabadalom\/az-elsobbseget-nem-lehet-megunni-elrontani-annal-konnyebb\/"},"wordCount":1719,"image":{"@id":"https:\/\/www.danubia.com\/hu\/szabadalom\/az-elsobbseget-nem-lehet-megunni-elrontani-annal-konnyebb\/#primaryimage"},"thumbnailUrl":"https:\/\/www.danubia.com\/wp-content\/uploads\/2021\/09\/idea-4095184_1280.jpg","articleSection":["Szabadalom"],"inLanguage":"hu"},{"@type":"WebPage","@id":"https:\/\/www.danubia.com\/hu\/szabadalom\/az-elsobbseget-nem-lehet-megunni-elrontani-annal-konnyebb\/","url":"https:\/\/www.danubia.com\/hu\/szabadalom\/az-elsobbseget-nem-lehet-megunni-elrontani-annal-konnyebb\/","name":"Az els\u0151bbs\u00e9get nem lehet megunni, elrontani ann\u00e1l k\u00f6nnyebb - Danubia","isPartOf":{"@id":"https:\/\/www.danubia.com\/#website"},"primaryImageOfPage":{"@id":"https:\/\/www.danubia.com\/hu\/szabadalom\/az-elsobbseget-nem-lehet-megunni-elrontani-annal-konnyebb\/#primaryimage"},"image":{"@id":"https:\/\/www.danubia.com\/hu\/szabadalom\/az-elsobbseget-nem-lehet-megunni-elrontani-annal-konnyebb\/#primaryimage"},"thumbnailUrl":"https:\/\/www.danubia.com\/wp-content\/uploads\/2021\/09\/idea-4095184_1280.jpg","datePublished":"2021-09-20T09:58:39+00:00","author":{"@id":"https:\/\/www.danubia.com\/#\/schema\/person\/c3a081c566cce5d38b32c31f3bf569b8"},"description":"Az els\u0151bbs\u00e9gi jog biztos\u00edt\u00e1s\u00e1nak nem az a c\u00e9lja, hogy 12 h\u00f3nap t\u00fcrelmi id\u0151t kapjunk a tal\u00e1lm\u00e1ny feltal\u00e1l\u00e1s\u00e1ra \u00e9s\/vagy kidolgoz\u00e1s\u00e1ra.","breadcrumb":{"@id":"https:\/\/www.danubia.com\/hu\/szabadalom\/az-elsobbseget-nem-lehet-megunni-elrontani-annal-konnyebb\/#breadcrumb"},"inLanguage":"hu","potentialAction":[{"@type":"ReadAction","target":["https:\/\/www.danubia.com\/hu\/szabadalom\/az-elsobbseget-nem-lehet-megunni-elrontani-annal-konnyebb\/"]}]},{"@type":"ImageObject","inLanguage":"hu","@id":"https:\/\/www.danubia.com\/hu\/szabadalom\/az-elsobbseget-nem-lehet-megunni-elrontani-annal-konnyebb\/#primaryimage","url":"https:\/\/www.danubia.com\/wp-content\/uploads\/2021\/09\/idea-4095184_1280.jpg","contentUrl":"https:\/\/www.danubia.com\/wp-content\/uploads\/2021\/09\/idea-4095184_1280.jpg","width":1280,"height":853},{"@type":"BreadcrumbList","@id":"https:\/\/www.danubia.com\/hu\/szabadalom\/az-elsobbseget-nem-lehet-megunni-elrontani-annal-konnyebb\/#breadcrumb","itemListElement":[{"@type":"ListItem","position":1,"name":"Home","item":"https:\/\/www.danubia.com\/hu\/"},{"@type":"ListItem","position":2,"name":"Az els\u0151bbs\u00e9get nem lehet megunni, elrontani ann\u00e1l k\u00f6nnyebb"}]},{"@type":"WebSite","@id":"https:\/\/www.danubia.com\/#website","url":"https:\/\/www.danubia.com\/","name":"Danubia","description":"","potentialAction":[{"@type":"SearchAction","target":{"@type":"EntryPoint","urlTemplate":"https:\/\/www.danubia.com\/?s={search_term_string}"},"query-input":{"@type":"PropertyValueSpecification","valueRequired":true,"valueName":"search_term_string"}}],"inLanguage":"hu"},{"@type":"Person","@id":"https:\/\/www.danubia.com\/#\/schema\/person\/c3a081c566cce5d38b32c31f3bf569b8","name":"Danubia Szabadalmi \u00e9s Jogi Iroda","image":{"@type":"ImageObject","inLanguage":"hu","@id":"https:\/\/secure.gravatar.com\/avatar\/347a905c0860aaf34650db19625beeb4cfc4347b5df0d66ef80381817b31b53c?s=96&r=g","url":"https:\/\/secure.gravatar.com\/avatar\/347a905c0860aaf34650db19625beeb4cfc4347b5df0d66ef80381817b31b53c?s=96&r=g","contentUrl":"https:\/\/secure.gravatar.com\/avatar\/347a905c0860aaf34650db19625beeb4cfc4347b5df0d66ef80381817b31b53c?s=96&r=g","caption":"Danubia Szabadalmi \u00e9s Jogi Iroda"}}]}},"_links":{"self":[{"href":"https:\/\/www.danubia.com\/hu\/wp-json\/wp\/v2\/posts\/8697","targetHints":{"allow":["GET"]}}],"collection":[{"href":"https:\/\/www.danubia.com\/hu\/wp-json\/wp\/v2\/posts"}],"about":[{"href":"https:\/\/www.danubia.com\/hu\/wp-json\/wp\/v2\/types\/post"}],"author":[{"embeddable":true,"href":"https:\/\/www.danubia.com\/hu\/wp-json\/wp\/v2\/users\/1"}],"replies":[{"embeddable":true,"href":"https:\/\/www.danubia.com\/hu\/wp-json\/wp\/v2\/comments?post=8697"}],"version-history":[{"count":1,"href":"https:\/\/www.danubia.com\/hu\/wp-json\/wp\/v2\/posts\/8697\/revisions"}],"predecessor-version":[{"id":8700,"href":"https:\/\/www.danubia.com\/hu\/wp-json\/wp\/v2\/posts\/8697\/revisions\/8700"}],"wp:featuredmedia":[{"embeddable":true,"href":"https:\/\/www.danubia.com\/hu\/wp-json\/wp\/v2\/media\/8698"}],"wp:attachment":[{"href":"https:\/\/www.danubia.com\/hu\/wp-json\/wp\/v2\/media?parent=8697"}],"wp:term":[{"taxonomy":"category","embeddable":true,"href":"https:\/\/www.danubia.com\/hu\/wp-json\/wp\/v2\/categories?post=8697"},{"taxonomy":"post_tag","embeddable":true,"href":"https:\/\/www.danubia.com\/hu\/wp-json\/wp\/v2\/tags?post=8697"}],"curies":[{"name":"wp","href":"https:\/\/api.w.org\/{rel}","templated":true}]}}