{"id":8876,"date":"2021-10-20T08:06:09","date_gmt":"2021-10-20T08:06:09","guid":{"rendered":"https:\/\/www.danubia.com\/?p=8876"},"modified":"2021-10-20T08:06:09","modified_gmt":"2021-10-20T08:06:09","slug":"az-elsobbseget-nem-lehet-megunni-elrontani-annal-konnyebb-2-resz","status":"publish","type":"post","link":"https:\/\/www.danubia.com\/hu\/szabadalom\/az-elsobbseget-nem-lehet-megunni-elrontani-annal-konnyebb-2-resz\/","title":{"rendered":"Az els\u0151bbs\u00e9get nem lehet megunni, elrontani ann\u00e1l k\u00f6nnyebb 2. r\u00e9sz"},"content":{"rendered":"<p style=\"text-align: justify\">Az <a href=\"https:\/\/www.danubia.com\/hu\/szabadalom\/az-elsobbseget-nem-lehet-megunni-elrontani-annal-konnyebb\/\">el\u0151z\u0151 r\u00e9szben<\/a> igyekezt\u00fcnk megvil\u00e1g\u00edtani az els\u0151bbs\u00e9gi bejelent\u00e9s alapos kidolgoz\u00e1s\u00e1nak sz\u00fcks\u00e9gess\u00e9g\u00e9t, ez\u00fattal az eur\u00f3pai \u00e9s az USA-beli k\u00f6vetelm\u00e9nyeket j\u00e1rjuk k\u00f6rbe, de csak r\u00f6viden.<\/p>\n<p style=\"text-align: justify\"><strong>EUR\u00d3PA<\/strong><\/p>\n<p style=\"text-align: justify\">Eur\u00f3pai bejelent\u00e9sek eset\u00e9n az alkalmazand\u00f3 jogszab\u00e1ly az <a href=\"https:\/\/net.jogtar.hu\/jogszabaly?docid=a0700130.tv\">Eur\u00f3pai Szabadalmi Egyezm\u00e9ny<\/a>, (ESZE) amely a P\u00e1rizsi Uni\u00f3s Egyezm\u00e9ny 19. cikke szerinti k\u00fcl\u00f6n meg\u00e1llapod\u00e1s. Ennek megfelel\u0151en az ESZE az els\u0151bbs\u00e9g (a PUE-ban r\u00f6gz\u00edtett) jog\u00e1t a 87. cikkben elismeri. A cikk kimondja, hogy az els\u0151bbs\u00e9g joga <strong><em>ugyanazon tal\u00e1lm\u00e1ny<\/em><\/strong> tekintet\u00e9ben illeti meg a bejelent\u0151t. Az ESZH joggyakorlata kialak\u00edtott egy tesztet, ami alapj\u00e1n eld\u00f6nthet\u0151, hogy az \u201eugyanazon tal\u00e1lm\u00e1ny\u201d k\u00f6vetelm\u00e9ny teljes\u00fcl-e. A teszt ugyanaz, mint amit annak eld\u00f6nt\u00e9s\u00e9re alkalmaznak, hogy megengedhet\u0151-e egy adott m\u00f3dos\u00edt\u00e1s a vizsg\u00e1lati szakaszban, vagy pedig a m\u00f3dos\u00edt\u00e1s b\u0151v\u00edt\u0151 \u00e9rtelm\u0171 (ami az ESZE szerint nem megengedhet\u0151). A m\u00f3dos\u00edt\u00e1s nem engedhet\u0151 meg, ha az eredm\u00e9nyek\u00e9nt a bejelent\u00e9s tartalm\u00e1ban bek\u00f6vetkez\u0151 v\u00e1ltoz\u00e1s (ak\u00e1r hozz\u00e1ad\u00e1s, v\u00e1ltoztat\u00e1s vagy elhagy\u00e1s) azt eredm\u00e9nyezi, hogy a szakember olyan inform\u00e1ci\u00f3hoz jut, ami nem vezethet\u0151 le k\u00f6zvetlen\u00fcl \u00e9s egy\u00e9rtelm\u0171en a bejelent\u00e9s eredeti tartalm\u00e1b\u00f3l, m\u00e9g \u00fagy sem, hogy a szakember sz\u00e1m\u00e1ra implicit tartalmat is figyelembe vessz\u00fck. (\u201eClaiming priority of &#8222;the same invention&#8221; means that priority of a previous application in respect of a claim in a European patent application is to be acknowledged only if the skilled person can derive the subject-matter of the claim <strong>directly and unambiguously<\/strong>, using common general knowledge, from the previous application as a whole. The subject-matter of the claim defining the invention in the European application has to be understood as &#8222;the specific combination of features present in the claim\u201d. Az ESZH kib\u0151v\u00edtett fellebbez\u00e9si tan\u00e1cs\u00e1nak <a href=\"https:\/\/www.epo.org\/law-practice\/case-law-appeals\/recent\/g980002ex1.html\">G 2\/98<\/a> sz\u00e1m\u00fa d\u00f6nt\u00e9se.)<\/p>\n<p style=\"text-align: justify\"><strong>Azaz, ha az els\u0151bbs\u00e9get meg k\u00edv\u00e1njuk tartani, az els\u0151bbs\u00e9get ig\u00e9nyl\u0151 bejelent\u00e9s az els\u0151bbs\u00e9gi bejelent\u00e9shez k\u00e9pest csak \u00fagy m\u00f3dos\u00edthat\u00f3, mint ahogy egy beny\u00fajtott, vizsg\u00e1lat alatt \u00e1ll\u00f3 bejelent\u00e9s m\u00f3dos\u00edthat\u00f3 lenne<\/strong>. M\u00e1sk\u00e9nt fogalmazva: ha egy ig\u00e9nypont nem adhat\u00f3 hozz\u00e1 az <em>els\u0151bbs\u00e9gi<\/em> dokumentumhoz an\u00e9lk\u00fcl, hogy az a b\u0151v\u00edt\u0151 \u00e9rtelm\u0171 m\u00f3dos\u00edt\u00e1s (az els\u0151bbs\u00e9gi iratban le\u00edrtakhoz k\u00e9pest sz\u0171kebb oltalmi k\u00f6r ig\u00e9nyl\u00e9se is lehet b\u0151v\u00edt\u0151 \u00e9rtelm\u0171 m\u00f3dos\u00edt\u00e1s, amennyiben a m\u00f3dos\u00edtott inform\u00e1ci\u00f3 nem k\u00f6vetkezik <em>k\u00f6zvetlen\u00fcl \u00e9s egy\u00e9rtelm\u0171en<\/em> az els\u0151bbs\u00e9gi iratb\u00f3l) tilalma al\u00e1 esne, az els\u0151bbs\u00e9g erre az ig\u00e9nypontra nem lesz \u00e9rv\u00e9nyes. Az EPO rendk\u00edv\u00fcl szigor\u00fa gyakorlat\u00e1nak ismeret\u00e9ben \u00fagy l\u00e1tjuk, hogy a megengedhet\u0151 m\u00f3dos\u00edt\u00e1sok l\u00e9nyeg\u00e9ben az oltalmi k\u00f6rnek az els\u0151bbs\u00e9gi dokumentumban m\u00e1r felt\u00e1rt, sz\u0171kebb oltalmi k\u00f6rre val\u00f3 korl\u00e1toz\u00e1s\u00e1ra, a le\u00edr\u00e1sban felt\u00e1rt, de az ig\u00e9nypontban nem szerepl\u0151 tal\u00e1lm\u00e1ny vagy kiviteli alak ig\u00e9nypontba emel\u00e9s\u00e9re, tov\u00e1bbi, a kor\u00e1bban m\u00e1r bemutatott hat\u00e1sok al\u00e1t\u00e1maszt\u00e1s\u00e1ra szolg\u00e1l\u00f3 p\u00e9ld\u00e1k hozz\u00e1ad\u00e1s\u00e1ra, nyilv\u00e1nval\u00f3 hib\u00e1k \u00e9s nyelvi-szerkeszt\u00e9si hib\u00e1k jav\u00edt\u00e1s\u00e1ra korl\u00e1toz\u00f3dna. A nem megengedhet\u0151 m\u00f3dos\u00edt\u00e1sok k\u00f6z\u00e9 tartozik p\u00e9ld\u00e1ul a (p\u00e9ld\u00e1kban szerepl\u0151) specifikus jellemz\u0151kb\u0151l t\u00f6rt\u00e9n\u0151 \u00e1ltal\u00e1nos\u00edt\u00e1s, egy tetsz\u0151leges sz\u0171kebb tartom\u00e1nynak a sz\u00e9les tartom\u00e1nyb\u00f3l val\u00f3 kiv\u00e1laszt\u00e1sa vagy a kor\u00e1bban egym\u00e1ssal \u00f6sszef\u00fcgg\u00e9sbe nem hozott jellemz\u0151k kiv\u00e1logat\u00e1sa \u00e9s egym\u00e1shoz rendel\u00e9se.<\/p>\n<p style=\"text-align: justify\"><strong>USA<\/strong><\/p>\n<p style=\"text-align: justify\">Az USA szabadalmi t\u00f6rv\u00e9nye \u00e9s a Manual of Patent Examining Procedure (MPEP) c\u00edm\u0171 \u00fatmutat\u00f3 (amely tartalmazza a joggyakorlat \u00e1ltal kidolgozott vizsg\u00e1lati elveket) egy\u00e9rtelm\u0171 az els\u0151bbs\u00e9gi irat tartalm\u00e1t illet\u0151en. A tov\u00e1bbiakban az ideiglenes bejelent\u00e9ssel (provisional application) \u2013 mint els\u0151bbs\u00e9get megalapoz\u00f3 irattal \u2013 szemben t\u00e1masztott k\u00f6vetelm\u00e9nyeket r\u00e9szletezz\u00fck.<\/p>\n<p style=\"text-align: justify\">A szabadalmi t\u00f6rv\u00e9ny 111 (b) szakasza hat\u00e1rozza meg az ideiglenes bejelent\u00e9s k\u00f6vetelm\u00e9nyeit:<\/p>\n<p style=\"text-align: justify\"><em>(1) \u2026. Such application shall include\u2014<\/em><\/p>\n<p style=\"text-align: justify\"><em>(A) a specification as prescribed by section 112 (a); and<\/em><\/p>\n<p style=\"text-align: justify\"><em>(B) a drawing as prescribed by section 113.<\/em><\/p>\n<p style=\"text-align: justify\">Az ideiglenes bejelent\u00e9s k\u00f6telez\u0151 r\u00e9sze teh\u00e1t a 112 (a) szerinti le\u00edr\u00e1s:<\/p>\n<p style=\"text-align: justify\"><em>The specification shall contain a written description of the invention, and of <strong>the manner and process of making and using<\/strong> it, in such <strong>full, clear<\/strong>, concise, and exact terms as to <strong>enable any person skilled in the art<\/strong> to which it pertains, or with which it is most nearly connected, <strong>to make and use<\/strong> the same, and shall set forth the best mode contemplated by the inventor or joint inventor of carrying out the invention.<\/em> (Kiemel\u00e9s a szerz\u0151t\u0151l)<\/p>\n<p style=\"text-align: justify\">Az MPEP-ben r\u00f6gz\u00edtett gyakorlat szerint a \u201ebest mode\u201d k\u00f6vetelm\u00e9nyt az ideiglenes bejelent\u00e9sben nem, csak a v\u00e9gleges bejelent\u00e9sben kell teljes\u00edteni. A 112 (a) t\u00f6bbi k\u00f6vetelm\u00e9ny\u00e9t azonban igen (MPEP 211.05). A marad\u00e9k k\u00f6vetelm\u00e9nyek k\u00f6z\u00fcl k\u00fcl\u00f6n\u00f6sen fontos odafigyelni arra, hogy az els\u0151bbs\u00e9gi iratnak (\u00edgy az ideiglenes bejelent\u00e9snek is) \u201eenabling\u201d-nek kell lennie, azaz a szakembernek a le\u00edr\u00e1s alapj\u00e1n meg kell tudnia val\u00f3s\u00edtani a tal\u00e1lm\u00e1nyt, an\u00e9lk\u00fcl, hogy tov\u00e1bbi feltal\u00e1l\u00e1sra lenne sz\u00fcks\u00e9g. (Ez a k\u00f6vetelm\u00e9ny az eur\u00f3pai bejelent\u00e9sekkel szemben is fenn\u00e1ll, amint azt t\u00f6bb m\u0171szaki fellebbez\u00e9si tan\u00e1csi d\u00f6nt\u00e9s (pl. T 206\/83, T 81\/87) lesz\u00f6gezi. A bejelent\u00e9si nap elismer\u00e9s\u00e9hez elegend\u0151 (m\u00e1sok mellett) egy le\u00edr\u00e1snak l\u00e1tsz\u00f3 t\u00e1rgyat beny\u00fajtani, azonban a bejelent\u00e9si napot csak a le\u00edr\u00e1snak azokra a r\u00e9szeire lehet els\u0151bbs\u00e9gi napk\u00e9nt \u00e9rv\u00e9nyes\u00edteni, amelyek oly m\u00f3don t\u00e1rj\u00e1k fel a tal\u00e1lm\u00e1nyt, hogy azt szakember meg tudja val\u00f3s\u00edtani.) Ennek biztos\u00edt\u00e1sa mind a (megval\u00f3s\u00edtott) p\u00e9ld\u00e1k specifikus r\u00e9szleteinek, mind az abb\u00f3l k\u00f6vetkez\u0151, \u00e9szszer\u0171 \u00e1ltal\u00e1nos\u00edt\u00e1soknak a le\u00edr\u00e1s\u00e1val \u00e9rhet\u0151 el. Sz\u00fcks\u00e9g van tov\u00e1bb\u00e1 a megfelel\u0151 \u00edr\u00e1sos ismertet\u00e9sre (\u201ewritten description\u201d) is, ami legk\u00f6nnyebben tal\u00e1n \u00fagy fogalmazhat\u00f3 meg, hogy a feltal\u00e1l\u00f3nak igazolnia kell, \u00e9s a szakembernek a bejelent\u00e9sben le\u00edrtak alapj\u00e1n el kell hinnie, hogy a tal\u00e1lm\u00e1ny megval\u00f3s\u00edthat\u00f3 (an\u00e9lk\u00fcl, hogy fel kellene tal\u00e1lnia m\u00e9g n\u00e9h\u00e1ny r\u00e9szlet\u00e9t), \u00e9s a feltal\u00e1l\u00f3 meg is tudta val\u00f3s\u00edtani (a \u201ekez\u00e9ben volt\u201d a tal\u00e1lm\u00e1ny). Erre a c\u00e9lra a legink\u00e1bb a kidolgozott, megval\u00f3s\u00edtott p\u00e9ld\u00e1k az alkalmasak. (Ad\u00f3dik a k\u00e9rd\u00e9s, hogy mire j\u00f3 az ideiglenes bejelent\u00e9s, ha ugyanolyan j\u00f3nak kell lennie, mint a non-provisionalnek. P\u00e9ld\u00e1ul arra, hogy egy \u00e9vvel eltolhatja az oltalmi id\u0151t).<\/p>\n<p style=\"text-align: justify\">Az USA-ban a szab\u00e1lyoz\u00e1s szigor\u00fas\u00e1g\u00e1t n\u00e9mileg enyh\u00edti a \u201et\u00fcrelmi id\u0151\u201d, ami azt jelenti, hogy a feltal\u00e1l\u00f3k saj\u00e1t publik\u00e1ci\u00f3ja a bejelent\u00e9s napj\u00e1t megel\u0151z\u0151 egy \u00e9ven bel\u00fcl m\u00e9g nem \u00fajdons\u00e1gront\u00f3. Ez azonban m\u00e1sok publik\u00e1ci\u00f3j\u00e1ra nem vonatkozik.<\/p>\n<p style=\"text-align: justify\">Mindezek alapj\u00e1n kimondhatjuk, hogy Eur\u00f3p\u00e1ban \u00e9s az USA-ban nem el\u00e9g, ha a v\u00e9gleges bejelent\u00e9sb\u0151l egy\u00e9rtelm\u0171, hogy <strong><em>a tal\u00e1lm\u00e1ny<\/em><\/strong> egy (melyik) m\u0171szaki probl\u00e9ma <strong><em>m\u0171szaki megold\u00e1sa<\/em><\/strong>, <em>nem pedig egy kutat\u00e1si vagy fejleszt\u00e9si terv, k\u00fcl\u00f6n\u00f6sen nem egy tudom\u00e1nyos elm\u00e9let<\/em>, hanem ennek m\u00e1r az els\u0151bbs\u00e9gi iratb\u00f3l is egy\u00e9rtelm\u0171nek kell lennie. Az \u00e9lettudom\u00e1nyok ter\u00fclet\u00e9re es\u0151 tal\u00e1lm\u00e1nyok kapcs\u00e1n fontos figyelembe venni, hogy egy hat\u00e1smechanizmus \u00f6nmag\u00e1ban nem szabadalmazhat\u00f3 tal\u00e1lm\u00e1ny (a hat\u00e1smechanizmus &#8211; mint olyan &#8211; felfedez\u00e9snek \u00e9s term\u00e9szeti t\u00f6rv\u00e9nynek min\u0151s\u00fclhet, ezek pedig nem k\u00e9peznek szabadalmazhat\u00f3 tal\u00e1lm\u00e1nyt), meg kell mutatnunk azt is, hogy azt a mechanizmust (p\u00e9ld\u00e1ul specifikus enzimm\u0171k\u00f6d\u00e9s) egy probl\u00e9ma (p\u00e9ld\u00e1ul betegs\u00e9g) megold\u00e1s\u00e1ra (p\u00e9ld\u00e1ul gy\u00f3gy\u00edt\u00e1s) pontosan hogyan alkalmazhatjuk (p\u00e9ld\u00e1ul milyen konkr\u00e9t molekul\u00e1val tudjuk m\u00f3dos\u00edtani az enzim m\u0171k\u00f6d\u00e9s\u00e9t).<\/p>\n<p style=\"text-align: justify\">Cikk\u00fcnk harmadik r\u00e9sz\u00e9ben p\u00e9ld\u00e1kon kereszt\u00fcl fogjuk majd szeml\u00e9ltetni az els\u0151 k\u00e9t r\u00e9szben \u00edrtakat.<\/p>\n<p><a href=\"https:\/\/www.danubia.com\/hu\/munkatarsaink\/dr-kompagne-hajnalka\/\">DR. KOMPAGNE HAJNALKA<\/a><\/p>\n<p>eur\u00f3pai \u00e9s magyar szabadalmi \u00fcgyviv\u0151<br \/>\npartner<\/p>\n<p><img loading=\"lazy\" decoding=\"async\" class=\"alignnone wp-image-949 size-medium\" src=\"https:\/\/www.danubia.com\/wp-content\/uploads\/2019\/06\/dr.-Kompagne-Hajnalka-300x300.jpg\" alt=\"\" width=\"300\" height=\"300\" srcset=\"https:\/\/www.danubia.com\/wp-content\/uploads\/2019\/06\/dr.-Kompagne-Hajnalka-300x300.jpg 300w, https:\/\/www.danubia.com\/wp-content\/uploads\/2019\/06\/dr.-Kompagne-Hajnalka-150x150.jpg 150w, https:\/\/www.danubia.com\/wp-content\/uploads\/2019\/06\/dr.-Kompagne-Hajnalka.jpg 700w\" sizes=\"(max-width: 300px) 100vw, 300px\" \/><\/p>\n","protected":false},"excerpt":{"rendered":"<p>Az el\u0151z\u0151 r\u00e9sz az els\u0151bbs\u00e9gi bejelent\u00e9s alapos kidolgoz\u00e1s\u00e1nak sz\u00fcks\u00e9gess\u00e9g\u00e9r\u0151l sz\u00f3lt, ez\u00fattal az eur\u00f3pai \u00e9s az USA-beli k\u00f6vetelm\u00e9nyeket j\u00e1rjuk k\u00f6rbe.<\/p>\n","protected":false},"author":1,"featured_media":8877,"comment_status":"closed","ping_status":"closed","sticky":false,"template":"","format":"standard","meta":{"_et_pb_use_builder":"","_et_pb_old_content":"","_et_gb_content_width":"","footnotes":""},"categories":[91],"tags":[],"class_list":["post-8876","post","type-post","status-publish","format-standard","has-post-thumbnail","hentry","category-szabadalom"],"yoast_head":"<!-- This site is optimized with the Yoast SEO plugin v27.3 - https:\/\/yoast.com\/product\/yoast-seo-wordpress\/ -->\n<title>Az els\u0151bbs\u00e9get nem lehet megunni, elrontani ann\u00e1l k\u00f6nnyebb 2. r\u00e9sz - Danubia<\/title>\n<meta name=\"description\" content=\"Az el\u0151z\u0151 r\u00e9sz az els\u0151bbs\u00e9gi bejelent\u00e9s alapos kidolgoz\u00e1s\u00e1nak sz\u00fcks\u00e9gess\u00e9g\u00e9r\u0151l sz\u00f3lt, ez\u00fattal az eur\u00f3pai \u00e9s az USA-beli k\u00f6vetelm\u00e9nyeket j\u00e1rjuk k\u00f6rbe.\" \/>\n<meta name=\"robots\" content=\"index, follow, max-snippet:-1, max-image-preview:large, max-video-preview:-1\" \/>\n<link rel=\"canonical\" href=\"https:\/\/www.danubia.com\/hu\/szabadalom\/az-elsobbseget-nem-lehet-megunni-elrontani-annal-konnyebb-2-resz\/\" \/>\n<meta property=\"og:locale\" content=\"hu_HU\" \/>\n<meta property=\"og:type\" content=\"article\" \/>\n<meta property=\"og:title\" content=\"Az els\u0151bbs\u00e9get nem lehet megunni, elrontani ann\u00e1l k\u00f6nnyebb 2. r\u00e9sz - Danubia\" \/>\n<meta property=\"og:description\" content=\"Az el\u0151z\u0151 r\u00e9sz az els\u0151bbs\u00e9gi bejelent\u00e9s alapos kidolgoz\u00e1s\u00e1nak sz\u00fcks\u00e9gess\u00e9g\u00e9r\u0151l sz\u00f3lt, ez\u00fattal az eur\u00f3pai \u00e9s az USA-beli k\u00f6vetelm\u00e9nyeket j\u00e1rjuk k\u00f6rbe.\" \/>\n<meta property=\"og:url\" content=\"https:\/\/www.danubia.com\/hu\/szabadalom\/az-elsobbseget-nem-lehet-megunni-elrontani-annal-konnyebb-2-resz\/\" \/>\n<meta property=\"og:site_name\" content=\"Danubia\" \/>\n<meta property=\"article:published_time\" content=\"2021-10-20T08:06:09+00:00\" \/>\n<meta property=\"og:image\" content=\"https:\/\/www.danubia.com\/wp-content\/uploads\/2021\/10\/lightbulbs-g4f36e6830_1280.jpg\" \/>\n\t<meta property=\"og:image:width\" content=\"1280\" \/>\n\t<meta property=\"og:image:height\" content=\"768\" \/>\n\t<meta property=\"og:image:type\" content=\"image\/jpeg\" \/>\n<meta name=\"author\" content=\"Danubia Szabadalmi \u00e9s Jogi Iroda\" \/>\n<meta name=\"twitter:card\" content=\"summary_large_image\" \/>\n<meta name=\"twitter:label1\" content=\"Szerz\u0151:\" \/>\n\t<meta name=\"twitter:data1\" content=\"Danubia Szabadalmi \u00e9s Jogi Iroda\" \/>\n\t<meta name=\"twitter:label2\" content=\"Becs\u00fclt olvas\u00e1si id\u0151\" \/>\n\t<meta name=\"twitter:data2\" content=\"5 perc\" \/>\n<script type=\"application\/ld+json\" class=\"yoast-schema-graph\">{\"@context\":\"https:\\\/\\\/schema.org\",\"@graph\":[{\"@type\":\"Article\",\"@id\":\"https:\\\/\\\/www.danubia.com\\\/hu\\\/szabadalom\\\/az-elsobbseget-nem-lehet-megunni-elrontani-annal-konnyebb-2-resz\\\/#article\",\"isPartOf\":{\"@id\":\"https:\\\/\\\/www.danubia.com\\\/hu\\\/szabadalom\\\/az-elsobbseget-nem-lehet-megunni-elrontani-annal-konnyebb-2-resz\\\/\"},\"author\":{\"name\":\"Danubia Szabadalmi \u00e9s Jogi Iroda\",\"@id\":\"https:\\\/\\\/www.danubia.com\\\/#\\\/schema\\\/person\\\/c3a081c566cce5d38b32c31f3bf569b8\"},\"headline\":\"Az els\u0151bbs\u00e9get nem lehet megunni, elrontani ann\u00e1l k\u00f6nnyebb 2. r\u00e9sz\",\"datePublished\":\"2021-10-20T08:06:09+00:00\",\"mainEntityOfPage\":{\"@id\":\"https:\\\/\\\/www.danubia.com\\\/hu\\\/szabadalom\\\/az-elsobbseget-nem-lehet-megunni-elrontani-annal-konnyebb-2-resz\\\/\"},\"wordCount\":1523,\"image\":{\"@id\":\"https:\\\/\\\/www.danubia.com\\\/hu\\\/szabadalom\\\/az-elsobbseget-nem-lehet-megunni-elrontani-annal-konnyebb-2-resz\\\/#primaryimage\"},\"thumbnailUrl\":\"https:\\\/\\\/www.danubia.com\\\/wp-content\\\/uploads\\\/2021\\\/10\\\/lightbulbs-g4f36e6830_1280.jpg\",\"articleSection\":[\"Szabadalom\"],\"inLanguage\":\"hu\"},{\"@type\":\"WebPage\",\"@id\":\"https:\\\/\\\/www.danubia.com\\\/hu\\\/szabadalom\\\/az-elsobbseget-nem-lehet-megunni-elrontani-annal-konnyebb-2-resz\\\/\",\"url\":\"https:\\\/\\\/www.danubia.com\\\/hu\\\/szabadalom\\\/az-elsobbseget-nem-lehet-megunni-elrontani-annal-konnyebb-2-resz\\\/\",\"name\":\"Az els\u0151bbs\u00e9get nem lehet megunni, elrontani ann\u00e1l k\u00f6nnyebb 2. r\u00e9sz - Danubia\",\"isPartOf\":{\"@id\":\"https:\\\/\\\/www.danubia.com\\\/#website\"},\"primaryImageOfPage\":{\"@id\":\"https:\\\/\\\/www.danubia.com\\\/hu\\\/szabadalom\\\/az-elsobbseget-nem-lehet-megunni-elrontani-annal-konnyebb-2-resz\\\/#primaryimage\"},\"image\":{\"@id\":\"https:\\\/\\\/www.danubia.com\\\/hu\\\/szabadalom\\\/az-elsobbseget-nem-lehet-megunni-elrontani-annal-konnyebb-2-resz\\\/#primaryimage\"},\"thumbnailUrl\":\"https:\\\/\\\/www.danubia.com\\\/wp-content\\\/uploads\\\/2021\\\/10\\\/lightbulbs-g4f36e6830_1280.jpg\",\"datePublished\":\"2021-10-20T08:06:09+00:00\",\"author\":{\"@id\":\"https:\\\/\\\/www.danubia.com\\\/#\\\/schema\\\/person\\\/c3a081c566cce5d38b32c31f3bf569b8\"},\"description\":\"Az el\u0151z\u0151 r\u00e9sz az els\u0151bbs\u00e9gi bejelent\u00e9s alapos kidolgoz\u00e1s\u00e1nak sz\u00fcks\u00e9gess\u00e9g\u00e9r\u0151l sz\u00f3lt, ez\u00fattal az eur\u00f3pai \u00e9s az USA-beli k\u00f6vetelm\u00e9nyeket j\u00e1rjuk k\u00f6rbe.\",\"breadcrumb\":{\"@id\":\"https:\\\/\\\/www.danubia.com\\\/hu\\\/szabadalom\\\/az-elsobbseget-nem-lehet-megunni-elrontani-annal-konnyebb-2-resz\\\/#breadcrumb\"},\"inLanguage\":\"hu\",\"potentialAction\":[{\"@type\":\"ReadAction\",\"target\":[\"https:\\\/\\\/www.danubia.com\\\/hu\\\/szabadalom\\\/az-elsobbseget-nem-lehet-megunni-elrontani-annal-konnyebb-2-resz\\\/\"]}]},{\"@type\":\"ImageObject\",\"inLanguage\":\"hu\",\"@id\":\"https:\\\/\\\/www.danubia.com\\\/hu\\\/szabadalom\\\/az-elsobbseget-nem-lehet-megunni-elrontani-annal-konnyebb-2-resz\\\/#primaryimage\",\"url\":\"https:\\\/\\\/www.danubia.com\\\/wp-content\\\/uploads\\\/2021\\\/10\\\/lightbulbs-g4f36e6830_1280.jpg\",\"contentUrl\":\"https:\\\/\\\/www.danubia.com\\\/wp-content\\\/uploads\\\/2021\\\/10\\\/lightbulbs-g4f36e6830_1280.jpg\",\"width\":1280,\"height\":768},{\"@type\":\"BreadcrumbList\",\"@id\":\"https:\\\/\\\/www.danubia.com\\\/hu\\\/szabadalom\\\/az-elsobbseget-nem-lehet-megunni-elrontani-annal-konnyebb-2-resz\\\/#breadcrumb\",\"itemListElement\":[{\"@type\":\"ListItem\",\"position\":1,\"name\":\"Home\",\"item\":\"https:\\\/\\\/www.danubia.com\\\/hu\\\/\"},{\"@type\":\"ListItem\",\"position\":2,\"name\":\"Az els\u0151bbs\u00e9get nem lehet megunni, elrontani ann\u00e1l k\u00f6nnyebb 2. r\u00e9sz\"}]},{\"@type\":\"WebSite\",\"@id\":\"https:\\\/\\\/www.danubia.com\\\/#website\",\"url\":\"https:\\\/\\\/www.danubia.com\\\/\",\"name\":\"Danubia\",\"description\":\"\",\"potentialAction\":[{\"@type\":\"SearchAction\",\"target\":{\"@type\":\"EntryPoint\",\"urlTemplate\":\"https:\\\/\\\/www.danubia.com\\\/?s={search_term_string}\"},\"query-input\":{\"@type\":\"PropertyValueSpecification\",\"valueRequired\":true,\"valueName\":\"search_term_string\"}}],\"inLanguage\":\"hu\"},{\"@type\":\"Person\",\"@id\":\"https:\\\/\\\/www.danubia.com\\\/#\\\/schema\\\/person\\\/c3a081c566cce5d38b32c31f3bf569b8\",\"name\":\"Danubia Szabadalmi \u00e9s Jogi Iroda\",\"image\":{\"@type\":\"ImageObject\",\"inLanguage\":\"hu\",\"@id\":\"https:\\\/\\\/secure.gravatar.com\\\/avatar\\\/347a905c0860aaf34650db19625beeb4cfc4347b5df0d66ef80381817b31b53c?s=96&r=g\",\"url\":\"https:\\\/\\\/secure.gravatar.com\\\/avatar\\\/347a905c0860aaf34650db19625beeb4cfc4347b5df0d66ef80381817b31b53c?s=96&r=g\",\"contentUrl\":\"https:\\\/\\\/secure.gravatar.com\\\/avatar\\\/347a905c0860aaf34650db19625beeb4cfc4347b5df0d66ef80381817b31b53c?s=96&r=g\",\"caption\":\"Danubia Szabadalmi \u00e9s Jogi Iroda\"}}]}<\/script>\n<!-- \/ Yoast SEO plugin. -->","yoast_head_json":{"title":"Az els\u0151bbs\u00e9get nem lehet megunni, elrontani ann\u00e1l k\u00f6nnyebb 2. r\u00e9sz - Danubia","description":"Az el\u0151z\u0151 r\u00e9sz az els\u0151bbs\u00e9gi bejelent\u00e9s alapos kidolgoz\u00e1s\u00e1nak sz\u00fcks\u00e9gess\u00e9g\u00e9r\u0151l sz\u00f3lt, ez\u00fattal az eur\u00f3pai \u00e9s az USA-beli k\u00f6vetelm\u00e9nyeket j\u00e1rjuk k\u00f6rbe.","robots":{"index":"index","follow":"follow","max-snippet":"max-snippet:-1","max-image-preview":"max-image-preview:large","max-video-preview":"max-video-preview:-1"},"canonical":"https:\/\/www.danubia.com\/hu\/szabadalom\/az-elsobbseget-nem-lehet-megunni-elrontani-annal-konnyebb-2-resz\/","og_locale":"hu_HU","og_type":"article","og_title":"Az els\u0151bbs\u00e9get nem lehet megunni, elrontani ann\u00e1l k\u00f6nnyebb 2. r\u00e9sz - Danubia","og_description":"Az el\u0151z\u0151 r\u00e9sz az els\u0151bbs\u00e9gi bejelent\u00e9s alapos kidolgoz\u00e1s\u00e1nak sz\u00fcks\u00e9gess\u00e9g\u00e9r\u0151l sz\u00f3lt, ez\u00fattal az eur\u00f3pai \u00e9s az USA-beli k\u00f6vetelm\u00e9nyeket j\u00e1rjuk k\u00f6rbe.","og_url":"https:\/\/www.danubia.com\/hu\/szabadalom\/az-elsobbseget-nem-lehet-megunni-elrontani-annal-konnyebb-2-resz\/","og_site_name":"Danubia","article_published_time":"2021-10-20T08:06:09+00:00","og_image":[{"width":1280,"height":768,"url":"https:\/\/www.danubia.com\/wp-content\/uploads\/2021\/10\/lightbulbs-g4f36e6830_1280.jpg","type":"image\/jpeg"}],"author":"Danubia Szabadalmi \u00e9s Jogi Iroda","twitter_card":"summary_large_image","twitter_misc":{"Szerz\u0151:":"Danubia Szabadalmi \u00e9s Jogi Iroda","Becs\u00fclt olvas\u00e1si id\u0151":"5 perc"},"schema":{"@context":"https:\/\/schema.org","@graph":[{"@type":"Article","@id":"https:\/\/www.danubia.com\/hu\/szabadalom\/az-elsobbseget-nem-lehet-megunni-elrontani-annal-konnyebb-2-resz\/#article","isPartOf":{"@id":"https:\/\/www.danubia.com\/hu\/szabadalom\/az-elsobbseget-nem-lehet-megunni-elrontani-annal-konnyebb-2-resz\/"},"author":{"name":"Danubia Szabadalmi \u00e9s Jogi Iroda","@id":"https:\/\/www.danubia.com\/#\/schema\/person\/c3a081c566cce5d38b32c31f3bf569b8"},"headline":"Az els\u0151bbs\u00e9get nem lehet megunni, elrontani ann\u00e1l k\u00f6nnyebb 2. r\u00e9sz","datePublished":"2021-10-20T08:06:09+00:00","mainEntityOfPage":{"@id":"https:\/\/www.danubia.com\/hu\/szabadalom\/az-elsobbseget-nem-lehet-megunni-elrontani-annal-konnyebb-2-resz\/"},"wordCount":1523,"image":{"@id":"https:\/\/www.danubia.com\/hu\/szabadalom\/az-elsobbseget-nem-lehet-megunni-elrontani-annal-konnyebb-2-resz\/#primaryimage"},"thumbnailUrl":"https:\/\/www.danubia.com\/wp-content\/uploads\/2021\/10\/lightbulbs-g4f36e6830_1280.jpg","articleSection":["Szabadalom"],"inLanguage":"hu"},{"@type":"WebPage","@id":"https:\/\/www.danubia.com\/hu\/szabadalom\/az-elsobbseget-nem-lehet-megunni-elrontani-annal-konnyebb-2-resz\/","url":"https:\/\/www.danubia.com\/hu\/szabadalom\/az-elsobbseget-nem-lehet-megunni-elrontani-annal-konnyebb-2-resz\/","name":"Az els\u0151bbs\u00e9get nem lehet megunni, elrontani ann\u00e1l k\u00f6nnyebb 2. r\u00e9sz - Danubia","isPartOf":{"@id":"https:\/\/www.danubia.com\/#website"},"primaryImageOfPage":{"@id":"https:\/\/www.danubia.com\/hu\/szabadalom\/az-elsobbseget-nem-lehet-megunni-elrontani-annal-konnyebb-2-resz\/#primaryimage"},"image":{"@id":"https:\/\/www.danubia.com\/hu\/szabadalom\/az-elsobbseget-nem-lehet-megunni-elrontani-annal-konnyebb-2-resz\/#primaryimage"},"thumbnailUrl":"https:\/\/www.danubia.com\/wp-content\/uploads\/2021\/10\/lightbulbs-g4f36e6830_1280.jpg","datePublished":"2021-10-20T08:06:09+00:00","author":{"@id":"https:\/\/www.danubia.com\/#\/schema\/person\/c3a081c566cce5d38b32c31f3bf569b8"},"description":"Az el\u0151z\u0151 r\u00e9sz az els\u0151bbs\u00e9gi bejelent\u00e9s alapos kidolgoz\u00e1s\u00e1nak sz\u00fcks\u00e9gess\u00e9g\u00e9r\u0151l sz\u00f3lt, ez\u00fattal az eur\u00f3pai \u00e9s az USA-beli k\u00f6vetelm\u00e9nyeket j\u00e1rjuk k\u00f6rbe.","breadcrumb":{"@id":"https:\/\/www.danubia.com\/hu\/szabadalom\/az-elsobbseget-nem-lehet-megunni-elrontani-annal-konnyebb-2-resz\/#breadcrumb"},"inLanguage":"hu","potentialAction":[{"@type":"ReadAction","target":["https:\/\/www.danubia.com\/hu\/szabadalom\/az-elsobbseget-nem-lehet-megunni-elrontani-annal-konnyebb-2-resz\/"]}]},{"@type":"ImageObject","inLanguage":"hu","@id":"https:\/\/www.danubia.com\/hu\/szabadalom\/az-elsobbseget-nem-lehet-megunni-elrontani-annal-konnyebb-2-resz\/#primaryimage","url":"https:\/\/www.danubia.com\/wp-content\/uploads\/2021\/10\/lightbulbs-g4f36e6830_1280.jpg","contentUrl":"https:\/\/www.danubia.com\/wp-content\/uploads\/2021\/10\/lightbulbs-g4f36e6830_1280.jpg","width":1280,"height":768},{"@type":"BreadcrumbList","@id":"https:\/\/www.danubia.com\/hu\/szabadalom\/az-elsobbseget-nem-lehet-megunni-elrontani-annal-konnyebb-2-resz\/#breadcrumb","itemListElement":[{"@type":"ListItem","position":1,"name":"Home","item":"https:\/\/www.danubia.com\/hu\/"},{"@type":"ListItem","position":2,"name":"Az els\u0151bbs\u00e9get nem lehet megunni, elrontani ann\u00e1l k\u00f6nnyebb 2. r\u00e9sz"}]},{"@type":"WebSite","@id":"https:\/\/www.danubia.com\/#website","url":"https:\/\/www.danubia.com\/","name":"Danubia","description":"","potentialAction":[{"@type":"SearchAction","target":{"@type":"EntryPoint","urlTemplate":"https:\/\/www.danubia.com\/?s={search_term_string}"},"query-input":{"@type":"PropertyValueSpecification","valueRequired":true,"valueName":"search_term_string"}}],"inLanguage":"hu"},{"@type":"Person","@id":"https:\/\/www.danubia.com\/#\/schema\/person\/c3a081c566cce5d38b32c31f3bf569b8","name":"Danubia Szabadalmi \u00e9s Jogi Iroda","image":{"@type":"ImageObject","inLanguage":"hu","@id":"https:\/\/secure.gravatar.com\/avatar\/347a905c0860aaf34650db19625beeb4cfc4347b5df0d66ef80381817b31b53c?s=96&r=g","url":"https:\/\/secure.gravatar.com\/avatar\/347a905c0860aaf34650db19625beeb4cfc4347b5df0d66ef80381817b31b53c?s=96&r=g","contentUrl":"https:\/\/secure.gravatar.com\/avatar\/347a905c0860aaf34650db19625beeb4cfc4347b5df0d66ef80381817b31b53c?s=96&r=g","caption":"Danubia Szabadalmi \u00e9s Jogi Iroda"}}]}},"_links":{"self":[{"href":"https:\/\/www.danubia.com\/hu\/wp-json\/wp\/v2\/posts\/8876","targetHints":{"allow":["GET"]}}],"collection":[{"href":"https:\/\/www.danubia.com\/hu\/wp-json\/wp\/v2\/posts"}],"about":[{"href":"https:\/\/www.danubia.com\/hu\/wp-json\/wp\/v2\/types\/post"}],"author":[{"embeddable":true,"href":"https:\/\/www.danubia.com\/hu\/wp-json\/wp\/v2\/users\/1"}],"replies":[{"embeddable":true,"href":"https:\/\/www.danubia.com\/hu\/wp-json\/wp\/v2\/comments?post=8876"}],"version-history":[{"count":1,"href":"https:\/\/www.danubia.com\/hu\/wp-json\/wp\/v2\/posts\/8876\/revisions"}],"predecessor-version":[{"id":8879,"href":"https:\/\/www.danubia.com\/hu\/wp-json\/wp\/v2\/posts\/8876\/revisions\/8879"}],"wp:featuredmedia":[{"embeddable":true,"href":"https:\/\/www.danubia.com\/hu\/wp-json\/wp\/v2\/media\/8877"}],"wp:attachment":[{"href":"https:\/\/www.danubia.com\/hu\/wp-json\/wp\/v2\/media?parent=8876"}],"wp:term":[{"taxonomy":"category","embeddable":true,"href":"https:\/\/www.danubia.com\/hu\/wp-json\/wp\/v2\/categories?post=8876"},{"taxonomy":"post_tag","embeddable":true,"href":"https:\/\/www.danubia.com\/hu\/wp-json\/wp\/v2\/tags?post=8876"}],"curies":[{"name":"wp","href":"https:\/\/api.w.org\/{rel}","templated":true}]}}