{"id":8891,"date":"2021-11-10T07:28:58","date_gmt":"2021-11-10T07:28:58","guid":{"rendered":"https:\/\/www.danubia.com\/?p=8891"},"modified":"2021-11-10T07:28:58","modified_gmt":"2021-11-10T07:28:58","slug":"az-elsobbseget-nem-lehet-megunni-elrontani-annal-konnyebb-3-resz","status":"publish","type":"post","link":"https:\/\/www.danubia.com\/hu\/szabadalom\/az-elsobbseget-nem-lehet-megunni-elrontani-annal-konnyebb-3-resz\/","title":{"rendered":"Az els\u0151bbs\u00e9get nem lehet megunni, elrontani ann\u00e1l k\u00f6nnyebb 3. r\u00e9sz"},"content":{"rendered":"<p style=\"text-align: justify\">Az <a href=\"https:\/\/www.danubia.com\/hu\/szabadalom\/az-elsobbseget-nem-lehet-megunni-elrontani-annal-konnyebb\/\">els\u0151<\/a> \u00e9s a <a href=\"https:\/\/www.danubia.com\/hu\/szabadalom\/az-elsobbseget-nem-lehet-megunni-elrontani-annal-konnyebb-2-resz\/\">m\u00e1sodik r\u00e9sz<\/a> ijesztget\u00e9sei ut\u00e1n bemutatunk n\u00e9h\u00e1ny p\u00e9ld\u00e1t, amik egyr\u00e9szt a tov\u00e1bbi elrettent\u00e9st hivatottak szolg\u00e1lni, m\u00e1sr\u00e9szt egy\u00e9rtelm\u0171v\u00e9 teszik azt, hogy val\u00f3ban nagyon k\u00f6nny\u0171 elrontani egy remek tal\u00e1lm\u00e1ny szabadalmazhat\u00f3s\u00e1g\u00e1t a nem kell\u0151 k\u00f6r\u00fcltekint\u00e9ssel elk\u00e9sz\u00edtett els\u0151bbs\u00e9gi irattal.<\/p>\n<p style=\"text-align: justify\"><strong>P\u00e9ld\u00e1k<\/strong><\/p>\n<p style=\"text-align: justify\">I) <u>New Railhead Manufacturing <em>v<\/em> Earth Tool Company<\/u> (US5899283 sz\u00e1m\u00fa szabadalom)<\/p>\n<p style=\"text-align: justify\">A New Railhead 1997. febru\u00e1r 5-\u00e9n ny\u00fajtott be ideiglenes szabadalmi bejelent\u00e9st (provisional application) egy f\u00far\u00f3fejre. A bejelent\u00e9s nem tartalmazott ig\u00e9nypontokat, sem a f\u00far\u00f3 vagy f\u00far\u00f3fej r\u00e9szletes le\u00edr\u00e1s\u00e1t, azonban azt igen, hogy milyen c\u00e9llal k\u00e9sz\u00fclt a f\u00far\u00f3fej \u00e9s mik azok a megold\u00e1sok, amelyek lehet\u0151v\u00e9 tett\u00e9k a c\u00e9l el\u00e9r\u00e9s\u00e9t, nevezetesen a kor\u00e1bbiakn\u00e1l jobban megval\u00f3s\u00edt\u00f3 f\u00far\u00f3fej kialak\u00edt\u00e1s\u00e1t, valamint \u00e1br\u00e1kat is. A le\u00edr\u00e1s egy\u00e9rtelm\u0171en m\u0171szaki, azt a benyom\u00e1st kelti, mintha a fejleszt\u0151 m\u00e9rn\u00f6k r\u00f6viden \u00f6sszefoglalta volna a tervez\u00e9s menet\u00e9t. A le\u00edr\u00e1s alapj\u00e1n egy\u00e9rtelm\u0171, hogy a f\u00far\u00f3fej elk\u00e9sz\u00fclt \u00e9s alkalmas is a kijel\u00f6lt c\u00e9lra.<\/p>\n<p style=\"text-align: justify\">A v\u00e9gleges (non-provisional) szabadalmi bejelent\u00e9s megfelel a t\u00f6rv\u00e9nyi k\u00f6vetelm\u00e9nyeknek, mind a le\u00edr\u00e1sban, mind az ig\u00e9nypontban \u00fagy jellemezt\u00e9k a f\u00far\u00f3fejet, hogy az szakember sz\u00e1m\u00e1ra megval\u00f3s\u00edthat\u00f3 volt, ismertett\u00e9k azokat a m\u0171szaki megold\u00e1sokat, amelyek sz\u00fcks\u00e9gesek voltak a f\u00far\u00f3fej megfelel\u0151 m\u0171k\u00f6d\u00e9s\u00e9hez, \u00e9s term\u00e9szetesen azokat a jellemz\u0151ket is, amelyek a technika \u00e1ll\u00e1sa szerinti f\u00far\u00f3fejekhez k\u00e9pest a f\u00far\u00f3fejet \u00fajj\u00e1 tett\u00e9k. Az ig\u00e9nypont megfogalmaz\u00e1sa csak a felt\u00e9tlen\u00fcl sz\u00fcks\u00e9ges jellemz\u0151ket tartalmazza. (Az\u00e9rt, hogy az oltalmi k\u00f6r a lehet\u0151 legt\u00e1gabbbb legyen. A tal\u00e1lm\u00e1ny megval\u00f3s\u00edt\u00e1s\u00e1hoz sz\u00fcks\u00e9ges jellemz\u0151ket az ig\u00e9nypontnak tartalmaznia kell, a nem felt\u00e9tlen\u00fcl sz\u00fcks\u00e9ges jellemz\u0151ket azonban nem c\u00e9lszer\u0171 bele\u00edrni a f\u0151ig\u00e9nypontba, mivel ezzel sz\u0171k\u00edten\u00e9nk az oltalmi k\u00f6rt. Az opcion\u00e1lis jellemz\u0151ket az alig\u00e9nypontokban c\u00e9lszer\u0171 felsorolni, mivel ezek visszavonul\u00e1si \u00fatk\u00e9nt szolg\u00e1lhatnak.) A tal\u00e1lm\u00e1ny szabadalmi oltalmat kapott. (Fontos megjegyezni, hogy az amerikai vizsg\u00e1l\u00f3k nem vizsg\u00e1lj\u00e1k, hogy egy non-provisional bejelent\u00e9s jogosan ig\u00e9nyli-e egy ideiglenes bejelent\u00e9s els\u0151bbs\u00e9g\u00e9t, \u00e9s nem vizsg\u00e1lj\u00e1k az ideiglenes bejelent\u00e9st sem. Az eur\u00f3pai vizsg\u00e1l\u00f3k is csak abban az esetben vizsg\u00e1lj\u00e1k az els\u0151bbs\u00e9g \u00e9rv\u00e9nyess\u00e9g\u00e9t, ha potenci\u00e1lisan relev\u00e1ns k\u00f6ztes \u00edr\u00e1sos dokumentumot tal\u00e1lnak az \u00fajdons\u00e1gkutat\u00e1s sor\u00e1n. A szabadalom megsemmis\u00edt\u00e9s\u00e9t k\u00e9relmez\u0151 f\u00e9l azonban nem szokta elfelejteni elolvasni az els\u0151bbs\u00e9gi iratot.)<\/p>\n<p style=\"text-align: justify\">A monopoljog birtok\u00e1ban a New Railhead t\u00f6bb versenyt\u00e1rs\u00e1t is beperelte bitorl\u00e1s\u00e9rt, ugyanis a piacon megjelentek a szabadalmas\u00e9val megegyez\u0151 kialak\u00edt\u00e1s\u00fa f\u00far\u00f3fejek. Az egyik versenyt\u00e1rs azonban bizony\u00edtotta, hogy az ideiglenes azaz provisional bejelent\u00e9s nem alapozta meg az az ig\u00e9nyelt els\u0151bbs\u00e9gte, mivel nem szerepelt benne a f\u00far\u00f3fej egy olyan jellemz\u0151je, amely a non-provisional bejelent\u00e9sben sz\u00fcks\u00e9ges jellemz\u0151k\u00e9nt szerepelt. \u00c9ppen ez a jellemz\u0151 (a f\u00far\u00f3fej elhelyezked\u00e9se a szondah\u00e1zhoz k\u00e9pest) volt az egyik, amely a f\u00far\u00f3fejet elhat\u00e1rolta a technika \u00e1ll\u00e1s\u00e1t\u00f3l, \u00e9s a megfelel\u0151 m\u0171k\u00f6d\u00e9shez is sz\u00fcks\u00e9ges volt. Vagyis az ideiglenes bejelent\u00e9sben szerepl\u0151 felt\u00e1r\u00e1s ezen jellemz\u0151 hi\u00e1nya miatt el\u00e9gtelen volt. (A non-provisionalben megjelen\u0151 jellemz\u0151 sz\u0171k\u00edtette az oltalmi k\u00f6rt. Az ideiglenes bejelent\u00e9sben semmi sem utalt arra, hogy a megfelel\u0151 m\u0171k\u00f6d\u00e9shez ez a jellemz\u0151 is sz\u00fcks\u00e9ges, vagyis a non-provisionalben ismertetett tal\u00e1lm\u00e1ny nem k\u00f6vetkezett egy\u00e9rtelm\u0171en \u00e9s k\u00f6zvetlen\u00fcl a kev\u00e9sb\u00e9 r\u00e9szletes ideiglenes bejelent\u00e9sb\u0151l.)<\/p>\n<p style=\"text-align: justify\">A szabadalmas a f\u00far\u00f3fejet m\u00e1r a non-provisional bejelent\u00e9s el\u0151tt forgalomba hozta, \u00edgy az \u00fajdons\u00e1gront\u00f3 volt a saj\u00e1t tal\u00e1lm\u00e1ny\u00e1ra az\u00e9rt, mert az els\u0151bbs\u00e9g joga nem illette meg a v\u00e9gleges, megfelel\u0151en kidolgozott bejelent\u00e9st. (A forgalomba hozatal az ideiglenes bejelent\u00e9s beny\u00fajt\u00e1s\u00e1t is megel\u0151zte, azonban az USA szabadalmi t\u00f6rv\u00e9nye egy\u00e9ves t\u00fcrelmi id\u0151t biztos\u00edt a bejelent\u0151\/feltal\u00e1l\u00f3 sz\u00e1m\u00e1ra saj\u00e1t publik\u00e1ci\u00f3 vagy haszn\u00e1lat eset\u00e9re, \u00edgy ez nem lett volna g\u00e1tja a szabadalmaz\u00e1snak. K\u00fcl\u00f6n\u00f6sen szerencs\u00e9tlen ez az eset az\u00e9rt, mert az ideiglenes bejelent\u00e9s beny\u00fajt\u00e1sakor m\u00e1r rendelkez\u00e9sre \u00e1llt az \u00f6sszes esszenci\u00e1lis m\u0171szaki jellemz\u0151, hiszen a term\u00e9k elk\u00e9sz\u00fclt, vagyis a bejelent\u00e9st megfelel\u0151en ki lehetett volna dolgozni. Eur\u00f3p\u00e1ban az els\u0151bbs\u00e9gi dokumentum beny\u00fajt\u00e1sa el\u0151tt t\u00f6rt\u00e9nt forgalmaz\u00e1s \u00fajdons\u00e1gront\u00f3, a szabadalmaz\u00e1st ellehetetlen\u00edti.)<\/p>\n<p style=\"text-align: justify\">II) <u>Leader Technology <em>v<\/em> Facebook<\/u> (US7139761 sz\u00e1m\u00fa szabadalom)<\/p>\n<p style=\"text-align: justify\">Az \u00fcgy t\u00e9ny\u00e1ll\u00e1sa nagyon hasonl\u00f3 a New Railhead \u00fcgy\u00e9hez: az ideiglenes bejelent\u00e9s nem t\u00e1rta fel a tal\u00e1lm\u00e1ny minden esszenci\u00e1lis jellemz\u0151j\u00e9t, ez\u00e9rt nem biztos\u00edtott els\u0151bbs\u00e9get a minden jellemz\u0151t felt\u00e1r\u00f3, megfelel\u0151en kidolgozott bejelent\u00e9sben le\u00edrt tal\u00e1lm\u00e1nynak. A nyilv\u00e1nos haszn\u00e1latbav\u00e9tel (\u201epublic use\u201d) \u00fajdons\u00e1gront\u00e1st jelentett a szabadalmazni k\u00edv\u00e1nt term\u00e9kre. Az \u00fcgy \u00e9rdekess\u00e9ge, hogy a megsemmis\u00edt\u00e9st k\u00e9r\u0151 Facebook m\u00e1s iratokra hivatkozva t\u00e1madta meg a tal\u00e1lm\u00e1ny \u00fajdons\u00e1g\u00e1t, amiket a b\u00edr\u00f3s\u00e1g nem tal\u00e1lt \u00fajdons\u00e1gront\u00f3nak, azonban a szabadalmas saj\u00e1t nyilatkozatai alapj\u00e1n egy\u00e9rtelm\u0171v\u00e9 v\u00e1lt, hogy az els\u0151bbs\u00e9g nem \u00e9rv\u00e9nyes. A nem kell\u0151en r\u00e9szletes els\u0151bbs\u00e9gi bejelent\u00e9s \u00e9s az els\u0151bbs\u00e9gbe vetett bizalom miatt az els\u0151bbs\u00e9gi \u00e9ven bel\u00fcl tett publik\u00e1ci\u00f3 \u00edgy a jog elveszt\u00e9s\u00e9t eredm\u00e9nyezte.<\/p>\n<p style=\"text-align: justify\">III) <u>Novartis<em> v <\/em>Hospira<\/u> (EP1296689 sz\u00e1m\u00fa szabadalom)<\/p>\n<p style=\"text-align: justify\">Ebben az \u00fcgyben az angol b\u00edr\u00f3s\u00e1g d\u00f6nt\u00e9s\u00e9t mutatjuk be. Az angol szabadalom, amelyet a b\u00edr\u00f3s\u00e1g megsemmis\u00edtett, az eur\u00f3pai szabadalom Egyes\u00fclt Kir\u00e1lys\u00e1gban t\u00f6rt\u00e9nt \u00e9rv\u00e9nyes\u00edt\u00e9s\u00e9vel keletkezett, azaz a bejelent\u0151 nem csup\u00e1n a fejleszt\u00e9s hatalmas k\u00f6lts\u00e9geit, hanem az eur\u00f3pai szabadalom megszerz\u00e9s\u00e9nek \u00e9s a tag\u00e1llamokban t\u00f6rt\u00e9n\u0151 \u00e9rv\u00e9nyes\u00edt\u00e9snek k\u00f6lts\u00e9geit is kifizette, \u00e9s csak ekkor der\u00fclt ki, hogy nincs is monopoljoga (legal\u00e1bbis az Egyes\u00fclt Kir\u00e1lys\u00e1gban) a hatalmas piaccal rendelkez\u0151 term\u00e9kre.<\/p>\n<p style=\"text-align: justify\">Az ig\u00e9nypont, amely a Novartis egy forgalomban l\u00e9v\u0151 gy\u00f3gyszer\u00e9t v\u00e9dte, t\u00f6bb jellemz\u0151 kombin\u00e1ci\u00f3j\u00e1t tartalmazta: vegy\u00fclet, betegs\u00e9g, bead\u00e1si m\u00f3d, d\u00f3zistartom\u00e1ny, adagol\u00e1si intervallum.<\/p>\n<p style=\"text-align: justify\">Az els\u0151bbs\u00e9gi irat valamennyi jellemz\u0151t ismertette, azonban olyan kombin\u00e1ci\u00f3ban, mint a v\u00e9gleges bejelent\u00e9s ig\u00e9nypontja, nem. A b\u00edr\u00f3s\u00e1g \u00fagy tal\u00e1lta, hogy nem csup\u00e1n a konkr\u00e9t kombin\u00e1ci\u00f3 felt\u00e1r\u00e1sa hi\u00e1nyzott, de az els\u0151bbs\u00e9gi bejelent\u00e9s sz\u00f6veg\u00e9ben nem volt tal\u00e1lhat\u00f3 utal\u00e1s sem arra a lehet\u0151s\u00e9gre, \u00e9s az ilyen kitan\u00edt\u00e1s nem alkalmas az els\u0151bbs\u00e9g megalapoz\u00e1s\u00e1\u00e9ra.<\/p>\n<p style=\"text-align: justify\">Megjegyzend\u0151, hogy az els\u0151bbs\u00e9gi bejelent\u00e9s beny\u00fajt\u00e1sakor m\u00e1r nagysz\u00e1m\u00fa vizsg\u00e1latot v\u00e9geztek a vegy\u00fclettel, rengeteg adat \u00e1llt rendelkez\u00e9sre, p\u00e9ld\u00e1ul voltak m\u00e1r \u00edg\u00e9retes eredm\u00e9nyek az ig\u00e9nypontban meghat\u00e1rozott betegs\u00e9g kezel\u00e9s\u00e9ben az ig\u00e9nypontban meghat\u00e1rozott bead\u00e1si m\u00f3ddal, adagol\u00e1si intervallummal \u00e9s az ig\u00e9nypontban meghat\u00e1rozott d\u00f3zistartom\u00e1nyba es\u0151 d\u00f3zissal.<\/p>\n<p style=\"text-align: justify\">A Novartis peche az volt, hogy ezek k\u00f6z\u00fcl az \u00edg\u00e9retes eredm\u00e9nyek k\u00f6z\u00fcl egyeseket egy, az els\u0151bbs\u00e9get ig\u00e9nyl\u0151 bejelent\u00e9s bejelent\u00e9si napja el\u0151tt megjelent szakcikkben a feltal\u00e1l\u00f3k (minden bizonnyal a Novartis enged\u00e9ly\u00e9vel) ismertett\u00e9k.<\/p>\n<p style=\"text-align: justify\">M\u00e9g ez sem bizonyult azonban el\u00e9gnek ahhoz, hogy a v\u00e9dhet\u0151 kombin\u00e1ci\u00f3 szakember sz\u00e1m\u00e1ra k\u00f6zvetlen\u00fcl \u00e9s egy\u00e9rtelm\u0171en k\u00f6vetkezzen az els\u0151bbs\u00e9gi bejelent\u00e9sb\u0151l (amely k\u00e9ts\u00e9gk\u00edv\u00fcl m\u00e1s lehet\u0151s\u00e9geket is ismertetett).(A d\u00f6nt\u00e9s k\u00fcl\u00f6n\u00f6sen gonosznak t\u0171nik. \u00c9rdekes k\u00e9rd\u00e9s, hogy m\u00e1s orsz\u00e1gok b\u00edr\u00f3s\u00e1gai is ugyanerre a k\u00f6vetkeztet\u00e9sre jutn\u00e1nak-e.)<\/p>\n<p style=\"text-align: justify\">IV) <u>T 1127\/03<\/u> (Wound healing\/RENOVO, az ESZH m\u0171szaki fellebbez\u00e9si tan\u00e1cs\u00e1nak d\u00f6nt\u00e9se, EP0585242 sz\u00e1m\u00fa szabadalom)<\/p>\n<p style=\"text-align: justify\">A tal\u00e1lm\u00e1ny szerint a TGF\u00df-csal\u00e1dba tartoz\u00f3 egyes \u2013 a bejelent\u00e9sben meghat\u00e1rozott &#8211; n\u00f6veked\u00e9si faktorok g\u00e1tl\u00e1s\u00e1val a sebgy\u00f3gyul\u00e1s sor\u00e1n a hegesed\u00e9s kedvez\u0151en befoly\u00e1solhat\u00f3.<\/p>\n<p style=\"text-align: justify\">Az els\u0151bbs\u00e9gi bejelent\u00e9s \u00e1ltal\u00e1ban a TGF\u00df-csal\u00e1dba tartoz\u00f3 n\u00f6veked\u00e9si faktorok g\u00e1tl\u00e1s\u00e1t \u00edrta le \u00e9s ig\u00e9nyelte, azonban a kutat\u00e1s-fejleszt\u00e9s el\u0151rehaladt\u00e1val kider\u00fclt, hogy tartoznak a csal\u00e1dba olyan faktorok is, amiket kifejezetten k\u00e1ros lenne g\u00e1tolni, ez\u00e9rt a v\u00e9gleges bejelent\u00e9sben m\u00e1r csak a val\u00f3ban m\u0171k\u00f6d\u0151 faktorok g\u00e1tl\u00e1s\u00e1t ig\u00e9nyelt\u00e9k. A fellebbez\u00e9si tan\u00e1cs \u00fagy d\u00f6nt\u00f6tt, hogy az els\u0151bbs\u00e9gi bejelent\u00e9sb\u0151l nem der\u00fclt ki, hogy vannak olyan faktorok, amelyek g\u00e1tl\u00e1sa nem val\u00f3s\u00edtja meg a tal\u00e1lm\u00e1nyt (s\u0151t, kifejezetten ker\u00fclend\u0151 a g\u00e1tl\u00e1suk), ennek megfelel\u0151en term\u00e9szetesen az sem, hogy melyek azok a faktorok, amik viszont megoldj\u00e1k a megoldand\u00f3 m\u0171szaki probl\u00e9m\u00e1t.<\/p>\n<p style=\"text-align: justify\">Ez \u00f6nmag\u00e1ban m\u00e9g nem \u00f6lte volna meg a szabadalmat, azonban az els\u0151bbs\u00e9gi bejelent\u00e9ssel csaknem megegyez\u0151 tartalm\u00fa szakcikk (a feltal\u00e1l\u00f3k saj\u00e1t cikke) megjelen\u00e9se az els\u0151bbs\u00e9get ig\u00e9nyl\u0151 bejelent\u00e9s beny\u00fajt\u00e1sa el\u0151tt igen: a cikkben ugyanis szerepeltek olyan p\u00e9ld\u00e1k, amikben \u00e9ppen a j\u00f3, a k\u00e9s\u0151bbi bejelent\u00e9sben is ig\u00e9nyelt faktorokat vizsg\u00e1lt\u00e1k. Ezek a p\u00e9ld\u00e1k \u00fajdons\u00e1gront\u00f3k voltak a k\u00e9s\u0151bb beny\u00fajtott bejelent\u00e9sben megfogalmazott \u00e1ltal\u00e1nosabb (de az els\u0151bbs\u00e9gi bejelent\u00e9s ig\u00e9nypontj\u00e1n\u00e1l specifikusabb), nem csup\u00e1n a p\u00e9ld\u00e1kban szerepl\u0151 faktorok g\u00e1tl\u00e1s\u00e1t ig\u00e9nyl\u0151 ig\u00e9nypontra.<\/p>\n<p style=\"text-align: justify\">Az \u00fcgy nem csak az\u00e9rt tanuls\u00e1gos, mert az \u00e9lettudom\u00e1nyok jellemz\u0151 kutat\u00e1si menet\u00e9t t\u00fckr\u00f6zi: egy tudom\u00e1nyosan megalapozott, k\u00eds\u00e9rletekkel is al\u00e1t\u00e1masztott felismer\u00e9st tov\u00e1bb vizsg\u00e1lva jutunk el a pontos mechanizmushoz, hanem az\u00e9rt is, mert az els\u0151bbs\u00e9gi iratban is szerepeltek azok a p\u00e9ld\u00e1k, amik a cikkben nyilv\u00e1noss\u00e1gra jutva \u00fajdons\u00e1gront\u00f3k lettek a k\u00e9s\u0151bb beny\u00fajtott bejelent\u00e9s ig\u00e9nypontj\u00e1ra, azt azonban m\u00e9g nem ismert\u00e9k fel, hogy mi\u00e9rt \u00e9ppen azok a j\u00f3 faktorok (\u00e9s azt sem, hogy a csal\u00e1dnak sz\u00e1mos \u201erossz\u201d tagja is van). Az oltalmi k\u00f6r ebben az esetben sz\u0171k\u00edthet\u0151 a m\u0171k\u00f6d\u0151 p\u00e9ld\u00e1kra, azonban a p\u00e9ld\u00e1k biztos\u00edtotta diszkr\u00e9t s\u00e1torrudakra nem fesz\u00edthet\u0151 ki a szabadalom ponyv\u00e1ja.<\/p>\n<p style=\"text-align: justify\">V) <u>T 1190\/03<\/u> (Orphan receptor\/KARO BIO, az ESZH m\u0171szaki fellebbez\u00e9si tan\u00e1cs\u00e1nak d\u00f6nt\u00e9se, EP0792292 sz\u00e1m\u00fa szabadalom)<\/p>\n<p style=\"text-align: justify\">A v\u00e9gleges bejelent\u00e9s 4 (kidolgozott) bejelent\u00e9s els\u0151bbs\u00e9g\u00e9t ig\u00e9nyelte, vagyis a bejelent\u0151 igyekezett a fejleszt\u00e9s minden \u00faj f\u00e1zis\u00e1ban megsz\u00fcletett eredm\u00e9ny\u00e9t oltalmazni. A v\u00e9gleges bejelent\u00e9sben egy emberi \u00e9s egy eg\u00e9r receptor szekvenci\u00e1j\u00e1t ig\u00e9nyelt\u00e9k. Az els\u0151 els\u0151bbs\u00e9gi dokumentumban azonban egy elt\u00e9r\u0151 szekvenci\u00e1j\u00fa emberi receptort \u00e9s egy patk\u00e1ny receptort ismertettek (\u00e9s term\u00e9szetesen azt is, hogy hogyan lehet ezeket alkalmazni). Az els\u0151 \u00e9s a m\u00e1sodik els\u0151bbs\u00e9gi bejelent\u00e9s bejelent\u00e9si napja k\u00f6z\u00f6tt a kutat\u00f3k tudom\u00e1nyos szakcikkben publik\u00e1lt\u00e1k az addigi eredm\u00e9nyeiket. A v\u00e9gleges bejelent\u00e9st a tan\u00e1cs d\u00f6nt\u00e9se szerint nem illette meg \u00a0az els\u0151 els\u0151bbs\u00e9gi bejelent\u00e9s els\u0151bbs\u00e9ge (hiszen nem volt azonos az emberi receptorok szekvenci\u00e1ja, eg\u00e9r receptort pedig nem ismertetett az els\u0151bbs\u00e9gi bejelent\u00e9s). Mivel a szakcikkben az els\u0151bbs\u00e9gi bejelent\u00e9sben szerepl\u0151 eredm\u00e9nyek (\u00e9s m\u00f3dszerek) szerepeltek, az nem rontotta a v\u00e9gleges bejelent\u00e9sben le\u00edrtak \u00fajdons\u00e1g\u00e1t, a feltal\u00e1l\u00f3i tev\u00e9kenys\u00e9get azonban igen, mivel nyilv\u00e1nval\u00f3v\u00e1 tette, hogy hogyan lehet megtal\u00e1lni \u00e9s alkalmazni a receptorokat. Az igaz\u00e1n \u00e9rt\u00e9kes oltalmi k\u00f6rt sajnos nem az els\u0151 bejelent\u00e9sben ismertetett (korai) anyag jelentette.<\/p>\n<p style=\"text-align: justify\">VI) <u>T 0433\/05<\/u> (Fusion Peptide Inhibitors\/CONJUCHEM, az ESZH m\u0171szaki fellebbez\u00e9si tan\u00e1cs\u00e1nak d\u00f6nt\u00e9se, EP1179012 sz\u00e1m\u00fa szabadalom)<\/p>\n<p style=\"text-align: justify\">A szabadalom t\u00e1rgya antivir\u00e1lis peptid, amelynek megn\u00f6vekedett in vivo stabilit\u00e1s\u00e1t k\u00e9miai m\u00f3dos\u00edt\u00e1ssal n\u00f6velni lehet.<\/p>\n<p style=\"text-align: justify\">Az els\u0151 els\u0151bbs\u00e9gi irat (US provisional, ig\u00e9nypontok n\u00e9lk\u00fcl) egy kutat\u00e1s-fejleszt\u00e9si strat\u00e9gia, amiben azt fogalmazza meg a bejelent\u0151, hogy a stabilit\u00e1sn\u00f6veked\u00e9st eredm\u00e9nyez\u0151 k\u00e9miai m\u00f3dos\u00edt\u00e1st mindenf\u00e9le, gy\u00f3gy\u00e1szatban alkalmazhat\u00f3 peptidre ki fogja terjeszteni.<\/p>\n<p style=\"text-align: justify\">A m\u00e1sodik els\u0151bbs\u00e9gi bejelent\u00e9s (szint\u00e9n US provisional) k\u00e9t megn\u00f6vekedett in vivo stabilit\u00e1s\u00fa, HIV-1-et g\u00e1tl\u00f3 peptidet \u00edr le, amelyeket az els\u0151 els\u0151bbs\u00e9gi iratban ismertetett k\u00e9miai m\u00f3dos\u00edt\u00e1ssal \u00e1ll\u00edtottak el\u0151. A bejelent\u00e9sben nincsen olyan k\u00eds\u00e9rleti p\u00e9lda, amely al\u00e1t\u00e1masztan\u00e1, hogy a f\u00fazi\u00f3s peptidek val\u00f3ban m\u0171k\u00f6dnek.<\/p>\n<p style=\"text-align: justify\">A v\u00e9gleges bejelent\u00e9sben a HIV-1-et g\u00e1tl\u00f3 peptideken k\u00edv\u00fcl sz\u00e1mos antivir\u00e1lis peptidet ig\u00e9nyeltek, amelyeket az els\u0151bbs\u00e9gi bejelent\u00e9s(ek)ben le\u00edrt m\u00f3don \u00e1ll\u00edtottak el\u0151 (k\u00eds\u00e9rleti p\u00e9ld\u00e1kkal). A tal\u00e1lm\u00e1ny l\u00e9nyege teh\u00e1t nem a g\u00e1tl\u00f3 peptid maga (azok kor\u00e1bban ismertek voltak), hanem a nagyobb stabilit\u00e1s\u00fa peptid, amelyet egy bizonyos m\u00f3don kell m\u00f3dos\u00edtani.<\/p>\n<p style=\"text-align: justify\">Az els\u0151 els\u0151bbs\u00e9gi irat olyannyira nem tartalmaz konkr\u00e9t megold\u00e1sokat, hogy sem betegs\u00e9gek (amikben a peptidek alkalmazhat\u00f3k lenn\u00e9nek, pl. v\u00edrusfert\u0151z\u00e9s), sem konkr\u00e9t peptidek nem szerepelnek benne. Ennek megfelel\u0151en az irat nem alkalmas arra, hogy annak alapj\u00e1n a szakember a tal\u00e1lm\u00e1nyt megval\u00f3s\u00edtsa, nem tartalmaz al\u00e1t\u00e1maszt\u00e1st a v\u00e9gleges bejelent\u00e9s ig\u00e9nypontjai sz\u00e1m\u00e1ra \u00e9s nem vezethet\u0151 le bel\u0151le egy\u00e9rtelm\u0171en \u00e9s k\u00f6zvetlen\u00fcl a v\u00e9gleges bejelent\u00e9s ig\u00e9nypontja (amely m\u00f3dos\u00edtott <em>antivir\u00e1lis<\/em> peptid).<\/p>\n<p style=\"text-align: justify\">A m\u00e1sodik els\u0151bbs\u00e9gi irat alkalmas arra, hogy a szakember a benne ismertetett k\u00e9t, HIV-1 elleni peptidet el\u0151\u00e1ll\u00edtsa \u00e9s alkalmazza (b\u00e1r alkalmaz\u00e1si p\u00e9lda nem szerepel az iratban, de az alkalmaz\u00e1s a le\u00edrtak alapj\u00e1n plauzibilis). M\u00e1s antivir\u00e1lis peptidekre viszont nem \u00e9rv\u00e9nyes ez az els\u0151bbs\u00e9g sem.<\/p>\n<p style=\"text-align: justify\">A v\u00e9gleges bejelent\u00e9s sz\u00e1mos olyan m\u00f3dos\u00edtott peptidet ig\u00e9nyelt, amit ebben az iratban ismertettek el\u0151sz\u00f6r, \u00edgy ezek \u00fajak voltak, annak ellen\u00e9re, hogy az els\u0151bbs\u00e9g jog\u00e1t elvesz\u00edtett\u00e9k. Az els\u0151 els\u0151bbs\u00e9g \u00e9s a bejelent\u00e9s bejelent\u00e9si napja k\u00f6z\u00f6tt azonban nyilv\u00e1noss\u00e1gra hozt\u00e1k a szabadalmas saj\u00e1t szabadalmi bejelent\u00e9s\u00e9t, amelyben ismertette azt a k\u00e9miai m\u00f3dos\u00edt\u00e1st, amivel peptidek (a konkr\u00e9t bejelent\u00e9sben egy teljesen m\u00e1s betegs\u00e9gben alkalmazhat\u00f3, szerkezetileg is elt\u00e9r\u0151 peptid) in vivo stabilit\u00e1sa megn\u00f6velhet\u0151. Ennek alapj\u00e1n a feltal\u00e1l\u00f3i tev\u00e9kenys\u00e9g az igen t\u00e1gan meghat\u00e1rozott oltalmi k\u00f6r egy r\u00e9sz\u00e9n nem \u00e9rv\u00e9nyes\u00fclt, a szabadalmat korl\u00e1tozni kellett.<\/p>\n<p style=\"text-align: justify\">Ezek a p\u00e9ld\u00e1k azt t\u00e1masztj\u00e1k al\u00e1, hogy els\u0151bbs\u00e9get csak megfelel\u0151en r\u00e9szletes \u00e9s j\u00f3 ig\u00e9nypontokat tartalmaz\u00f3 bejelent\u00e9sre lehet alap\u00edtani, ez\u00e9rt m\u00e1r az els\u0151bbs\u00e9gi bejelent\u00e9sre is nagy figyelmet kell ford\u00edtani. Emellett, mert az els\u0151bbs\u00e9gi \u00e9ven bel\u00fcl a kutat\u00e1s-fejleszt\u00e9s eredm\u00e9nyeivel\u00a0 egy\u00fctt a v\u00e9delem \u00e9rdekei is m\u00f3dosulhatnak, az egyes f\u00e1zisokban tett tov\u00e1bbi bejelent\u00e9sekre is megfelel\u0151 gondoss\u00e1ggal kell \u00fcgyelni.<\/p>\n<p style=\"text-align: justify\">V\u00e9g\u00fcl \u00e9ppen az els\u0151bbs\u00e9gi irat (esetleges hi\u00e1nyos) tartalm\u00e1b\u00f3l ad\u00f3d\u00f3 kock\u00e1zat miatt az els\u0151bbs\u00e9gi \u00e9ven bel\u00fcli publik\u00e1ci\u00f3kkal fokozottan \u00f3vatosnak kell lenni.<\/p>\n<p style=\"text-align: justify\">Cikk\u00fcnk negyedik r\u00e9sz\u00e9ben az ig\u00e9nypontok szerep\u00e9re fogunk r\u00e9szletesen kit\u00e9rni az els\u0151bbs\u00e9g kapcs\u00e1n.<\/p>\n<p><a href=\"https:\/\/www.danubia.com\/hu\/munkatarsaink\/dr-kompagne-hajnalka\/\">DR. KOMPAGNE HAJNALKA<\/a><\/p>\n<p>eur\u00f3pai \u00e9s magyar szabadalmi \u00fcgyviv\u0151<br \/>\npartner<\/p>\n<p><img loading=\"lazy\" decoding=\"async\" class=\"alignnone wp-image-949 size-medium\" src=\"https:\/\/www.danubia.com\/wp-content\/uploads\/2019\/06\/dr.-Kompagne-Hajnalka-300x300.jpg\" alt=\"\" width=\"300\" height=\"300\" srcset=\"https:\/\/www.danubia.com\/wp-content\/uploads\/2019\/06\/dr.-Kompagne-Hajnalka-300x300.jpg 300w, https:\/\/www.danubia.com\/wp-content\/uploads\/2019\/06\/dr.-Kompagne-Hajnalka-150x150.jpg 150w, https:\/\/www.danubia.com\/wp-content\/uploads\/2019\/06\/dr.-Kompagne-Hajnalka.jpg 700w\" sizes=\"(max-width: 300px) 100vw, 300px\" \/><\/p>\n","protected":false},"excerpt":{"rendered":"<p>Bemutatunk n\u00e9h\u00e1ny p\u00e9ld\u00e1t, amik egy\u00e9rtelm\u0171v\u00e9 teszik azt, hogy nagyon k\u00f6nny\u0171 elrontani egy remek tal\u00e1lm\u00e1ny szabadalmazhat\u00f3s\u00e1g\u00e1t a nem kell\u0151 k\u00f6r\u00fcltekint\u00e9ssel elk\u00e9sz\u00edtett els\u0151bbs\u00e9gi irattal.<\/p>\n","protected":false},"author":1,"featured_media":8892,"comment_status":"closed","ping_status":"closed","sticky":false,"template":"","format":"standard","meta":{"_et_pb_use_builder":"","_et_pb_old_content":"","_et_gb_content_width":"","footnotes":""},"categories":[91],"tags":[],"class_list":["post-8891","post","type-post","status-publish","format-standard","has-post-thumbnail","hentry","category-szabadalom"],"yoast_head":"<!-- This site is optimized with the Yoast SEO plugin v27.3 - https:\/\/yoast.com\/product\/yoast-seo-wordpress\/ -->\n<title>Az els\u0151bbs\u00e9get nem lehet megunni, elrontani ann\u00e1l k\u00f6nnyebb 3. r\u00e9sz - Danubia<\/title>\n<meta name=\"description\" content=\"Bemutatunk n\u00e9h\u00e1ny p\u00e9ld\u00e1t, amik egy\u00e9rtelm\u0171v\u00e9 teszik azt, hogy nagyon k\u00f6nny\u0171 elrontani egy remek tal\u00e1lm\u00e1ny szabadalmazhat\u00f3s\u00e1g\u00e1t a nem kell\u0151 k\u00f6r\u00fcltekint\u00e9ssel elk\u00e9sz\u00edtett els\u0151bbs\u00e9gi irattal.\" \/>\n<meta name=\"robots\" content=\"index, follow, max-snippet:-1, max-image-preview:large, max-video-preview:-1\" \/>\n<link rel=\"canonical\" href=\"https:\/\/www.danubia.com\/hu\/szabadalom\/az-elsobbseget-nem-lehet-megunni-elrontani-annal-konnyebb-3-resz\/\" \/>\n<meta property=\"og:locale\" content=\"hu_HU\" \/>\n<meta property=\"og:type\" content=\"article\" \/>\n<meta property=\"og:title\" content=\"Az els\u0151bbs\u00e9get nem lehet megunni, elrontani ann\u00e1l k\u00f6nnyebb 3. r\u00e9sz - Danubia\" \/>\n<meta property=\"og:description\" content=\"Bemutatunk n\u00e9h\u00e1ny p\u00e9ld\u00e1t, amik egy\u00e9rtelm\u0171v\u00e9 teszik azt, hogy nagyon k\u00f6nny\u0171 elrontani egy remek tal\u00e1lm\u00e1ny szabadalmazhat\u00f3s\u00e1g\u00e1t a nem kell\u0151 k\u00f6r\u00fcltekint\u00e9ssel elk\u00e9sz\u00edtett els\u0151bbs\u00e9gi irattal.\" \/>\n<meta property=\"og:url\" content=\"https:\/\/www.danubia.com\/hu\/szabadalom\/az-elsobbseget-nem-lehet-megunni-elrontani-annal-konnyebb-3-resz\/\" \/>\n<meta property=\"og:site_name\" content=\"Danubia\" \/>\n<meta property=\"article:published_time\" content=\"2021-11-10T07:28:58+00:00\" \/>\n<meta property=\"og:image\" content=\"https:\/\/www.danubia.com\/wp-content\/uploads\/2021\/11\/idea-g3792935a6_1280.jpg\" \/>\n\t<meta property=\"og:image:width\" content=\"1280\" \/>\n\t<meta property=\"og:image:height\" content=\"768\" \/>\n\t<meta property=\"og:image:type\" content=\"image\/jpeg\" \/>\n<meta name=\"author\" content=\"Danubia Szabadalmi \u00e9s Jogi Iroda\" \/>\n<meta name=\"twitter:card\" content=\"summary_large_image\" \/>\n<meta name=\"twitter:label1\" content=\"Szerz\u0151:\" \/>\n\t<meta name=\"twitter:data1\" content=\"Danubia Szabadalmi \u00e9s Jogi Iroda\" \/>\n\t<meta name=\"twitter:label2\" content=\"Becs\u00fclt olvas\u00e1si id\u0151\" \/>\n\t<meta name=\"twitter:data2\" content=\"9 perc\" \/>\n<script type=\"application\/ld+json\" class=\"yoast-schema-graph\">{\"@context\":\"https:\\\/\\\/schema.org\",\"@graph\":[{\"@type\":\"Article\",\"@id\":\"https:\\\/\\\/www.danubia.com\\\/hu\\\/szabadalom\\\/az-elsobbseget-nem-lehet-megunni-elrontani-annal-konnyebb-3-resz\\\/#article\",\"isPartOf\":{\"@id\":\"https:\\\/\\\/www.danubia.com\\\/hu\\\/szabadalom\\\/az-elsobbseget-nem-lehet-megunni-elrontani-annal-konnyebb-3-resz\\\/\"},\"author\":{\"name\":\"Danubia Szabadalmi \u00e9s Jogi Iroda\",\"@id\":\"https:\\\/\\\/www.danubia.com\\\/#\\\/schema\\\/person\\\/c3a081c566cce5d38b32c31f3bf569b8\"},\"headline\":\"Az els\u0151bbs\u00e9get nem lehet megunni, elrontani ann\u00e1l k\u00f6nnyebb 3. r\u00e9sz\",\"datePublished\":\"2021-11-10T07:28:58+00:00\",\"mainEntityOfPage\":{\"@id\":\"https:\\\/\\\/www.danubia.com\\\/hu\\\/szabadalom\\\/az-elsobbseget-nem-lehet-megunni-elrontani-annal-konnyebb-3-resz\\\/\"},\"wordCount\":2920,\"image\":{\"@id\":\"https:\\\/\\\/www.danubia.com\\\/hu\\\/szabadalom\\\/az-elsobbseget-nem-lehet-megunni-elrontani-annal-konnyebb-3-resz\\\/#primaryimage\"},\"thumbnailUrl\":\"https:\\\/\\\/www.danubia.com\\\/wp-content\\\/uploads\\\/2021\\\/11\\\/idea-g3792935a6_1280.jpg\",\"articleSection\":[\"Szabadalom\"],\"inLanguage\":\"hu\"},{\"@type\":\"WebPage\",\"@id\":\"https:\\\/\\\/www.danubia.com\\\/hu\\\/szabadalom\\\/az-elsobbseget-nem-lehet-megunni-elrontani-annal-konnyebb-3-resz\\\/\",\"url\":\"https:\\\/\\\/www.danubia.com\\\/hu\\\/szabadalom\\\/az-elsobbseget-nem-lehet-megunni-elrontani-annal-konnyebb-3-resz\\\/\",\"name\":\"Az els\u0151bbs\u00e9get nem lehet megunni, elrontani ann\u00e1l k\u00f6nnyebb 3. r\u00e9sz - Danubia\",\"isPartOf\":{\"@id\":\"https:\\\/\\\/www.danubia.com\\\/#website\"},\"primaryImageOfPage\":{\"@id\":\"https:\\\/\\\/www.danubia.com\\\/hu\\\/szabadalom\\\/az-elsobbseget-nem-lehet-megunni-elrontani-annal-konnyebb-3-resz\\\/#primaryimage\"},\"image\":{\"@id\":\"https:\\\/\\\/www.danubia.com\\\/hu\\\/szabadalom\\\/az-elsobbseget-nem-lehet-megunni-elrontani-annal-konnyebb-3-resz\\\/#primaryimage\"},\"thumbnailUrl\":\"https:\\\/\\\/www.danubia.com\\\/wp-content\\\/uploads\\\/2021\\\/11\\\/idea-g3792935a6_1280.jpg\",\"datePublished\":\"2021-11-10T07:28:58+00:00\",\"author\":{\"@id\":\"https:\\\/\\\/www.danubia.com\\\/#\\\/schema\\\/person\\\/c3a081c566cce5d38b32c31f3bf569b8\"},\"description\":\"Bemutatunk n\u00e9h\u00e1ny p\u00e9ld\u00e1t, amik egy\u00e9rtelm\u0171v\u00e9 teszik azt, hogy nagyon k\u00f6nny\u0171 elrontani egy remek tal\u00e1lm\u00e1ny szabadalmazhat\u00f3s\u00e1g\u00e1t a nem kell\u0151 k\u00f6r\u00fcltekint\u00e9ssel elk\u00e9sz\u00edtett els\u0151bbs\u00e9gi irattal.\",\"breadcrumb\":{\"@id\":\"https:\\\/\\\/www.danubia.com\\\/hu\\\/szabadalom\\\/az-elsobbseget-nem-lehet-megunni-elrontani-annal-konnyebb-3-resz\\\/#breadcrumb\"},\"inLanguage\":\"hu\",\"potentialAction\":[{\"@type\":\"ReadAction\",\"target\":[\"https:\\\/\\\/www.danubia.com\\\/hu\\\/szabadalom\\\/az-elsobbseget-nem-lehet-megunni-elrontani-annal-konnyebb-3-resz\\\/\"]}]},{\"@type\":\"ImageObject\",\"inLanguage\":\"hu\",\"@id\":\"https:\\\/\\\/www.danubia.com\\\/hu\\\/szabadalom\\\/az-elsobbseget-nem-lehet-megunni-elrontani-annal-konnyebb-3-resz\\\/#primaryimage\",\"url\":\"https:\\\/\\\/www.danubia.com\\\/wp-content\\\/uploads\\\/2021\\\/11\\\/idea-g3792935a6_1280.jpg\",\"contentUrl\":\"https:\\\/\\\/www.danubia.com\\\/wp-content\\\/uploads\\\/2021\\\/11\\\/idea-g3792935a6_1280.jpg\",\"width\":1280,\"height\":768},{\"@type\":\"BreadcrumbList\",\"@id\":\"https:\\\/\\\/www.danubia.com\\\/hu\\\/szabadalom\\\/az-elsobbseget-nem-lehet-megunni-elrontani-annal-konnyebb-3-resz\\\/#breadcrumb\",\"itemListElement\":[{\"@type\":\"ListItem\",\"position\":1,\"name\":\"Home\",\"item\":\"https:\\\/\\\/www.danubia.com\\\/hu\\\/\"},{\"@type\":\"ListItem\",\"position\":2,\"name\":\"Az els\u0151bbs\u00e9get nem lehet megunni, elrontani ann\u00e1l k\u00f6nnyebb 3. r\u00e9sz\"}]},{\"@type\":\"WebSite\",\"@id\":\"https:\\\/\\\/www.danubia.com\\\/#website\",\"url\":\"https:\\\/\\\/www.danubia.com\\\/\",\"name\":\"Danubia\",\"description\":\"\",\"potentialAction\":[{\"@type\":\"SearchAction\",\"target\":{\"@type\":\"EntryPoint\",\"urlTemplate\":\"https:\\\/\\\/www.danubia.com\\\/?s={search_term_string}\"},\"query-input\":{\"@type\":\"PropertyValueSpecification\",\"valueRequired\":true,\"valueName\":\"search_term_string\"}}],\"inLanguage\":\"hu\"},{\"@type\":\"Person\",\"@id\":\"https:\\\/\\\/www.danubia.com\\\/#\\\/schema\\\/person\\\/c3a081c566cce5d38b32c31f3bf569b8\",\"name\":\"Danubia Szabadalmi \u00e9s Jogi Iroda\",\"image\":{\"@type\":\"ImageObject\",\"inLanguage\":\"hu\",\"@id\":\"https:\\\/\\\/secure.gravatar.com\\\/avatar\\\/347a905c0860aaf34650db19625beeb4cfc4347b5df0d66ef80381817b31b53c?s=96&r=g\",\"url\":\"https:\\\/\\\/secure.gravatar.com\\\/avatar\\\/347a905c0860aaf34650db19625beeb4cfc4347b5df0d66ef80381817b31b53c?s=96&r=g\",\"contentUrl\":\"https:\\\/\\\/secure.gravatar.com\\\/avatar\\\/347a905c0860aaf34650db19625beeb4cfc4347b5df0d66ef80381817b31b53c?s=96&r=g\",\"caption\":\"Danubia Szabadalmi \u00e9s Jogi Iroda\"}}]}<\/script>\n<!-- \/ Yoast SEO plugin. -->","yoast_head_json":{"title":"Az els\u0151bbs\u00e9get nem lehet megunni, elrontani ann\u00e1l k\u00f6nnyebb 3. r\u00e9sz - Danubia","description":"Bemutatunk n\u00e9h\u00e1ny p\u00e9ld\u00e1t, amik egy\u00e9rtelm\u0171v\u00e9 teszik azt, hogy nagyon k\u00f6nny\u0171 elrontani egy remek tal\u00e1lm\u00e1ny szabadalmazhat\u00f3s\u00e1g\u00e1t a nem kell\u0151 k\u00f6r\u00fcltekint\u00e9ssel elk\u00e9sz\u00edtett els\u0151bbs\u00e9gi irattal.","robots":{"index":"index","follow":"follow","max-snippet":"max-snippet:-1","max-image-preview":"max-image-preview:large","max-video-preview":"max-video-preview:-1"},"canonical":"https:\/\/www.danubia.com\/hu\/szabadalom\/az-elsobbseget-nem-lehet-megunni-elrontani-annal-konnyebb-3-resz\/","og_locale":"hu_HU","og_type":"article","og_title":"Az els\u0151bbs\u00e9get nem lehet megunni, elrontani ann\u00e1l k\u00f6nnyebb 3. r\u00e9sz - Danubia","og_description":"Bemutatunk n\u00e9h\u00e1ny p\u00e9ld\u00e1t, amik egy\u00e9rtelm\u0171v\u00e9 teszik azt, hogy nagyon k\u00f6nny\u0171 elrontani egy remek tal\u00e1lm\u00e1ny szabadalmazhat\u00f3s\u00e1g\u00e1t a nem kell\u0151 k\u00f6r\u00fcltekint\u00e9ssel elk\u00e9sz\u00edtett els\u0151bbs\u00e9gi irattal.","og_url":"https:\/\/www.danubia.com\/hu\/szabadalom\/az-elsobbseget-nem-lehet-megunni-elrontani-annal-konnyebb-3-resz\/","og_site_name":"Danubia","article_published_time":"2021-11-10T07:28:58+00:00","og_image":[{"width":1280,"height":768,"url":"https:\/\/www.danubia.com\/wp-content\/uploads\/2021\/11\/idea-g3792935a6_1280.jpg","type":"image\/jpeg"}],"author":"Danubia Szabadalmi \u00e9s Jogi Iroda","twitter_card":"summary_large_image","twitter_misc":{"Szerz\u0151:":"Danubia Szabadalmi \u00e9s Jogi Iroda","Becs\u00fclt olvas\u00e1si id\u0151":"9 perc"},"schema":{"@context":"https:\/\/schema.org","@graph":[{"@type":"Article","@id":"https:\/\/www.danubia.com\/hu\/szabadalom\/az-elsobbseget-nem-lehet-megunni-elrontani-annal-konnyebb-3-resz\/#article","isPartOf":{"@id":"https:\/\/www.danubia.com\/hu\/szabadalom\/az-elsobbseget-nem-lehet-megunni-elrontani-annal-konnyebb-3-resz\/"},"author":{"name":"Danubia Szabadalmi \u00e9s Jogi Iroda","@id":"https:\/\/www.danubia.com\/#\/schema\/person\/c3a081c566cce5d38b32c31f3bf569b8"},"headline":"Az els\u0151bbs\u00e9get nem lehet megunni, elrontani ann\u00e1l k\u00f6nnyebb 3. r\u00e9sz","datePublished":"2021-11-10T07:28:58+00:00","mainEntityOfPage":{"@id":"https:\/\/www.danubia.com\/hu\/szabadalom\/az-elsobbseget-nem-lehet-megunni-elrontani-annal-konnyebb-3-resz\/"},"wordCount":2920,"image":{"@id":"https:\/\/www.danubia.com\/hu\/szabadalom\/az-elsobbseget-nem-lehet-megunni-elrontani-annal-konnyebb-3-resz\/#primaryimage"},"thumbnailUrl":"https:\/\/www.danubia.com\/wp-content\/uploads\/2021\/11\/idea-g3792935a6_1280.jpg","articleSection":["Szabadalom"],"inLanguage":"hu"},{"@type":"WebPage","@id":"https:\/\/www.danubia.com\/hu\/szabadalom\/az-elsobbseget-nem-lehet-megunni-elrontani-annal-konnyebb-3-resz\/","url":"https:\/\/www.danubia.com\/hu\/szabadalom\/az-elsobbseget-nem-lehet-megunni-elrontani-annal-konnyebb-3-resz\/","name":"Az els\u0151bbs\u00e9get nem lehet megunni, elrontani ann\u00e1l k\u00f6nnyebb 3. r\u00e9sz - Danubia","isPartOf":{"@id":"https:\/\/www.danubia.com\/#website"},"primaryImageOfPage":{"@id":"https:\/\/www.danubia.com\/hu\/szabadalom\/az-elsobbseget-nem-lehet-megunni-elrontani-annal-konnyebb-3-resz\/#primaryimage"},"image":{"@id":"https:\/\/www.danubia.com\/hu\/szabadalom\/az-elsobbseget-nem-lehet-megunni-elrontani-annal-konnyebb-3-resz\/#primaryimage"},"thumbnailUrl":"https:\/\/www.danubia.com\/wp-content\/uploads\/2021\/11\/idea-g3792935a6_1280.jpg","datePublished":"2021-11-10T07:28:58+00:00","author":{"@id":"https:\/\/www.danubia.com\/#\/schema\/person\/c3a081c566cce5d38b32c31f3bf569b8"},"description":"Bemutatunk n\u00e9h\u00e1ny p\u00e9ld\u00e1t, amik egy\u00e9rtelm\u0171v\u00e9 teszik azt, hogy nagyon k\u00f6nny\u0171 elrontani egy remek tal\u00e1lm\u00e1ny szabadalmazhat\u00f3s\u00e1g\u00e1t a nem kell\u0151 k\u00f6r\u00fcltekint\u00e9ssel elk\u00e9sz\u00edtett els\u0151bbs\u00e9gi irattal.","breadcrumb":{"@id":"https:\/\/www.danubia.com\/hu\/szabadalom\/az-elsobbseget-nem-lehet-megunni-elrontani-annal-konnyebb-3-resz\/#breadcrumb"},"inLanguage":"hu","potentialAction":[{"@type":"ReadAction","target":["https:\/\/www.danubia.com\/hu\/szabadalom\/az-elsobbseget-nem-lehet-megunni-elrontani-annal-konnyebb-3-resz\/"]}]},{"@type":"ImageObject","inLanguage":"hu","@id":"https:\/\/www.danubia.com\/hu\/szabadalom\/az-elsobbseget-nem-lehet-megunni-elrontani-annal-konnyebb-3-resz\/#primaryimage","url":"https:\/\/www.danubia.com\/wp-content\/uploads\/2021\/11\/idea-g3792935a6_1280.jpg","contentUrl":"https:\/\/www.danubia.com\/wp-content\/uploads\/2021\/11\/idea-g3792935a6_1280.jpg","width":1280,"height":768},{"@type":"BreadcrumbList","@id":"https:\/\/www.danubia.com\/hu\/szabadalom\/az-elsobbseget-nem-lehet-megunni-elrontani-annal-konnyebb-3-resz\/#breadcrumb","itemListElement":[{"@type":"ListItem","position":1,"name":"Home","item":"https:\/\/www.danubia.com\/hu\/"},{"@type":"ListItem","position":2,"name":"Az els\u0151bbs\u00e9get nem lehet megunni, elrontani ann\u00e1l k\u00f6nnyebb 3. r\u00e9sz"}]},{"@type":"WebSite","@id":"https:\/\/www.danubia.com\/#website","url":"https:\/\/www.danubia.com\/","name":"Danubia","description":"","potentialAction":[{"@type":"SearchAction","target":{"@type":"EntryPoint","urlTemplate":"https:\/\/www.danubia.com\/?s={search_term_string}"},"query-input":{"@type":"PropertyValueSpecification","valueRequired":true,"valueName":"search_term_string"}}],"inLanguage":"hu"},{"@type":"Person","@id":"https:\/\/www.danubia.com\/#\/schema\/person\/c3a081c566cce5d38b32c31f3bf569b8","name":"Danubia Szabadalmi \u00e9s Jogi Iroda","image":{"@type":"ImageObject","inLanguage":"hu","@id":"https:\/\/secure.gravatar.com\/avatar\/347a905c0860aaf34650db19625beeb4cfc4347b5df0d66ef80381817b31b53c?s=96&r=g","url":"https:\/\/secure.gravatar.com\/avatar\/347a905c0860aaf34650db19625beeb4cfc4347b5df0d66ef80381817b31b53c?s=96&r=g","contentUrl":"https:\/\/secure.gravatar.com\/avatar\/347a905c0860aaf34650db19625beeb4cfc4347b5df0d66ef80381817b31b53c?s=96&r=g","caption":"Danubia Szabadalmi \u00e9s Jogi Iroda"}}]}},"_links":{"self":[{"href":"https:\/\/www.danubia.com\/hu\/wp-json\/wp\/v2\/posts\/8891","targetHints":{"allow":["GET"]}}],"collection":[{"href":"https:\/\/www.danubia.com\/hu\/wp-json\/wp\/v2\/posts"}],"about":[{"href":"https:\/\/www.danubia.com\/hu\/wp-json\/wp\/v2\/types\/post"}],"author":[{"embeddable":true,"href":"https:\/\/www.danubia.com\/hu\/wp-json\/wp\/v2\/users\/1"}],"replies":[{"embeddable":true,"href":"https:\/\/www.danubia.com\/hu\/wp-json\/wp\/v2\/comments?post=8891"}],"version-history":[{"count":1,"href":"https:\/\/www.danubia.com\/hu\/wp-json\/wp\/v2\/posts\/8891\/revisions"}],"predecessor-version":[{"id":8894,"href":"https:\/\/www.danubia.com\/hu\/wp-json\/wp\/v2\/posts\/8891\/revisions\/8894"}],"wp:featuredmedia":[{"embeddable":true,"href":"https:\/\/www.danubia.com\/hu\/wp-json\/wp\/v2\/media\/8892"}],"wp:attachment":[{"href":"https:\/\/www.danubia.com\/hu\/wp-json\/wp\/v2\/media?parent=8891"}],"wp:term":[{"taxonomy":"category","embeddable":true,"href":"https:\/\/www.danubia.com\/hu\/wp-json\/wp\/v2\/categories?post=8891"},{"taxonomy":"post_tag","embeddable":true,"href":"https:\/\/www.danubia.com\/hu\/wp-json\/wp\/v2\/tags?post=8891"}],"curies":[{"name":"wp","href":"https:\/\/api.w.org\/{rel}","templated":true}]}}