{"id":9404,"date":"2022-01-31T12:23:26","date_gmt":"2022-01-31T12:23:26","guid":{"rendered":"https:\/\/www.danubia.com\/?p=9404"},"modified":"2022-01-31T12:23:26","modified_gmt":"2022-01-31T12:23:26","slug":"kell-e-vedeni-egy-szellemi-alkotast-es-ha-igen-hogyan","status":"publish","type":"post","link":"https:\/\/www.danubia.com\/hu\/szabadalom\/kell-e-vedeni-egy-szellemi-alkotast-es-ha-igen-hogyan\/","title":{"rendered":"Kell-e v\u00e9deni egy szellemi alkot\u00e1st, \u00e9s ha igen, hogyan?"},"content":{"rendered":"<p style=\"text-align: justify\"><u><a href=\"https:\/\/www.danubia.com\/hu\/mit-lehet-levedetni-es-mit-nem\/\">Kor\u00e1bban megismerhett\u00fck<\/a><\/u>, hogy milyen lehet\u0151s\u00e9geink vannak szellemi alkot\u00e1saink v\u00e9delm\u00e9vel kapcsolatban. L\u00e9teznek regisztrat\u00edv (azaz k\u00fcl\u00f6n bejelent\u00e9st ig\u00e9nyl\u0151) oltalmak (szabadalom, haszn\u00e1latiminta-oltalom, r\u00e9szben a v\u00e9djegyek \u00e9s formatervez\u00e9siminta-oltalmak \u2013 k\u00f6zkelet\u0171bb nev\u00e9n a diz\u00e1jn), valamint a v\u00e9delem l\u00e9trej\u00f6tt\u00e9hez adminisztrat\u00edv jogot keletkeztet\u0151 l\u00e9p\u00e9st (teh\u00e1t k\u00fcl\u00f6n bejelent\u00e9st) nem ig\u00e9nyl\u0151 form\u00e1ban is kezelhetj\u00fck szellemi vagyont\u00e1rgyaink bizonyos k\u00f6r\u00e9t (mint a titokban tart\u00e1s \u2013 azaz \u00fczleti titokk\u00e9nt, vagy know-how form\u00e1j\u00e1ban t\u00f6rt\u00e9n\u0151 kezel\u00e9s -, a szerz\u0151i jog, tov\u00e1bb\u00e1 a regisztr\u00e1ci\u00f3n \u00e1t nem esett \u00fczleti megjel\u00f6l\u00e9sek &#8211; trade names &#8211; \u00e9s form\u00e1k k\u00f6re).<\/p>\n<p style=\"text-align: justify\"><u><a href=\"https:\/\/www.danubia.com\/hu\/szabadalom\/muszaki-talalmanyok-oltalmi-lehetosegei\/\">Azt is l\u00e1thattuk<\/a><\/u>, hogy m\u0171szaki vonatkoz\u00e1s\u00fa fejleszt\u00e9sek eredm\u00e9nyei alapvet\u0151en hasonl\u00f3k\u00e9pp v\u00e9dhet\u0151k szabadalommal vagy haszn\u00e1latiminta-oltalom seg\u00edts\u00e9g\u00e9vel, vagy egyes esetekben tarthat\u00f3k know-how form\u00e1j\u00e1ban titokban, ez esetben m\u00e1sok eltilt\u00e1s\u00e1ra nincs lehet\u0151s\u00e9g, s\u0151t magunk is eshet\u00fcnk m\u00e1sok csapd\u00e1j\u00e1ba.<\/p>\n<p style=\"text-align: justify\">\u00c1ttekintett\u00fck, hogy \u00e1ltal\u00e1nos szempontb\u00f3l milyen el\u0151nyeik \u00e9s h\u00e1tr\u00e1nyaik vannak ezen oltalmi\/v\u00e9delmi lehet\u0151s\u00e9geknek egym\u00e1shoz viszony\u00edtva. Ugyanakkor nem besz\u00e9lt\u00fcnk m\u00e9g a v\u00e9delmi strat\u00e9gi\u00e1t ugyancsak \u00e9rdemben meghat\u00e1rozni, de legal\u00e1bbis befoly\u00e1solni k\u00e9pes ipar\u00e1gi jellemz\u0151kr\u0151l. Erre ker\u00edt\u00fcnk sort most, az oltalmi lehet\u0151s\u00e9gek vizsg\u00e1lataival foglalkoz\u00f3 cikksorozatunk utols\u00f3 r\u00e9szek\u00e9nt.<\/p>\n<p style=\"text-align: justify\">Alapvet\u0151en az ipar\u00e1gra jellemz\u0151 szempontokat 6 f\u0151bb, \u00e1m egym\u00e1ssal is szoros k\u00f6lcs\u00f6nhat\u00e1sban \u00e1ll\u00f3 kateg\u00f3ri\u00e1ba sorolhatjuk, melyek a szellemi alkot\u00e1sok v\u00e9delmi k\u00e9rd\u00e9seit meghat\u00e1roz\u00f3 m\u00f3don befoly\u00e1solhatj\u00e1k. Ezek sorra v\u00e9tel\u00e9t k\u00f6vet\u0151en v\u00e9g\u00fcl ezen aspektusokra n\u00e9z\u00fcnk r\u00e1 h\u00e1rom k\u00fcl\u00f6nb\u00f6z\u0151 ipar\u00e1g szempontj\u00e1b\u00f3l, m\u00e9gpedig a gy\u00f3gyszeripar, a j\u00e1rm\u0171ipar \u00e9s a telekommunik\u00e1ci\u00f3s ipar\u00e1gak jellemz\u0151it figyelembe v\u00e9ve.<\/p>\n<p style=\"text-align: justify\">A vizsg\u00e1latunk t\u00e1rgy\u00e1t k\u00e9pez\u0151 f\u0151 jellemz\u0151k pedig sorra az al\u00e1bbiak lesznek:<\/p>\n<ol style=\"text-align: justify\">\n<li><strong>Term\u00e9kt\u00edpus<\/strong>: mindh\u00e1rom ipar\u00e1gban a glob\u00e1lis piaci t\u00e9rh\u00f3d\u00edt\u00e1s, \u00e9s ennek eredm\u00e9nyk\u00e9nt a nagyipari, t\u00f6meggy\u00e1rt\u00e1s az el\u0151\u00e1ll\u00edt\u00e1s jellemz\u0151 v\u00e1lfaja. \u00cdgy ebben a tekintetben a h\u00e1rom ipar\u00e1g nem sokban t\u00e9r el egym\u00e1st\u00f3l.<\/li>\n<li><strong>Ipar\u00e1g-specifikus tal\u00e1lm\u00e1nyi jelle<\/strong>g: Az ipar\u00e1gi tal\u00e1lm\u00e1nyok szabadalmazhat\u00f3s\u00e1g\u00e1nak k\u00e9rd\u00e9s\u00e9ben m\u00e1r elt\u00e9r\u00e9sek tapasztalhat\u00f3ak az egyes ter\u00fcletek k\u00f6z\u00f6tt. M\u00edg a gy\u00f3gyszeriparban a gy\u00f3gyszervegy\u00fcletek \u00e9s az el\u0151\u00e1ll\u00edt\u00e1sukra ir\u00e1nyul\u00f3 elj\u00e1r\u00e1sok, tov\u00e1bb\u00e1 az aut\u00f3ipari fejleszt\u00e9sek t\u00f6bbs\u00e9ge (motor \u00e9s hajt\u00e1stechnol\u00f3giai, anyagtudom\u00e1nyi, stb. invenci\u00f3k) szabadalomk\u00e9pes, a telekommunik\u00e1ci\u00f3s ter\u00fcleten a szabadalmi oltalom alkalmazhat\u00f3s\u00e1ga messze nem ilyen egy\u00e9rtelm\u0171, r\u00e9szben ak\u00e1r a specifikusan az ipar saj\u00e1toss\u00e1gaira kifejlesztett egyedi oltalmi forma, a f\u00e9lvezet\u0151k topogr\u00e1fiai oltalm\u00e1nak ig\u00e9nybevehet\u0151s\u00e9ge, m\u00e1sr\u00e9szt a jellemz\u0151en magasabb sz\u00e1moss\u00e1g\u00fa, \u00e1m egyenk\u00e9nt csak apr\u00f3bb innovat\u00edv l\u00e9p\u00e9st tartalmaz\u00f3 technol\u00f3gia-fejl\u0151d\u00e9si karakter g\u00e1tj\u00e1t jelentheti a szabadalmazhat\u00f3s\u00e1gnak. Ezek a ter\u00fcltek elt\u00e9rnek abban is, hogy a piacra jut\u00f3 v\u00e9gterm\u00e9kek alapj\u00e1n mag\u00e1t a megold\u00e1st mennyire lehet megismerni. A g\u00e9p\u00e9szti megold\u00e1sok azok, amelyek a legink\u00e1bb megismerhet\u0151k \u00e9s illet\u00e9ktelen\u00fcl lem\u00e1solhat\u00f3k.<\/li>\n<li><strong>Piacra jut\u00e1si id\u0151, \u00e9s a term\u00e9k \u00e9letciklus<\/strong>: A k\u00f6vetkez\u0151 k\u00e9t jellemz\u0151 az ipar\u00e1gi term\u00e9k piac\u00e1nak saj\u00e1toss\u00e1gaib\u00f3l fakad; ezek pedig a piacra jut\u00e1si id\u0151 (azaz hogy milyen hossz\u00fa a term\u00e9kfejleszt\u00e9si folyamat, melynek v\u00e9g\u00e9n a term\u00e9k el\u00e9ri a piacral\u00e9p\u00e9si \u00e9retts\u00e9get vagy a hat\u00f3s\u00e1gi enged\u00e9lyez\u00e9s id\u0151sz\u00fcks\u00e9glet\u00e9t), valamint a term\u00e9k \u00e9letciklusa (azaz hogy milyen gyorsan terjedhet el a term\u00e9k a piacon, futhatnak fel az \u00e9rt\u00e9kes\u00edt\u00e9si sz\u00e1mok, milyen id\u0151 alatt \u00e9s milyen tetemes piaci r\u00e9szesed\u00e9st k\u00e9pes el\u00e9rni, mennyi ideig k\u00e9pes piacon maradni, a peak-sales avagy cs\u00facsk\u00f6zeli \u00e9rt\u00e9kes\u00edt\u00e9si volument fenntartani). Ezen a t\u00e9ren \u00f3ri\u00e1si ipar\u00e1gi k\u00fcl\u00f6nbs\u00e9gek tapasztalhat\u00f3k. A gy\u00f3gyszergy\u00e1rak piacra jut\u00e1si ideje, nem elhanyagolhat\u00f3 szempontb\u00f3l, a gy\u00f3gyszermolekula jel\u00f6ltek (candidate) iszonyatos sz\u00e1m\u00fa szimul\u00e1ci\u00f3s k\u00eds\u00e9rleti majd val\u00f3s labortesztek, a klinikai vizsg\u00e1latok lefolytat\u00e1s\u00e1nak \u00e9s v\u00e9g\u00fcl a hat\u00f3s\u00e1gi enged\u00e9lyez\u00e9s id\u0151ig\u00e9nyess\u00e9g\u00e9re val\u00f3 tekintettel ak\u00e1r a f\u00e9l ember\u00f6lt\u0151t is meghaladhatj\u00e1k. Ugyanakkor a piacra bevezetett term\u00e9kek hossz\u00fa \u00e9vtizedeken \u00e1t \u0151rizhetik kiemelt poz\u00edci\u00f3jukat. Ezzel szemben a sz\u00f3rakoztat\u00f3elektronikai ipar, k\u00fcl\u00f6n\u00f6sen a f\u00e9lvezet\u0151k, nyomtatott \u00e1ramk\u00f6r\u00f6k ter\u00fcleteit is figyelembe v\u00e9ve nagyon r\u00f6vid a term\u00e9k rendelkez\u00e9s\u00e9re \u00e1ll\u00f3 piaci ablak, ami alatt m\u00e9g elavul\u00e1sa el\u0151tt profittermel\u0151 k\u00e9pess\u00e9ge fenn\u00e1ll, a gyors avul\u00e1s miatti jelent\u0151s technol\u00f3giai lecser\u00e9l\u0151d\u00e9si ar\u00e1ny pedig gyors piacra jut\u00e1si id\u0151t eredm\u00e9nyez \u00e9s tesz sz\u00fcks\u00e9gess\u00e9. Az aut\u00f3iparban a k\u00e9t sz\u00e9ls\u0151s\u00e9g k\u00f6z\u00f6tti mintegy f\u00e9l \u00e9vtizedes piacrajut\u00e1si id\u0151vel \u00e9s egy tov\u00e1bbi \u00e9vtizedes piaci jelenl\u00e9ttel sz\u00e1molhatunk.<\/li>\n<\/ol>\n<p style=\"text-align: justify\">Miut\u00e1n tudjuk, hogy a szabadalmakat t\u00f6bb \u00e9ves, bonyolultabb esetben \u00e9vtizedes id\u0151t\u00e1von m\u00e9rhet\u0151 megad\u00e1si elj\u00e1r\u00e1s sor\u00e1n lehet elnyerni, melyet m\u00e9g esetenk\u00e9nt hasonl\u00f3 hossz\u00fas\u00e1g\u00fa jogvit\u00e1k is k\u00f6vetnek, \u00edgy a gyors term\u00e9kfelfut\u00e1si jellemz\u0151kkel, term\u00e9kavul\u00e1ssal, \u00e9s r\u00f6vid piaci \u00e9letciklussal jellemzett ipar\u00e1gaknak nem kedveznek a szabadalmi oltalom jelleg\u00e9b\u0151l fakad\u00f3 hossz\u00fa \u00e1tfut\u00e1si id\u0151nek. Gy\u00f3gyszerterm\u00e9kek eset\u00e9ben ezzel szemben viszont nehezen, vagy egy\u00e1ltal\u00e1n nem k\u00e9pzelhet\u0151 el szabadalmi oltalom n\u00e9lk\u00fcli hasznos\u00edt\u00e1si opci\u00f3, mert a gene\u00adrikus gy\u00f3gyszergy\u00e1rak alig v\u00e1rj\u00e1k, hogy mikor l\u00e9phetnek piacra ugyanezzel a term\u00e9kkel, mert \u0151ket a jelent\u0151s fejleszt\u00e9si \u00e9s enged\u00e9lyez\u00e9si k\u00f6lts\u00e9gek nem terhelik. \u00a0\u00c9ppen a hossz\u00fa enged\u00e9lyez\u00e9si id\u0151re tekintettel vezett\u00e9k be az oltalmi id\u0151 legfeljebb 5 \u00e9vvel t\u00f6rt\u00e9n\u0151 meg\u00adhosszab\u00adb\u00edt\u00e1s\u00e1nak int\u00e9zm\u00e9ny\u00e9t (SPC)<\/p>\n<p style=\"text-align: justify\"><strong>M\u00e9rn\u00f6ki visszafejthet\u0151s\u00e9g<\/strong>: A k\u00f6vetkez\u0151 d\u00f6nt\u00e9sbefoly\u00e1sol\u00f3 faktor a m\u00e9rn\u00f6ki visszafejthet\u0151s\u00e9g k\u00e9rd\u00e9se. Amennyiben egy term\u00e9k, vagy annak el\u0151\u00e1ll\u00edt\u00e1s\u00e1nak m\u00f3dja a term\u00e9k tanulm\u00e1nyoz\u00e1s\u00e1val, a m\u00e9rn\u00f6ki visszafejt\u00e9s m\u00f3dszer\u00e9vel megismerhet\u0151v\u00e9 v\u00e1lik, \u00fagy a titoktart\u00e1s nem jelent kell\u0151 v\u00e9delmet, \u00edgy egyed\u00fcli opci\u00f3k\u00e9nt a regisztr\u00e1lt iparjogv\u00e9delmi oltalom (m\u0171szaki jelleg\u0171 tal\u00e1lm\u00e1nyok oltalm\u00e1ra a szabadalom, haszn\u00e1lati-minta, topogr\u00e1fiai oltalom) j\u00f6het csak sz\u00f3ba. Ugyanakkor, ha egy piacos\u00edtott term\u00e9k megv\u00e1s\u00e1rl\u00e1sa \u00e9s tanulm\u00e1nyoz\u00e1sa seg\u00edts\u00e9g\u00e9vel nem visszafejthet\u0151 vagy jelent\u0151s k\u00f6lts\u00e9gekkel j\u00e1r, akkor ide\u00e1lis lehet a know-how-k\u00e9nt val\u00f3 kezel\u00e9sre. Ez az oka annak, hogy sokszor a term\u00e9k maga szabadalmi oltalomban r\u00e9szes\u00fcl, hisz m\u00e9rn\u00f6ki visszafejt\u00e9s r\u00e9v\u00e9n m\u0171szakilag megismerhet\u0151, ugyanakkor a term\u00e9k gy\u00e1rt\u00e1si elj\u00e1r\u00e1sa, mely a term\u00e9k tanulm\u00e1nyoz\u00e1sa r\u00e9v\u00e9n nem v\u00e1lik nyilv\u00e1nval\u00f3v\u00e1, a z\u00e1rt gy\u00e1rter\u00fcleti \u00fczemtechnol\u00f3gia politik\u00e1ja \u00e9rtelm\u00e9ben hat\u00e9konyan titokban tarthat\u00f3. Ez a technol\u00f3gia know-how form\u00e1j\u00e1ban \u00f6lt testet, \u00e9s hossz\u00fat\u00e1von sikeresen meg\u0151rizhet\u0151 a v\u00e1llalat sz\u00e1m\u00e1ra \u00e9rt\u00e9kteremt\u0151 vagyont\u00e1rgyk\u00e9nt.<\/p>\n<p style=\"text-align: justify\">A fentieket \u00e9rv\u00e9nyes\u00edthetj\u00fck a h\u00e1rom vizsg\u00e1lt ipar\u00e1gra vonatkoz\u00f3an is. M\u00edg a gy\u00f3gyszergy\u00e1rak egy\u00e9rtelm\u0171en prefer\u00e1lj\u00e1k a term\u00e9kszabadalom + el\u0151\u00e1ll\u00edt\u00e1si elj\u00e1r\u00e1s menet\u00e9nek titokban tart\u00e1s\u00e1t illet\u0151leg ugyancsak szabadalmi oltalomban val\u00f3 r\u00e9szes\u00edt\u00e9s\u00e9t, az aut\u00f3gy\u00e1rak csak a meghat\u00e1roz\u00f3 \u00e9s v\u00e1rhat\u00f3an hossz\u00fa \u00e9lettartam\u00fa technol\u00f3giai-m\u0171szaki fejleszt\u00e9seiket v\u00e9dik szabadalmi oltalommal, melyek al\u00f3l az anyagtani kutat\u00e1sok eredm\u00e9nyek\u00e9nt el\u0151\u00e1ll\u00f3 gy\u00e1rt\u00e1si elj\u00e1r\u00e1sok egy\u00e9rtelm\u0171 kiv\u00e9telt k\u00e9peznek. A sz\u00f3rakoztat\u00f3 elektronikai iparban \u2013 t\u00f6bbek k\u00f6zt a piaci \u00e1tfut\u00e1s \u00e9s a hasznos \u00e9lettartam r\u00f6vids\u00e9g\u00e9re tekintettel \u2013 az \u201eels\u0151 piaci r\u00e9sztvev\u0151 mindent visz\u201d (First to market entrant\u201d elv az uralkod\u00f3), \u00e9s ezt n\u00e9mely esetben k\u00eds\u00e9ri, kieg\u00e9sz\u00edti a f\u00e9lvezet\u0151k topogr\u00e1fiai oltalma.<\/p>\n<ol style=\"text-align: justify\" start=\"4\">\n<li><strong>Szabv\u00e1nyok vs szabadalmak<\/strong>: A k\u00f6vetkez\u0151 szempont egy\u00fcttes azt vizsg\u00e1lja, hogy egy ipar\u00e1g sok esetben a szab\u00e1lyoz\u00e1s\u00e1ra el\u0151\u00edrt szabv\u00e1nyok el\u0151\u00edr\u00e1sait\u00f3l f\u00fcgg, avagy az infrastruktur\u00e1lis saj\u00e1ts\u00e1gok a meghat\u00e1roz\u00f3ak. \u00c9rtelemszer\u0171en a gy\u00f3gyszeripar eset\u00e9ben a szab\u00e1lyoz\u00e1si k\u00f6rnyezet a hat\u00f3s\u00e1gi enged\u00e9lyek \u00e9s nem a szabv\u00e1nyok r\u00e9v\u00e9n meghat\u00e1roz\u00f3, m\u00edg az aut\u00f3ipar ter\u00fclet\u00e9n \u00e9pp ellenkez\u0151leg, az alapvet\u0151 min\u0151s\u00e9g\u00fcgyi szabv\u00e1nyok mellett hihetetlen jelent\u0151s\u00e9ge van a technol\u00f3gia saj\u00e1toss\u00e1goknak, a technol\u00f3giai l\u00e1ncba val\u00f3 t\u00f6k\u00e9letes integr\u00e1lhat\u00f3s\u00e1gnak, illeszked\u00e9snek (hisz a besz\u00e1ll\u00edt\u00f3i megfeleltet\u00e9si rendszer \u00e9s bels\u0151 technol\u00f3giai szab\u00e1lyoz\u00e1sok mind ennek foganatos\u00edt\u00e1s\u00e1t c\u00e9lozz\u00e1k); ezzel szemben a telekommunik\u00e1ci\u00f3s, elektronikai iparban ism\u00e9telten a szabv\u00e1nyoknak van kiemelt jelent\u0151s\u00e9g\u00fck. Fentieknek k\u00e9t \u00fczenete is van az innovat\u00edv piaci szerepl\u0151k sz\u00e1mra:<\/li>\n<\/ol>\n<ul style=\"text-align: justify\">\n<li style=\"list-style-type: none\">\n<ul>\n<li>Egyes ipar\u00e1gakban, ahol sok technol\u00f3giai szerepl\u0151 van a piacon, ugyanakkor eszk\u00f6zeiknek teljes kompatibilit\u00e1s-fokkal kell rendelkezni\u00fck az egym\u00e1shoz illeszthet\u0151s\u00e9g \u00e9s egym\u00e1s k\u00f6zti kommunik\u00e1ci\u00f3s k\u00e9pess\u00e9g biztos\u00edthat\u00f3s\u00e1ga \u00e9rdek\u00e9ben, a kompatibilit\u00e1si krit\u00e9riumokat szabv\u00e1nyok seg\u00edts\u00e9g\u00e9vel biztos\u00edtj\u00e1k. A szabv\u00e1nyokon alapul\u00f3 ipar\u00e1gak c\u00e9gei arra t\u00f6rekszenek, hogy szabadalmi oltalom alatt \u00e1ll\u00f3 technol\u00f3gi\u00e1ik mainstreamekk\u00e9, azaz m\u0171szakilag megker\u00fclhetetlenn\u00e9 v\u00e1ljanak \u00e9s beker\u00fcljenek miel\u0151bb ak\u00e1r a szabv\u00e1nyokba is, \u00edgy elker\u00fclhetetlenn\u00e9 t\u00e9ve a versenyt\u00e1rsaknak az oltalom hasznos\u00edt\u00e1s\u00e1t, azaz a licencd\u00edjfizet\u00e9st.<\/li>\n<li>Az enged\u00e9lyez\u00e9shez, szab\u00e1lyoz\u00e1shoz k\u00f6t\u00f6tt ipar\u00e1gak term\u00e9kbevezet\u00e9si ideje olyan lass\u00fa, hogy az oltalom biztos\u00edtotta \u00fczleti hasznos\u00edt\u00e1sra vonatkoz\u00f3 monopoljog n\u00e9lk\u00fcl \u2013 r\u00e1ad\u00e1sul lehet\u0151s\u00e9g szerint kitolt idej\u0171 oltalom n\u00e9lk\u00fcl, melyet a gy\u00f3gyszeriparban SPC-nek neveznek \u2013 egyszer\u0171en nem t\u00e9r\u00fclhet meg a K+F-be fektetett inveszt\u00edci\u00f3.<\/li>\n<\/ul>\n<\/li>\n<\/ul>\n<ol style=\"text-align: justify\" start=\"5\">\n<li><strong>\u00dczleti modell<\/strong>: \u00c9s v\u00e9g\u00fcl az utols\u00f3, cikk\u00fcnkben \u00e9rintett karakter az \u00fczleti modell jellemz\u0151je, mely ugyancsak kardin\u00e1lis m\u00f3don befoly\u00e1solja a szellemi tulajdon kezel\u00e9s\u00e9nek \u00e9s az oltalmaz\u00e1s m\u00f3dj\u00e1nak mik\u00e9ntj\u00e9t.<\/li>\n<\/ol>\n<p style=\"text-align: justify\">A gy\u00f3gyszeripar jelent\u0151s r\u00e9sze a piaci els\u0151s\u00e9g \u00e1ltal el\u00e9rhet\u0151 dominanci\u00e1r\u00f3l sz\u00f3l (origin\u00e1lis szerek). A piac t\u00f6rv\u00e9nyei azt k\u00f6vetelik meg, hogy \u00fatt\u00f6r\u0151k\u00e9nt, els\u0151kk\u00e9nt jelenj\u00fcnk meg az innovat\u00edv gy\u00f3gyszerterm\u00e9kkel, felelj\u00fcnk meg a szigor\u00fa min\u0151s\u00e9g\u00fcgyi szabv\u00e1nyoknak (magas min\u0151s\u00e9gi bel\u00e9p\u00e9si k\u00fcsz\u00f6b) \u00e9s szabadalmak seg\u00edts\u00e9g\u00e9vel m\u00e9ly\u00edts\u00fck el piaci dominanci\u00e1nkat.<\/p>\n<p style=\"text-align: justify\">Az aut\u00f3iparban n\u00e9mileg m\u00e1sfel\u0151l f\u00faj a sz\u00e9l, hisz itt a technol\u00f3gia befektet\u00e9sek versenye a domin\u00e1ns, mely azt eredm\u00e9nyezi, hogy a befektet\u0151t arra kell r\u00e1venni, hogy az adott kit\u0171z\u00f6tt infrastrukt\u00far\u00e1ba fektettesse, hisz \u201einnovation commit the costs\u201d alapon egy bizonyos kritikus t\u00f6meget el\u00e9rve a befektet\u0151k m\u00e1r \u201efutva a p\u00e9nz\u00fck ut\u00e1n\u201d egy adott ter\u00fcletet fognak tov\u00e1bbi befektet\u00e9si l\u00e9p\u00e9seikben is t\u00e1mogatni. (Ne a hidrog\u00e9n hajt\u00e1sba, hanem az e-mobilit\u00e1sba fektess!). A piaci dominanci\u00e1t ebben a k\u00f6zegben a technol\u00f3gia versenyt\u00e1rsakkal val\u00f3 megoszt\u00e1sa, elterjeszt\u00e9se r\u00e9v\u00e9n \u00e9rj\u00fck el (disszemin\u00e1ci\u00f3), az\u00e1ltal, hogy ipar\u00e1gi etalonn\u00e1 tessz\u00fck azt, mi\u00e1ltal egyben a helyettes\u00edt\u0151 technol\u00f3gi\u00e1kat (competing technologies) is kiiktatjuk.<\/p>\n<p style=\"text-align: justify\">Az elektronikai\/telekommunik\u00e1ci\u00f3s ipar ism\u00e9t egy kicsit elt\u00e9r\u0151 piaci modellt k\u00f6vet, b\u00e1r jelleg\u00e9ben sokban eml\u00e9keztet az aut\u00f3iparn\u00e1l l\u00e1tottakra. Itt az apr\u00f3bb volumen\u0171 innov\u00e1ci\u00f3s eredm\u00e9nyek gyors elterjeszt\u00e9se, disszemin\u00e1ci\u00f3ja adja a kezd\u0151 l\u00f6k\u00e9st, mely felt\u00e9telezi egyben a szabv\u00e1nyoknak val\u00f3 megfelel\u00e9st is. C\u00e9lunk a tov\u00e1bbiakban az, hogy a szab\u00e1lyoz\u00e1si rendszerek, a szabv\u00e1nyok a mi \u00e1ltalunk k\u00f6vetett innov\u00e1ci\u00f3s ir\u00e1nyzatot jel\u00f6lj\u00e9k megker\u00fclhetetlen, egyeduralkod\u00f3 alap- avagy mainstream technol\u00f3giai ir\u00e1nyzatnak, \u00e9s szabv\u00e1nyaikban erre vonatkoz\u00f3an r\u00f6gz\u00edtsenek el\u0151\u00edr\u00e1sokat. A szabv\u00e1nyok beker\u00fcl\u00e9shez a megfelel\u0151 szabv\u00e1ny\u00fcgyi test\u00fcletek sz\u00e1m\u00e1ra sz\u00fcks\u00e9ges \u00e9s hasznos inform\u00e1ci\u00f3k fokozott hozz\u00e1f\u00e9r\u00e9s\u00e9nek biztos\u00edt\u00e1sa ugyancsak alapk\u00f6vetelm\u00e9ny. A technol\u00f3giai szabv\u00e1nyokba \u00e1gyaz\u00f3d\u00e1sa r\u00e9v\u00e9n tov\u00e1bb er\u0151s\u00f6dik a technol\u00f3giai befektet\u0151i elk\u00f6telez\u0151d\u00e9s \u00e9s a technol\u00f3gia bizalmi, t\u00e1mogatotts\u00e1gi szintje. V\u00e9g\u00fcl pedig a saj\u00e1t technol\u00f3gia olyan szint\u0171 szab\u00e1lyoz\u00e1si elismertet\u00e9se a c\u00e9l, hogy kv\u00e1zi ipar\u00e1gi szabv\u00e1nyok szintj\u00e9re emelj\u00e9k \u0151ket a szabv\u00e1ny\u00fcgyi test\u00fcletek. Ez\u00e1ltal a technol\u00f3gi\u00e1nk egyenesen megker\u00fclhetetlenn\u00e9 v\u00e1lik a versenyt\u00e1rsak sz\u00e1m\u00e1ra, \u00e9s hasznos\u00edt\u00e1si enged\u00e9lyek (licencszerz\u0151d\u00e9sek) r\u00e9v\u00e9n gazdas\u00e1gilag is learathatjuk a piacot.<\/p>\n<p style=\"text-align: justify\">A fentiekben le\u00edrtakat az al\u00e1bbi t\u00e1bl\u00e1zatban foglalhatjuk \u00f6ssze, \u00e9s meg\u00e1llap\u00edthatjuk, hogy m\u00edg a gy\u00f3gyszeripari innov\u00e1ci\u00f3s modell hat\u00e1rozottan ig\u00e9nyli az exkluzivit\u00e1st biztos\u00edt\u00f3 oltalmi v\u00e9detts\u00e9get, addig az elektronikai, telekommunik\u00e1ci\u00f3s \u00e9s m\u00e9dia ter\u00fcletei ellene dolgoznak az iparjogv\u00e9delmi oltalomszerz\u00e9si strat\u00e9gi\u00e1nak. Az aut\u00f3ipar valahol k\u00f6z\u00e9p\u00faton helyezkedik el a m\u00e1sik k\u00e9t ipar\u00e1g k\u00f6z\u00f6tt, mert b\u00e1r jelent\u0151s iparjogv\u00e9delmi aktivit\u00e1s tapasztalhat\u00f3, \u00e1m annak ar\u00e1nya meg sem k\u00f6zel\u00edti a gy\u00f3gyszeriparra jellemz\u0151 m\u00e9rt\u00e9ket.<\/p>\n<p>&nbsp;<\/p>\n<p><img loading=\"lazy\" decoding=\"async\" class=\"aligncenter wp-image-9405 size-full\" src=\"https:\/\/www.danubia.com\/wp-content\/uploads\/2022\/01\/HA_blogkep-e1643631450952.png\" alt=\"\" width=\"800\" height=\"514\" \/><\/p>\n<p>&nbsp;<\/p>\n<p style=\"text-align: justify\">Rem\u00e9lj\u00fck, cikksorozatunk v\u00e9g\u00e9re Olvas\u00f3ink is megszerezt\u00e9k az \u201ealapvet\u0151 v\u00edzi j\u00e1rtass\u00e1git\u201d az innovat\u00edv term\u00e9kek \u00fczleti hasznos\u00edt\u00e1s\u00e1val \u00f6sszef\u00fcgg\u0151 oltalmi strat\u00e9giai \u201ezubog\u00f3k\u201d tekintet\u00e9ben, \u00e9s egy a gyakorlati \u00e9letben is haszn\u00e1lhat\u00f3, a rendelkez\u00e9sre \u00e1ll\u00f3 v\u00e9delmi eszk\u00f6z\u00f6k \u201e\u00e1tl\u00e1t\u00e1s\u00e1t\u201d megk\u00f6nny\u00edt\u0151 \u201ehaj\u00f3z\u00e1si t\u00e9rk\u00e9pet\u201d, melynek seg\u00edts\u00e9g\u00e9vel magabiztosabban tudnak eligazodni az innov\u00e1ci\u00f3 menedzsmentj\u00e9nek szellemi alkot\u00e1sok v\u00e9delm\u00e9t \u00e9rint\u0151 ter\u00fcletein. B\u00edzunk benne, hogy mindezeket saj\u00e1t kreativit\u00e1suk kibontakoztat\u00e1s\u00e1nak \u00fczleti megt\u00e9r\u00fcl\u00e9s\u00e9nek c\u00e9lj\u00e1b\u00f3l is alkalmazni tudj\u00e1k majd. \u00c1m b\u00e1rmikor, b\u00e1rmilyen k\u00e9rd\u00e9s, bizonytalans\u00e1g mer\u00fclne is fel, a Danubia c\u00e9gcsoport felk\u00e9sz\u00fclt szaktan\u00e1csad\u00f3i \u00e9s szakemberei mindig az \u00d6n\u00f6k rendelkez\u00e9sre \u00e1llnak.<\/p>\n<p><a href=\"https:\/\/www.danubia.com\/hu\/munkatarsaink\/haszonits-andras\/\">HASZONITS ANDR\u00c1S<\/a><\/p>\n<p>innov\u00e1ci\u00f3s tan\u00e1csad\u00f3<\/p>\n<p><img loading=\"lazy\" decoding=\"async\" class=\"size-medium wp-image-3952 alignnone\" src=\"https:\/\/www.danubia.com\/wp-content\/uploads\/2020\/02\/Haszonits-Andras-300x300.jpg\" alt=\"\" width=\"300\" height=\"300\" \/><\/p>\n","protected":false},"excerpt":{"rendered":"<p>Alapvet\u0151en az ipar\u00e1gra jellemz\u0151 szempontokat 6 f\u0151bb kateg\u00f3ri\u00e1ba sorolhatjuk, melyek a szellemi alkot\u00e1sok v\u00e9delm\u00e9t meghat\u00e1roz\u00f3 m\u00f3don befoly\u00e1solhatj\u00e1k.<\/p>\n","protected":false},"author":1,"featured_media":9407,"comment_status":"closed","ping_status":"closed","sticky":false,"template":"","format":"standard","meta":{"_et_pb_use_builder":"","_et_pb_old_content":"","_et_gb_content_width":"","footnotes":""},"categories":[91],"tags":[],"class_list":["post-9404","post","type-post","status-publish","format-standard","has-post-thumbnail","hentry","category-szabadalom"],"yoast_head":"<!-- This site is optimized with the Yoast SEO plugin v27.3 - https:\/\/yoast.com\/product\/yoast-seo-wordpress\/ -->\n<title>Kell-e v\u00e9deni egy szellemi alkot\u00e1st, \u00e9s ha igen, hogyan? - Danubia<\/title>\n<meta name=\"description\" content=\"Alapvet\u0151en az ipar\u00e1gra jellemz\u0151 szempontokat 6 f\u0151bb kateg\u00f3ri\u00e1ba sorolhatjuk, melyek a szellemi alkot\u00e1sok v\u00e9delm\u00e9t meghat\u00e1roz\u00f3 m\u00f3don befoly\u00e1solhatj\u00e1k.\" \/>\n<meta name=\"robots\" content=\"index, follow, max-snippet:-1, max-image-preview:large, max-video-preview:-1\" \/>\n<link rel=\"canonical\" href=\"https:\/\/www.danubia.com\/hu\/szabadalom\/kell-e-vedeni-egy-szellemi-alkotast-es-ha-igen-hogyan\/\" \/>\n<meta property=\"og:locale\" content=\"hu_HU\" \/>\n<meta property=\"og:type\" content=\"article\" \/>\n<meta property=\"og:title\" content=\"Kell-e v\u00e9deni egy szellemi alkot\u00e1st, \u00e9s ha igen, hogyan? - Danubia\" \/>\n<meta property=\"og:description\" content=\"Alapvet\u0151en az ipar\u00e1gra jellemz\u0151 szempontokat 6 f\u0151bb kateg\u00f3ri\u00e1ba sorolhatjuk, melyek a szellemi alkot\u00e1sok v\u00e9delm\u00e9t meghat\u00e1roz\u00f3 m\u00f3don befoly\u00e1solhatj\u00e1k.\" \/>\n<meta property=\"og:url\" content=\"https:\/\/www.danubia.com\/hu\/szabadalom\/kell-e-vedeni-egy-szellemi-alkotast-es-ha-igen-hogyan\/\" \/>\n<meta property=\"og:site_name\" content=\"Danubia\" \/>\n<meta property=\"article:published_time\" content=\"2022-01-31T12:23:26+00:00\" \/>\n<meta property=\"og:image\" content=\"https:\/\/www.danubia.com\/wp-content\/uploads\/2022\/01\/security-g56cb078c8_1280.jpg\" \/>\n\t<meta property=\"og:image:width\" content=\"1280\" \/>\n\t<meta property=\"og:image:height\" content=\"853\" \/>\n\t<meta property=\"og:image:type\" content=\"image\/jpeg\" \/>\n<meta name=\"author\" content=\"Danubia Szabadalmi \u00e9s Jogi Iroda\" \/>\n<meta name=\"twitter:card\" content=\"summary_large_image\" \/>\n<meta name=\"twitter:label1\" content=\"Szerz\u0151:\" \/>\n\t<meta name=\"twitter:data1\" content=\"Danubia Szabadalmi \u00e9s Jogi Iroda\" \/>\n\t<meta name=\"twitter:label2\" content=\"Becs\u00fclt olvas\u00e1si id\u0151\" \/>\n\t<meta name=\"twitter:data2\" content=\"8 perc\" \/>\n<script type=\"application\/ld+json\" class=\"yoast-schema-graph\">{\"@context\":\"https:\\\/\\\/schema.org\",\"@graph\":[{\"@type\":\"Article\",\"@id\":\"https:\\\/\\\/www.danubia.com\\\/hu\\\/szabadalom\\\/kell-e-vedeni-egy-szellemi-alkotast-es-ha-igen-hogyan\\\/#article\",\"isPartOf\":{\"@id\":\"https:\\\/\\\/www.danubia.com\\\/hu\\\/szabadalom\\\/kell-e-vedeni-egy-szellemi-alkotast-es-ha-igen-hogyan\\\/\"},\"author\":{\"name\":\"Danubia Szabadalmi \u00e9s Jogi Iroda\",\"@id\":\"https:\\\/\\\/www.danubia.com\\\/#\\\/schema\\\/person\\\/c3a081c566cce5d38b32c31f3bf569b8\"},\"headline\":\"Kell-e v\u00e9deni egy szellemi alkot\u00e1st, \u00e9s ha igen, hogyan?\",\"datePublished\":\"2022-01-31T12:23:26+00:00\",\"mainEntityOfPage\":{\"@id\":\"https:\\\/\\\/www.danubia.com\\\/hu\\\/szabadalom\\\/kell-e-vedeni-egy-szellemi-alkotast-es-ha-igen-hogyan\\\/\"},\"wordCount\":2673,\"image\":{\"@id\":\"https:\\\/\\\/www.danubia.com\\\/hu\\\/szabadalom\\\/kell-e-vedeni-egy-szellemi-alkotast-es-ha-igen-hogyan\\\/#primaryimage\"},\"thumbnailUrl\":\"https:\\\/\\\/www.danubia.com\\\/wp-content\\\/uploads\\\/2022\\\/01\\\/security-g56cb078c8_1280.jpg\",\"articleSection\":[\"Szabadalom\"],\"inLanguage\":\"hu\"},{\"@type\":\"WebPage\",\"@id\":\"https:\\\/\\\/www.danubia.com\\\/hu\\\/szabadalom\\\/kell-e-vedeni-egy-szellemi-alkotast-es-ha-igen-hogyan\\\/\",\"url\":\"https:\\\/\\\/www.danubia.com\\\/hu\\\/szabadalom\\\/kell-e-vedeni-egy-szellemi-alkotast-es-ha-igen-hogyan\\\/\",\"name\":\"Kell-e v\u00e9deni egy szellemi alkot\u00e1st, \u00e9s ha igen, hogyan? - Danubia\",\"isPartOf\":{\"@id\":\"https:\\\/\\\/www.danubia.com\\\/#website\"},\"primaryImageOfPage\":{\"@id\":\"https:\\\/\\\/www.danubia.com\\\/hu\\\/szabadalom\\\/kell-e-vedeni-egy-szellemi-alkotast-es-ha-igen-hogyan\\\/#primaryimage\"},\"image\":{\"@id\":\"https:\\\/\\\/www.danubia.com\\\/hu\\\/szabadalom\\\/kell-e-vedeni-egy-szellemi-alkotast-es-ha-igen-hogyan\\\/#primaryimage\"},\"thumbnailUrl\":\"https:\\\/\\\/www.danubia.com\\\/wp-content\\\/uploads\\\/2022\\\/01\\\/security-g56cb078c8_1280.jpg\",\"datePublished\":\"2022-01-31T12:23:26+00:00\",\"author\":{\"@id\":\"https:\\\/\\\/www.danubia.com\\\/#\\\/schema\\\/person\\\/c3a081c566cce5d38b32c31f3bf569b8\"},\"description\":\"Alapvet\u0151en az ipar\u00e1gra jellemz\u0151 szempontokat 6 f\u0151bb kateg\u00f3ri\u00e1ba sorolhatjuk, melyek a szellemi alkot\u00e1sok v\u00e9delm\u00e9t meghat\u00e1roz\u00f3 m\u00f3don befoly\u00e1solhatj\u00e1k.\",\"breadcrumb\":{\"@id\":\"https:\\\/\\\/www.danubia.com\\\/hu\\\/szabadalom\\\/kell-e-vedeni-egy-szellemi-alkotast-es-ha-igen-hogyan\\\/#breadcrumb\"},\"inLanguage\":\"hu\",\"potentialAction\":[{\"@type\":\"ReadAction\",\"target\":[\"https:\\\/\\\/www.danubia.com\\\/hu\\\/szabadalom\\\/kell-e-vedeni-egy-szellemi-alkotast-es-ha-igen-hogyan\\\/\"]}]},{\"@type\":\"ImageObject\",\"inLanguage\":\"hu\",\"@id\":\"https:\\\/\\\/www.danubia.com\\\/hu\\\/szabadalom\\\/kell-e-vedeni-egy-szellemi-alkotast-es-ha-igen-hogyan\\\/#primaryimage\",\"url\":\"https:\\\/\\\/www.danubia.com\\\/wp-content\\\/uploads\\\/2022\\\/01\\\/security-g56cb078c8_1280.jpg\",\"contentUrl\":\"https:\\\/\\\/www.danubia.com\\\/wp-content\\\/uploads\\\/2022\\\/01\\\/security-g56cb078c8_1280.jpg\",\"width\":1280,\"height\":853},{\"@type\":\"BreadcrumbList\",\"@id\":\"https:\\\/\\\/www.danubia.com\\\/hu\\\/szabadalom\\\/kell-e-vedeni-egy-szellemi-alkotast-es-ha-igen-hogyan\\\/#breadcrumb\",\"itemListElement\":[{\"@type\":\"ListItem\",\"position\":1,\"name\":\"Home\",\"item\":\"https:\\\/\\\/www.danubia.com\\\/hu\\\/\"},{\"@type\":\"ListItem\",\"position\":2,\"name\":\"Kell-e v\u00e9deni egy szellemi alkot\u00e1st, \u00e9s ha igen, hogyan?\"}]},{\"@type\":\"WebSite\",\"@id\":\"https:\\\/\\\/www.danubia.com\\\/#website\",\"url\":\"https:\\\/\\\/www.danubia.com\\\/\",\"name\":\"Danubia\",\"description\":\"\",\"potentialAction\":[{\"@type\":\"SearchAction\",\"target\":{\"@type\":\"EntryPoint\",\"urlTemplate\":\"https:\\\/\\\/www.danubia.com\\\/?s={search_term_string}\"},\"query-input\":{\"@type\":\"PropertyValueSpecification\",\"valueRequired\":true,\"valueName\":\"search_term_string\"}}],\"inLanguage\":\"hu\"},{\"@type\":\"Person\",\"@id\":\"https:\\\/\\\/www.danubia.com\\\/#\\\/schema\\\/person\\\/c3a081c566cce5d38b32c31f3bf569b8\",\"name\":\"Danubia Szabadalmi \u00e9s Jogi Iroda\",\"image\":{\"@type\":\"ImageObject\",\"inLanguage\":\"hu\",\"@id\":\"https:\\\/\\\/secure.gravatar.com\\\/avatar\\\/347a905c0860aaf34650db19625beeb4cfc4347b5df0d66ef80381817b31b53c?s=96&r=g\",\"url\":\"https:\\\/\\\/secure.gravatar.com\\\/avatar\\\/347a905c0860aaf34650db19625beeb4cfc4347b5df0d66ef80381817b31b53c?s=96&r=g\",\"contentUrl\":\"https:\\\/\\\/secure.gravatar.com\\\/avatar\\\/347a905c0860aaf34650db19625beeb4cfc4347b5df0d66ef80381817b31b53c?s=96&r=g\",\"caption\":\"Danubia Szabadalmi \u00e9s Jogi Iroda\"}}]}<\/script>\n<!-- \/ Yoast SEO plugin. -->","yoast_head_json":{"title":"Kell-e v\u00e9deni egy szellemi alkot\u00e1st, \u00e9s ha igen, hogyan? - Danubia","description":"Alapvet\u0151en az ipar\u00e1gra jellemz\u0151 szempontokat 6 f\u0151bb kateg\u00f3ri\u00e1ba sorolhatjuk, melyek a szellemi alkot\u00e1sok v\u00e9delm\u00e9t meghat\u00e1roz\u00f3 m\u00f3don befoly\u00e1solhatj\u00e1k.","robots":{"index":"index","follow":"follow","max-snippet":"max-snippet:-1","max-image-preview":"max-image-preview:large","max-video-preview":"max-video-preview:-1"},"canonical":"https:\/\/www.danubia.com\/hu\/szabadalom\/kell-e-vedeni-egy-szellemi-alkotast-es-ha-igen-hogyan\/","og_locale":"hu_HU","og_type":"article","og_title":"Kell-e v\u00e9deni egy szellemi alkot\u00e1st, \u00e9s ha igen, hogyan? - Danubia","og_description":"Alapvet\u0151en az ipar\u00e1gra jellemz\u0151 szempontokat 6 f\u0151bb kateg\u00f3ri\u00e1ba sorolhatjuk, melyek a szellemi alkot\u00e1sok v\u00e9delm\u00e9t meghat\u00e1roz\u00f3 m\u00f3don befoly\u00e1solhatj\u00e1k.","og_url":"https:\/\/www.danubia.com\/hu\/szabadalom\/kell-e-vedeni-egy-szellemi-alkotast-es-ha-igen-hogyan\/","og_site_name":"Danubia","article_published_time":"2022-01-31T12:23:26+00:00","og_image":[{"width":1280,"height":853,"url":"https:\/\/www.danubia.com\/wp-content\/uploads\/2022\/01\/security-g56cb078c8_1280.jpg","type":"image\/jpeg"}],"author":"Danubia Szabadalmi \u00e9s Jogi Iroda","twitter_card":"summary_large_image","twitter_misc":{"Szerz\u0151:":"Danubia Szabadalmi \u00e9s Jogi Iroda","Becs\u00fclt olvas\u00e1si id\u0151":"8 perc"},"schema":{"@context":"https:\/\/schema.org","@graph":[{"@type":"Article","@id":"https:\/\/www.danubia.com\/hu\/szabadalom\/kell-e-vedeni-egy-szellemi-alkotast-es-ha-igen-hogyan\/#article","isPartOf":{"@id":"https:\/\/www.danubia.com\/hu\/szabadalom\/kell-e-vedeni-egy-szellemi-alkotast-es-ha-igen-hogyan\/"},"author":{"name":"Danubia Szabadalmi \u00e9s Jogi Iroda","@id":"https:\/\/www.danubia.com\/#\/schema\/person\/c3a081c566cce5d38b32c31f3bf569b8"},"headline":"Kell-e v\u00e9deni egy szellemi alkot\u00e1st, \u00e9s ha igen, hogyan?","datePublished":"2022-01-31T12:23:26+00:00","mainEntityOfPage":{"@id":"https:\/\/www.danubia.com\/hu\/szabadalom\/kell-e-vedeni-egy-szellemi-alkotast-es-ha-igen-hogyan\/"},"wordCount":2673,"image":{"@id":"https:\/\/www.danubia.com\/hu\/szabadalom\/kell-e-vedeni-egy-szellemi-alkotast-es-ha-igen-hogyan\/#primaryimage"},"thumbnailUrl":"https:\/\/www.danubia.com\/wp-content\/uploads\/2022\/01\/security-g56cb078c8_1280.jpg","articleSection":["Szabadalom"],"inLanguage":"hu"},{"@type":"WebPage","@id":"https:\/\/www.danubia.com\/hu\/szabadalom\/kell-e-vedeni-egy-szellemi-alkotast-es-ha-igen-hogyan\/","url":"https:\/\/www.danubia.com\/hu\/szabadalom\/kell-e-vedeni-egy-szellemi-alkotast-es-ha-igen-hogyan\/","name":"Kell-e v\u00e9deni egy szellemi alkot\u00e1st, \u00e9s ha igen, hogyan? - Danubia","isPartOf":{"@id":"https:\/\/www.danubia.com\/#website"},"primaryImageOfPage":{"@id":"https:\/\/www.danubia.com\/hu\/szabadalom\/kell-e-vedeni-egy-szellemi-alkotast-es-ha-igen-hogyan\/#primaryimage"},"image":{"@id":"https:\/\/www.danubia.com\/hu\/szabadalom\/kell-e-vedeni-egy-szellemi-alkotast-es-ha-igen-hogyan\/#primaryimage"},"thumbnailUrl":"https:\/\/www.danubia.com\/wp-content\/uploads\/2022\/01\/security-g56cb078c8_1280.jpg","datePublished":"2022-01-31T12:23:26+00:00","author":{"@id":"https:\/\/www.danubia.com\/#\/schema\/person\/c3a081c566cce5d38b32c31f3bf569b8"},"description":"Alapvet\u0151en az ipar\u00e1gra jellemz\u0151 szempontokat 6 f\u0151bb kateg\u00f3ri\u00e1ba sorolhatjuk, melyek a szellemi alkot\u00e1sok v\u00e9delm\u00e9t meghat\u00e1roz\u00f3 m\u00f3don befoly\u00e1solhatj\u00e1k.","breadcrumb":{"@id":"https:\/\/www.danubia.com\/hu\/szabadalom\/kell-e-vedeni-egy-szellemi-alkotast-es-ha-igen-hogyan\/#breadcrumb"},"inLanguage":"hu","potentialAction":[{"@type":"ReadAction","target":["https:\/\/www.danubia.com\/hu\/szabadalom\/kell-e-vedeni-egy-szellemi-alkotast-es-ha-igen-hogyan\/"]}]},{"@type":"ImageObject","inLanguage":"hu","@id":"https:\/\/www.danubia.com\/hu\/szabadalom\/kell-e-vedeni-egy-szellemi-alkotast-es-ha-igen-hogyan\/#primaryimage","url":"https:\/\/www.danubia.com\/wp-content\/uploads\/2022\/01\/security-g56cb078c8_1280.jpg","contentUrl":"https:\/\/www.danubia.com\/wp-content\/uploads\/2022\/01\/security-g56cb078c8_1280.jpg","width":1280,"height":853},{"@type":"BreadcrumbList","@id":"https:\/\/www.danubia.com\/hu\/szabadalom\/kell-e-vedeni-egy-szellemi-alkotast-es-ha-igen-hogyan\/#breadcrumb","itemListElement":[{"@type":"ListItem","position":1,"name":"Home","item":"https:\/\/www.danubia.com\/hu\/"},{"@type":"ListItem","position":2,"name":"Kell-e v\u00e9deni egy szellemi alkot\u00e1st, \u00e9s ha igen, hogyan?"}]},{"@type":"WebSite","@id":"https:\/\/www.danubia.com\/#website","url":"https:\/\/www.danubia.com\/","name":"Danubia","description":"","potentialAction":[{"@type":"SearchAction","target":{"@type":"EntryPoint","urlTemplate":"https:\/\/www.danubia.com\/?s={search_term_string}"},"query-input":{"@type":"PropertyValueSpecification","valueRequired":true,"valueName":"search_term_string"}}],"inLanguage":"hu"},{"@type":"Person","@id":"https:\/\/www.danubia.com\/#\/schema\/person\/c3a081c566cce5d38b32c31f3bf569b8","name":"Danubia Szabadalmi \u00e9s Jogi Iroda","image":{"@type":"ImageObject","inLanguage":"hu","@id":"https:\/\/secure.gravatar.com\/avatar\/347a905c0860aaf34650db19625beeb4cfc4347b5df0d66ef80381817b31b53c?s=96&r=g","url":"https:\/\/secure.gravatar.com\/avatar\/347a905c0860aaf34650db19625beeb4cfc4347b5df0d66ef80381817b31b53c?s=96&r=g","contentUrl":"https:\/\/secure.gravatar.com\/avatar\/347a905c0860aaf34650db19625beeb4cfc4347b5df0d66ef80381817b31b53c?s=96&r=g","caption":"Danubia Szabadalmi \u00e9s Jogi Iroda"}}]}},"_links":{"self":[{"href":"https:\/\/www.danubia.com\/hu\/wp-json\/wp\/v2\/posts\/9404","targetHints":{"allow":["GET"]}}],"collection":[{"href":"https:\/\/www.danubia.com\/hu\/wp-json\/wp\/v2\/posts"}],"about":[{"href":"https:\/\/www.danubia.com\/hu\/wp-json\/wp\/v2\/types\/post"}],"author":[{"embeddable":true,"href":"https:\/\/www.danubia.com\/hu\/wp-json\/wp\/v2\/users\/1"}],"replies":[{"embeddable":true,"href":"https:\/\/www.danubia.com\/hu\/wp-json\/wp\/v2\/comments?post=9404"}],"version-history":[{"count":1,"href":"https:\/\/www.danubia.com\/hu\/wp-json\/wp\/v2\/posts\/9404\/revisions"}],"predecessor-version":[{"id":9409,"href":"https:\/\/www.danubia.com\/hu\/wp-json\/wp\/v2\/posts\/9404\/revisions\/9409"}],"wp:featuredmedia":[{"embeddable":true,"href":"https:\/\/www.danubia.com\/hu\/wp-json\/wp\/v2\/media\/9407"}],"wp:attachment":[{"href":"https:\/\/www.danubia.com\/hu\/wp-json\/wp\/v2\/media?parent=9404"}],"wp:term":[{"taxonomy":"category","embeddable":true,"href":"https:\/\/www.danubia.com\/hu\/wp-json\/wp\/v2\/categories?post=9404"},{"taxonomy":"post_tag","embeddable":true,"href":"https:\/\/www.danubia.com\/hu\/wp-json\/wp\/v2\/tags?post=9404"}],"curies":[{"name":"wp","href":"https:\/\/api.w.org\/{rel}","templated":true}]}}