{"id":9626,"date":"2022-04-11T15:15:14","date_gmt":"2022-04-11T15:15:14","guid":{"rendered":"https:\/\/www.danubia.com\/?p=9626"},"modified":"2022-04-11T15:15:14","modified_gmt":"2022-04-11T15:15:14","slug":"a-kevesebb-neha-tobb-avagy-hany-jellemzot-irjunk-az-igenypontba","status":"publish","type":"post","link":"https:\/\/www.danubia.com\/hu\/szabadalom\/a-kevesebb-neha-tobb-avagy-hany-jellemzot-irjunk-az-igenypontba\/","title":{"rendered":"A kevesebb n\u00e9ha t\u00f6bb \u2013 avagy h\u00e1ny jellemz\u0151t \u00edrjunk az ig\u00e9nypontba?"},"content":{"rendered":"<p style=\"text-align: justify\">A szabadalom (vagy szabadalmi bejelent\u00e9s, ha m\u00e9g nem adt\u00e1k meg) legfontosabb r\u00e9sz\u00e9t az ig\u00e9nypontok k\u00e9pezik. Hiszen ahogy a szabadalmi t\u00f6rv\u00e9nyben (1995. \u00e9vi XXXIII. t\u00f6rv\u00e9ny) olvashat\u00f3, a szabadalmi oltalom terjedelm\u00e9t az ig\u00e9nypontok hat\u00e1rozz\u00e1k meg. Vagyis azt, hogy pontosan mit v\u00e9d a szabadalmunk, a gyakran el\u00e9g nyakatekert nyelvezettel \u00edrt ig\u00e9nypontok hat\u00e1rozz\u00e1k meg.<\/p>\n<p style=\"text-align: justify\">Mivel a szabadalom tulajdonosa \u2013 a szabadalmas \u2013 kiz\u00e1r\u00f3lagos hasznos\u00edt\u00e1si joggal rendelkezik a v\u00e9dett term\u00e9ket vagy elj\u00e1r\u00e1st illet\u0151en, egy\u00e1ltal\u00e1n nem mindegy, hogy pontosan milyen jellemz\u0151ket \u00edrunk az ig\u00e9nypontokba. (A tov\u00e1bbiakban az egyszer\u0171s\u00edt\u00e9s kedv\u00e9\u00e9rt a szabadalom t\u00e1rgya egy term\u00e9k lesz, de a lentiek ugyan\u00fagy \u00e9rv\u00e9nyesek elj\u00e1r\u00e1sokra is.) A szabadalmas c\u00e9lja nyilv\u00e1n az, hogy min\u00e9l sz\u00e9lesebb oltalmi k\u00f6rt kapjon; ugyanakkor a szabadalmi hivatalok csak olyan ig\u00e9nypontokra fognak szabadalmat adni, amik \u2013 t\u00f6bbek k\u00f6z\u00f6tt \u2013 megfelelnek az \u00fajdons\u00e1g \u00e9s a feltal\u00e1l\u00f3i tev\u00e9kenys\u00e9g k\u00f6vetelm\u00e9ny\u00e9nek (egyszer\u0171s\u00edtve: m\u00e1s kor\u00e1bban m\u00e9g nem tal\u00e1lta fel ugyanazt, illetve nem lehet a kor\u00e1bbi ismeretek egyszer\u0171 kombin\u00e1l\u00e1s\u00e1val l\u00e9trehozni az adott tal\u00e1lm\u00e1nyt).<\/p>\n<p style=\"text-align: justify\">Az ig\u00e9nypontok megfogalmaz\u00e1sa az\u00e9rt is fontos, mert <strong>egy konkurens c\u00e9g csak akkor bitorol, ha az \u0151 term\u00e9k\u00fckben a k\u00e9rd\u00e9ses szabadalom ig\u00e9nypontj\u00e1ban szerepl\u0151 <em>\u00f6sszes<\/em> jellemz\u0151 megval\u00f3sul<\/strong>. Teh\u00e1t ha p\u00e9ld\u00e1ul van egy olyan szabadalommal v\u00e9dett term\u00e9k, amin\u00e9l az ig\u00e9nypontok szerint 10\u00a0jellemz\u0151nek kell teljes\u00fclnie; akkor, ha a versenyt\u00e1rs r\u00e1j\u00f6n, hogy a 10-b\u0151l csak 9-cel is ugyanolyan j\u00f3l m\u0171k\u00f6dik a dolog, m\u00e1ris meg tudja ker\u00fclni a szabadalmat, \u00e9s nyugodtan \u00e1rus\u00edthatja a term\u00e9k\u00e9t.<\/p>\n<p style=\"text-align: justify\">Egy m\u00e1sik p\u00e9lda, ami j\u00f3l szeml\u00e9lteti az ig\u00e9nypontokban megadott jellemz\u0151k mennyis\u00e9g\u00e9nek \u2013 vagyis tulajdonk\u00e9ppen az oltalmi k\u00f6r sz\u00e9less\u00e9g\u00e9nek \u2013 a jelent\u0151s\u00e9g\u00e9t, a k\u00f6vetkez\u0151. T\u00e9telezz\u00fck fel, hogy kital\u00e1lunk egy \u00faj gy\u00f3gyszert, aminek hat\u00e1s\u00e1hoz sz\u00fcks\u00e9ges, hogy legyen benne A \u00e9s B komponens. S\u0151t, ut\u00e1na r\u00e1j\u00f6v\u00fcnk arra is, hogy enn\u00e9l m\u00e9g jobb eredm\u00e9nyt \u00e9r\u00fcnk el, ha az A \u00e9s B komponens mellett m\u00e9g egy harmadik, C\u00a0\u00f6sszetev\u0151t is beletesz\u00fcnk. Gondolhatn\u00e1nk ekkor, hogy az 1. ig\u00e9nypontba r\u00f6gt\u00f6n \u00edrjuk bele mind a h\u00e1rom komponenst, hiszen az a legszuperebb v\u00e1ltozat. Igen \u00e1m, de ha a konkurencia r\u00e1j\u00f6n, hogy a C\u00a0komponens n\u00e9lk\u00fcl is hat\u00e9kony az orvoss\u00e1g (csak kev\u00e9sb\u00e9 j\u00f3), akkor r\u00f6gt\u00f6n el fognak kezdeni A+B \u00f6sszet\u00e9tel\u0171 gy\u00f3gyszert gy\u00e1rtani, ezzel pedig a piac egy r\u00e9sz\u00e9t elvesz\u00edtj\u00fck. Ebben az esetben teh\u00e1t az lenne a helyes elj\u00e1r\u00e1s, ha az 1.\u00a0ig\u00e9nypontba (amit f\u0151ig\u00e9nypontnak nevez\u00fcnk) egy olyan gy\u00f3gyszer ker\u00fclne, amiben A \u00e9s B komponens van, \u00e9s csak egy alig\u00e9nypontba \u00edrn\u00e1nk bele, hogy egy tov\u00e1bbi lehet\u0151s\u00e9g, hogy tartalmaz m\u00e9g C komponenst is.<\/p>\n<p style=\"text-align: justify\">Ebb\u0151l a fenti p\u00e9ld\u00e1b\u00f3l tal\u00e1n m\u00e1r azt is lehet \u00e9rz\u00e9kelni, hogy tulajdonk\u00e9ppen <strong>min\u00e9l kevesebb jellemz\u0151t<\/strong> (pl. \u00f6sszetev\u0151t) <strong>adunk meg az ig\u00e9nypontokban, ann\u00e1l sz\u00e9lesebb lesz az oltalmi k\u00f6r<\/strong>. Arra azonban vigy\u00e1znunk kell, hogy ne ess\u00fcnk \u00e1t a l\u00f3 m\u00e1sik oldal\u00e1ra. Elv\u00e9gre ahhoz, hogy szabadalmat kapjunk, teljes\u00edteni kell a fent eml\u00edtett \u00fajdons\u00e1g \u00e9s feltal\u00e1l\u00f3i tev\u00e9kenys\u00e9g krit\u00e9rium\u00e1t. T\u00fal kev\u00e9s jellemz\u0151t tartalmaz\u00f3 ig\u00e9nypontokn\u00e1l fenn\u00e1ll annak a vesz\u00e9lye, hogy az a megold\u00e1s m\u00e1r a technika \u00e1ll\u00e1s\u00e1nak r\u00e9sze lesz, vagyis valaki m\u00e1r kor\u00e1bban feltal\u00e1lta. (Arr\u00f3l nem is besz\u00e9lve, hogy az ig\u00e9nypontoknak a tal\u00e1lm\u00e1ny \u00f6sszes esszenci\u00e1lis jellemz\u0151j\u00e9t tartalmaznia kell; csak abb\u00f3l a megfontol\u00e1sb\u00f3l, hogy t\u00e1gabb legyen az oltalmi k\u00f6r, nem hagyhatunk ki l\u00e9nyeges jellemz\u0151ket.)<\/p>\n<p style=\"text-align: justify\">J\u00f6jj\u00f6n m\u00e9g egy p\u00e9lda a fentiek szeml\u00e9ltet\u00e9s\u00e9re. A tal\u00e1lm\u00e1ny legyen egy \u00faj focicip\u0151, aminek seg\u00edts\u00e9g\u00e9vel pontosabban lehet passzolni a labd\u00e1t. Ebben az esetben a lehet\u0151 legsz\u00e9lesebb oltalmi k\u00f6r elm\u00e9letben az lenne, ha egyszer\u0171en egy sportcip\u0151t ig\u00e9nyeln\u00e9nk, mindenf\u00e9le egy\u00e9b jellemz\u0151 kik\u00f6t\u00e9se n\u00e9lk\u00fcl. Ezt azonban a szabadalmi hivatalok biztosan nem enged\u00e9lyezn\u00e9k, hiszen m\u00e1r ezerf\u00e9le sportcip\u0151 l\u00e9tezik. Rendben, akkor adjunk meg egy jellemz\u0151t: sportcip\u0151, aminek a talp\u00e1n stoplik vannak. L\u00e1that\u00f3, hogy az oltalmi k\u00f6r r\u00f6gt\u00f6n sz\u0171k\u00fclt \u2013 most m\u00e1r a sima talp\u00fa cip\u0151ket kiz\u00e1rtuk. De ez m\u00e9g mindig nem el\u00e9g a szabadalomhoz, hiszen a stoplis cip\u0151k m\u00e1r ugyan\u00fagy ismertek. Akkor musz\u00e1j tov\u00e1bbi jellemz\u0151ket belefoglalnunk az ig\u00e9nypontba, tov\u00e1bb sz\u0171k\u00edtve az oltalmi k\u00f6rt. P\u00e9ld\u00e1ul sportcip\u0151, aminek a talp\u00e1n stoplik vannak \u00e9s a cip\u0151 orr\u00e1n k\u00e9t ir\u00e1ny\u00edt\u00f3z\u00f3n\u00e1b\u00f3l \u00e1ll\u00f3 bevonat van. Ezzel tov\u00e1bb korl\u00e1toztuk a sz\u00f3ba j\u00f6het\u0151 sportcip\u0151ket, hiszen most m\u00e1r az orr\u00e1r\u00f3l is mondtunk valamit. De ez m\u00e9g mindig nem biztos, hogy el\u00e9g lesz a szabadalomhoz \u2013 addig kell a (n\u00e9lk\u00fcl\u00f6zhetetlen) jellemz\u0151ket hozz\u00e1adni, am\u00edg el nem jutunk egy olyan sportcip\u0151h\u00f6z, amit kor\u00e1bban m\u00e9g senki nem \u00edrt le. \u00cdgy p\u00e9ld\u00e1ul a k\u00f6vetkez\u0151 bonyolult ig\u00e9nypontot kaphatjuk:<\/p>\n<p style=\"text-align: justify\"><em>\u201e1. Sportcip\u0151, k\u00fcl\u00f6n\u00f6sen labd\u00e1k tov\u00e1bb\u00edt\u00e1si pontoss\u00e1g\u00e1nak fokoz\u00e1s\u00e1ra, amely l\u00e1b befogad\u00e1s\u00e1ra szolg\u00e1l\u00f3 bels\u0151 teret hat\u00e1rol\u00f3 talpr\u00e9sszel \u00e9s a talpr\u00e9szhez hozz\u00e1er\u0151s\u00edtett fels\u0151r\u00e9sszel rendelkezik, a fels\u0151r\u00e9sz b\u00fajtat\u00f3ny\u00edl\u00e1ssal, valamint a sportcip\u0151 felh\u00faz\u00e1s\u00e1t megk\u00f6nny\u00edt\u0151 \u00e9s a b\u00fajtat\u00f3ny\u00edl\u00e1st\u00f3l indul\u00f3 has\u00edt\u00e9kkal van ell\u00e1tva, a has\u00edt\u00e9k k\u00f6rnyezet\u00e9ben egy vagy t\u00f6bb \u00f6sszeh\u00faz\u00f3 szerv, valamint az \u00f6sszeh\u00faz\u00f3 szervnek a fels\u0151r\u00e9szhez t\u00f6rt\u00e9n\u0151 csatlakoztat\u00e1s\u00e1ra szolg\u00e1l\u00f3 kapcsol\u00f3szervek vannak elhelyezve, \u00e9s a fels\u0151r\u00e9sz k\u00fcls\u0151 fel\u00fclet\u00e9nek legal\u00e1bb egy r\u00e9sze bevonattal van ell\u00e1tva, a bevonat legal\u00e1bb k\u00e9t darab ir\u00e1ny\u00edt\u00f3z\u00f3n\u00e1b\u00f3l van \u00f6ssze\u00e1ll\u00edtva, az ir\u00e1ny\u00edt\u00f3z\u00f3n\u00e1k k\u00fcls\u0151 oldala \u00fctk\u00f6z\u0151szervekkel van ell\u00e1tva, az \u00fctk\u00f6z\u0151szervek a k\u00fcls\u0151 oldalb\u00f3l ki\u00e1ll\u00f3 \u00e9s a k\u00fcls\u0151 oldal fel\u00fcleti norm\u00e1lis\u00e1val 1\u201380\u00b0-os hajl\u00e1ssz\u00f6get bez\u00e1r\u00f3 tengely\u0171 ny\u00falv\u00e1nyok, valamint a ny\u00falv\u00e1nyok \u00e1ltal k\u00f6zrefogott f\u00e9szkek rendezett egy\u00fcttes\u00e9b\u0151l vannak \u00f6ssze\u00e1ll\u00edtva, ahol az egyes ir\u00e1ny\u00edt\u00f3z\u00f3n\u00e1kban elhelyezked\u0151 \u00fctk\u00f6z\u0151szervek ny\u00falv\u00e1nyait a has\u00edt\u00e9k fel\u0151l a talpr\u00e9sz fel\u00e9 terjed\u0151en egym\u00e1s mell\u00e9 sorolt hosszanti bord\u00e1k alkotj\u00e1k, <\/em>azzal jellemezve,<em> hogy az egyes ir\u00e1ny\u00edt\u00f3z\u00f3n\u00e1kon (11, 12) bel\u00fcl elhelyezked\u0151 \u00fctk\u00f6z\u0151szervek (21, 22) ny\u00falv\u00e1nyai (21a, 22a) egym\u00e1ssal p\u00e1rhuzamos helyzet\u0171ek, \u00e9s az elt\u00e9r\u0151 ir\u00e1ny\u00edt\u00f3z\u00f3n\u00e1k (11, 12) legal\u00e1bb egy r\u00e9sz\u00e9n\u00e9l pedig az \u00fctk\u00f6z\u0151szervek (21, 22) ny\u00falv\u00e1nyai (21a, 22a) m\u00e1s-m\u00e1s ir\u00e1ny\u00faak.\u201d<\/em><\/p>\n<p style=\"text-align: justify\">[A HU222806B1 sz\u00e1m\u00fa magyar szabadalom 1.\u00a0ig\u00e9nypontja; Oroszi L\u00e1szl\u00f3 tal\u00e1lm\u00e1nya, ami alapj\u00e1n k\u00e9s\u0151bb (bitorolva) az Adidas el\u0151\u00e1ll\u00edtotta a nagy siker\u0171 Predator Mania futballcip\u0151t.]<\/p>\n<p style=\"text-align: justify\">A fenti ig\u00e9nypont mell\u00e9kesen azt is j\u00f3l mutatja, hogy bizony el\u00e9g saj\u00e1tos nyelvezete van az ig\u00e9nypontoknak, amit sokszor nem is olyan k\u00f6nny\u0171 els\u0151 olvas\u00e1sra meg\u00e9rteni.<\/p>\n<p style=\"text-align: justify\">Visszat\u00e9rve az ig\u00e9nyponti jellemz\u0151k sz\u00e1m\u00e1ra: nem felt\u00e9tlen\u00fcl kell minden esetben olyan borzaszt\u00f3an sokat \u00edrni, mint az el\u0151bbi p\u00e9ld\u00e1ban. Att\u00f3l f\u00fcgg, pontosan mennyire van sz\u00fcks\u00e9g, hogy mi a tal\u00e1lm\u00e1ny \u00e9s milyen zs\u00fafolt a technika \u00e1ll\u00e1sa (a sportcip\u0151k eset\u00e9ben val\u00f3sz\u00edn\u0171leg el\u00e9g zs\u00fafolt a mez\u0151ny, ott val\u00f3sz\u00edn\u0171leg sok jellemz\u0151 kellene az ig\u00e9nypontba, m\u00edg egy \u00faj, gy\u00f3gyszerk\u00e9nt hat\u00e1sos molekulacsal\u00e1d izol\u00e1l\u00e1sakor el\u00e9g lehet, ha egyszer\u0171en lerajzoljuk a molekul\u00e1k \u00e1ltal\u00e1nos k\u00e9plet\u00e9t).<\/p>\n<p style=\"text-align: justify\">Bizonyos esetekben kev\u00e9s sz\u00f3val is le lehet \u00edrni egy korszakalkot\u00f3 tal\u00e1lm\u00e1nyt:<\/p>\n<p style=\"text-align: justify\"><em>\u201e1. Norm\u00e1lisan szil\u00e1rd polipropil\u00e9n, amely l\u00e9nyeg\u00e9ben ism\u00e9tl\u0151d\u0151 polipropil\u00e9n-egys\u00e9gekb\u0151l \u00e1ll, amely jelent\u0151s mennyis\u00e9gben tartalmaz krist\u00e1lyos polipropil\u00e9nt.\u201d<\/em> [US4379851 sz\u00e1m\u00fa szabadalom]<\/p>\n<p style=\"text-align: justify\">Ez az ig\u00e9nypont az eredeti angol nyelven mind\u00f6ssze 15\u00a0sz\u00f3b\u00f3l \u00e1ll. A tal\u00e1lm\u00e1ny pedig nem m\u00e1s, mint az 1951-ben feltal\u00e1lt alap m\u0171anyag. A meglep\u0151en r\u00f6vid ig\u00e9nypont a szabadalom ellen ind\u00edtott perekben is meg\u00e1llta a hely\u00e9t \u2013 b\u00e1rmif\u00e9le korl\u00e1toz\u00e1s n\u00e9lk\u00fcl, v\u00e1ltozatlan form\u00e1ban megmaradt.<\/p>\n<p style=\"text-align: justify\">Manaps\u00e1g azonban \u00f3vatosnak kell lenni a t\u00fals\u00e1gosan r\u00f6vid ig\u00e9nypontokkal, ugyanis ezekn\u00e9l el\u00e9g nagy a val\u00f3sz\u00edn\u0171s\u00e9ge, hogy a hivatal visszadobja, mondv\u00e1n, hogy nem teljes\u00edti az \u00fajdons\u00e1g vagy a feltal\u00e1l\u00f3i tev\u00e9kenys\u00e9g k\u00f6vetelm\u00e9ny\u00e9t. \u00cdgy j\u00e1rt p\u00e9ld\u00e1ul az al\u00e1bbi kezdeti ig\u00e9nypont is:<\/p>\n<p style=\"text-align: justify\"><em>\u201e1. Gy\u00f3gyszer, amely tartalmaz PDE4-inhibitort \u00e9s EP4-receptor-antagonist\u00e1t.\u201d<\/em> [US2013\/0237527A1 sz\u00e1m\u00fa szabadalmi bejelent\u00e9s]<\/p>\n<p style=\"text-align: justify\">Itt az elgondol\u00e1s az volt, hogy egy olyan gy\u00f3gyszert ig\u00e9nyelnek, ami a fenti k\u00e9t komponenst tartalmazza. A hivatal azonban \u00fagy \u00edt\u00e9lte meg, hogy ez az addigi ismeretek alapj\u00e1n (\u00e9s egy\u00e9b k\u00f6vetelm\u00e9nyek miatt) t\u00fals\u00e1gosan t\u00e1g oltalmi k\u00f6r lenne, \u00e9s \u00edgy v\u00e9g\u00fcl a megadott szabadalomban ez az els\u0151 ig\u00e9nypont annyi k\u00e9miai jellemz\u0151vel b\u0151v\u00fclt, hogy most egy eg\u00e9sz oldalon kereszt\u00fcl terjeng. (Akit \u00e9rdekel a v\u00e9gs\u0151 verzi\u00f3, itt megn\u00e9zheti: <a href=\"https:\/\/patents.google.com\/patent\/US8877758B2\/en?oq=US8877758B2\">US8877758B2<\/a>)<\/p>\n<p style=\"text-align: justify\">\u00d6sszefoglalva, <strong>a f\u0151ig\u00e9nypontba pontosan annyi jellemz\u0151t kell bele\u00edrni, ami minim\u00e1lisan sz\u00fcks\u00e9ges a tal\u00e1lm\u00e1ny megval\u00f3s\u00edt\u00e1s\u00e1hoz, \u00e9s ezenk\u00edv\u00fcl elk\u00fcl\u00f6n\u00edti a tal\u00e1lm\u00e1nyt a technika \u00e1ll\u00e1s\u00e1t\u00f3l<\/strong> (a kor\u00e1bban m\u00e1r feltal\u00e1lt term\u00e9kekt\u0151l\/elj\u00e1r\u00e1sokt\u00f3l).<\/p>\n<p style=\"text-align: justify\">Azonban azt meg\u00e1llap\u00edtani, hogy pontosan h\u00e1ny jellemz\u0151 teljes\u00edti ezt a felt\u00e9telt, \u00e9s melyek azok, amelyek esetleg elhagyhat\u00f3k, sokszor egy\u00e1ltal\u00e1n nem k\u00f6nny\u0171 feladat (r\u00e1ad\u00e1sul az ig\u00e9nypontok \u00edr\u00e1s\u00e1n\u00e1l rengeteg egy\u00e9b szempontot is figyelembe kell venni, amire itt nem t\u00e9rt\u00fcnk ki). \u00c1llhatna itt esetleg egy olyan figyelmeztet\u00e9s is, mint a kaszkad\u0151r\u00f6k mutatv\u00e1nyain\u00e1l: ezt ne pr\u00f3b\u00e1ld ki otthon! \u00c9rdemes szakember seg\u00edts\u00e9g\u00e9t k\u00e9rni az ig\u00e9nypontok megfogalmaz\u00e1s\u00e1n\u00e1l, mert k\u00e9s\u0151bb sok fejf\u00e1j\u00e1st\u00f3l k\u00edm\u00e9lhetj\u00fck meg magunkat, ha m\u00e1r az elej\u00e9t\u0151l kezdve szak\u00e9rt\u0151vel dolgozunk. Csak ezek ut\u00e1n ne csod\u00e1lkozzunk, ha a szabadalmi \u00fcgyviv\u0151nk is napokig, net\u00e1n hetekig t\u00f6preng az ig\u00e9nypontok megfogalmaz\u00e1s\u00e1n\u2026<\/p>\n<p style=\"text-align: justify\"><em>A teljess\u00e9g \u00e9s a pontoss\u00e1g \u00e9rdek\u00e9ben mintegy ut\u00f3iratk\u00e9nt m\u00e9g hozz\u00e1tenn\u00e9m, hogy a fent le\u00edrtak els\u0151sorban a f\u0151ig\u00e9nypontra vonatkoznak. A jelen cikkben nem t\u00e9rt\u00fcnk ki arra, hogy az alig\u00e9nypontokban mit \u00e9s hogyan kell megfogalmazni, illetve hogy ezek milyen bonyolult f\u00fcgg\u0151s\u00e9gben \u00e1llhatnak egym\u00e1ssal \u00e9s a f\u0151ig\u00e9nyponttal. Tov\u00e1bb\u00e1 azzal sem foglalkoztunk, hogy a sz\u00fcks\u00e9gesnek \u00edt\u00e9lt jellemz\u0151ket az ig\u00e9nyponton bel\u00fcl hogyan kell csoportos\u00edtanunk \u2013 ugyanis m\u00e9g enn\u00e9l is szigor\u00fa k\u00f6vetelm\u00e9nyeknek kell megfelelni. V\u00e9g\u00fcl, de nem utols\u00f3sorban, arr\u00f3l sem esett sz\u00f3, hogy ha egy szabadalomban egyn\u00e9l t\u00f6bb f\u0151ig\u00e9nypont van, akkor mire kell figyeln\u00fcnk. Ezekr\u0151l ugyanis mind k\u00fcl\u00f6n tanulm\u00e1nyt lehetne \u00edrni, amit a jelen cikk keretei nem tettek lehet\u0151v\u00e9. De ez a kieg\u00e9sz\u00edt\u00e9s csak m\u00e9g ink\u00e1bb er\u0151s\u00edti az el\u0151bbi \u00e1ll\u00edt\u00e1st, miszerint ig\u00e9nypontokat \u00edrni bizony nem gyerekj\u00e1t\u00e9k.<\/em><\/p>\n<p><a href=\"https:\/\/www.danubia.com\/hu\/munkatarsaink\/haraszti-helga\/\">HARASZTI HELGA<\/a><\/p>\n<p>szabadalmi \u00fcgyviv\u0151jel\u00f6lt<\/p>\n<p><img loading=\"lazy\" decoding=\"async\" class=\"alignleft size-medium wp-image-3930\" src=\"https:\/\/www.danubia.com\/wp-content\/uploads\/2020\/02\/Haraszti-Helga-300x300.jpg\" alt=\"\" width=\"300\" height=\"300\" \/><\/p>\n<p>&nbsp;<\/p>\n","protected":false},"excerpt":{"rendered":"<p>A m\u00e1rkav\u00e9delem \u00e9s m\u00e1rka\u00e9p\u00edt\u00e9s szempontj\u00e1b\u00f3l nagy jelent\u0151s\u00e9ge van a v\u00e9djegyoltalomnak: Coca-Cola vs HELL ENERGY Magyarorsz\u00e1g Kft.<\/p>\n","protected":false},"author":1,"featured_media":9627,"comment_status":"closed","ping_status":"closed","sticky":false,"template":"","format":"standard","meta":{"_et_pb_use_builder":"","_et_pb_old_content":"","_et_gb_content_width":"","footnotes":""},"categories":[91],"tags":[],"class_list":["post-9626","post","type-post","status-publish","format-standard","has-post-thumbnail","hentry","category-szabadalom"],"yoast_head":"<!-- This site is optimized with the Yoast SEO plugin v27.3 - https:\/\/yoast.com\/product\/yoast-seo-wordpress\/ -->\n<title>A kevesebb n\u00e9ha t\u00f6bb \u2013 avagy h\u00e1ny jellemz\u0151t \u00edrjunk az ig\u00e9nypontba? - Danubia<\/title>\n<meta name=\"description\" content=\"A szabadalom (vagy szabadalmi bejelent\u00e9s, ha m\u00e9g nem adt\u00e1k meg) legfontosabb r\u00e9sz\u00e9t az ig\u00e9nypontok k\u00e9pezik.\" \/>\n<meta name=\"robots\" content=\"index, follow, max-snippet:-1, max-image-preview:large, max-video-preview:-1\" \/>\n<link rel=\"canonical\" href=\"https:\/\/www.danubia.com\/hu\/szabadalom\/a-kevesebb-neha-tobb-avagy-hany-jellemzot-irjunk-az-igenypontba\/\" \/>\n<meta property=\"og:locale\" content=\"hu_HU\" \/>\n<meta property=\"og:type\" content=\"article\" \/>\n<meta property=\"og:title\" content=\"A kevesebb n\u00e9ha t\u00f6bb \u2013 avagy h\u00e1ny jellemz\u0151t \u00edrjunk az ig\u00e9nypontba? - Danubia\" \/>\n<meta property=\"og:description\" content=\"A szabadalom (vagy szabadalmi bejelent\u00e9s, ha m\u00e9g nem adt\u00e1k meg) legfontosabb r\u00e9sz\u00e9t az ig\u00e9nypontok k\u00e9pezik.\" \/>\n<meta property=\"og:url\" content=\"https:\/\/www.danubia.com\/hu\/szabadalom\/a-kevesebb-neha-tobb-avagy-hany-jellemzot-irjunk-az-igenypontba\/\" \/>\n<meta property=\"og:site_name\" content=\"Danubia\" \/>\n<meta property=\"article:published_time\" content=\"2022-04-11T15:15:14+00:00\" \/>\n<meta property=\"og:image\" content=\"https:\/\/www.danubia.com\/wp-content\/uploads\/2022\/04\/pexels-pavel-danilyuk-8112136.jpg\" \/>\n\t<meta property=\"og:image:width\" content=\"1280\" \/>\n\t<meta property=\"og:image:height\" content=\"854\" \/>\n\t<meta property=\"og:image:type\" content=\"image\/jpeg\" \/>\n<meta name=\"author\" content=\"Danubia Szabadalmi \u00e9s Jogi Iroda\" \/>\n<meta name=\"twitter:card\" content=\"summary_large_image\" \/>\n<meta name=\"twitter:label1\" content=\"Szerz\u0151:\" \/>\n\t<meta name=\"twitter:data1\" content=\"Danubia Szabadalmi \u00e9s Jogi Iroda\" \/>\n\t<meta name=\"twitter:label2\" content=\"Becs\u00fclt olvas\u00e1si id\u0151\" \/>\n\t<meta name=\"twitter:data2\" content=\"7 perc\" \/>\n<script type=\"application\/ld+json\" class=\"yoast-schema-graph\">{\"@context\":\"https:\\\/\\\/schema.org\",\"@graph\":[{\"@type\":\"Article\",\"@id\":\"https:\\\/\\\/www.danubia.com\\\/hu\\\/szabadalom\\\/a-kevesebb-neha-tobb-avagy-hany-jellemzot-irjunk-az-igenypontba\\\/#article\",\"isPartOf\":{\"@id\":\"https:\\\/\\\/www.danubia.com\\\/hu\\\/szabadalom\\\/a-kevesebb-neha-tobb-avagy-hany-jellemzot-irjunk-az-igenypontba\\\/\"},\"author\":{\"name\":\"Danubia Szabadalmi \u00e9s Jogi Iroda\",\"@id\":\"https:\\\/\\\/www.danubia.com\\\/#\\\/schema\\\/person\\\/c3a081c566cce5d38b32c31f3bf569b8\"},\"headline\":\"A kevesebb n\u00e9ha t\u00f6bb \u2013 avagy h\u00e1ny jellemz\u0151t \u00edrjunk az ig\u00e9nypontba?\",\"datePublished\":\"2022-04-11T15:15:14+00:00\",\"mainEntityOfPage\":{\"@id\":\"https:\\\/\\\/www.danubia.com\\\/hu\\\/szabadalom\\\/a-kevesebb-neha-tobb-avagy-hany-jellemzot-irjunk-az-igenypontba\\\/\"},\"wordCount\":2160,\"image\":{\"@id\":\"https:\\\/\\\/www.danubia.com\\\/hu\\\/szabadalom\\\/a-kevesebb-neha-tobb-avagy-hany-jellemzot-irjunk-az-igenypontba\\\/#primaryimage\"},\"thumbnailUrl\":\"https:\\\/\\\/www.danubia.com\\\/wp-content\\\/uploads\\\/2022\\\/04\\\/pexels-pavel-danilyuk-8112136.jpg\",\"articleSection\":[\"Szabadalom\"],\"inLanguage\":\"hu\"},{\"@type\":\"WebPage\",\"@id\":\"https:\\\/\\\/www.danubia.com\\\/hu\\\/szabadalom\\\/a-kevesebb-neha-tobb-avagy-hany-jellemzot-irjunk-az-igenypontba\\\/\",\"url\":\"https:\\\/\\\/www.danubia.com\\\/hu\\\/szabadalom\\\/a-kevesebb-neha-tobb-avagy-hany-jellemzot-irjunk-az-igenypontba\\\/\",\"name\":\"A kevesebb n\u00e9ha t\u00f6bb \u2013 avagy h\u00e1ny jellemz\u0151t \u00edrjunk az ig\u00e9nypontba? - Danubia\",\"isPartOf\":{\"@id\":\"https:\\\/\\\/www.danubia.com\\\/#website\"},\"primaryImageOfPage\":{\"@id\":\"https:\\\/\\\/www.danubia.com\\\/hu\\\/szabadalom\\\/a-kevesebb-neha-tobb-avagy-hany-jellemzot-irjunk-az-igenypontba\\\/#primaryimage\"},\"image\":{\"@id\":\"https:\\\/\\\/www.danubia.com\\\/hu\\\/szabadalom\\\/a-kevesebb-neha-tobb-avagy-hany-jellemzot-irjunk-az-igenypontba\\\/#primaryimage\"},\"thumbnailUrl\":\"https:\\\/\\\/www.danubia.com\\\/wp-content\\\/uploads\\\/2022\\\/04\\\/pexels-pavel-danilyuk-8112136.jpg\",\"datePublished\":\"2022-04-11T15:15:14+00:00\",\"author\":{\"@id\":\"https:\\\/\\\/www.danubia.com\\\/#\\\/schema\\\/person\\\/c3a081c566cce5d38b32c31f3bf569b8\"},\"description\":\"A szabadalom (vagy szabadalmi bejelent\u00e9s, ha m\u00e9g nem adt\u00e1k meg) legfontosabb r\u00e9sz\u00e9t az ig\u00e9nypontok k\u00e9pezik.\",\"breadcrumb\":{\"@id\":\"https:\\\/\\\/www.danubia.com\\\/hu\\\/szabadalom\\\/a-kevesebb-neha-tobb-avagy-hany-jellemzot-irjunk-az-igenypontba\\\/#breadcrumb\"},\"inLanguage\":\"hu\",\"potentialAction\":[{\"@type\":\"ReadAction\",\"target\":[\"https:\\\/\\\/www.danubia.com\\\/hu\\\/szabadalom\\\/a-kevesebb-neha-tobb-avagy-hany-jellemzot-irjunk-az-igenypontba\\\/\"]}]},{\"@type\":\"ImageObject\",\"inLanguage\":\"hu\",\"@id\":\"https:\\\/\\\/www.danubia.com\\\/hu\\\/szabadalom\\\/a-kevesebb-neha-tobb-avagy-hany-jellemzot-irjunk-az-igenypontba\\\/#primaryimage\",\"url\":\"https:\\\/\\\/www.danubia.com\\\/wp-content\\\/uploads\\\/2022\\\/04\\\/pexels-pavel-danilyuk-8112136.jpg\",\"contentUrl\":\"https:\\\/\\\/www.danubia.com\\\/wp-content\\\/uploads\\\/2022\\\/04\\\/pexels-pavel-danilyuk-8112136.jpg\",\"width\":1280,\"height\":854},{\"@type\":\"BreadcrumbList\",\"@id\":\"https:\\\/\\\/www.danubia.com\\\/hu\\\/szabadalom\\\/a-kevesebb-neha-tobb-avagy-hany-jellemzot-irjunk-az-igenypontba\\\/#breadcrumb\",\"itemListElement\":[{\"@type\":\"ListItem\",\"position\":1,\"name\":\"Home\",\"item\":\"https:\\\/\\\/www.danubia.com\\\/hu\\\/\"},{\"@type\":\"ListItem\",\"position\":2,\"name\":\"A kevesebb n\u00e9ha t\u00f6bb \u2013 avagy h\u00e1ny jellemz\u0151t \u00edrjunk az ig\u00e9nypontba?\"}]},{\"@type\":\"WebSite\",\"@id\":\"https:\\\/\\\/www.danubia.com\\\/#website\",\"url\":\"https:\\\/\\\/www.danubia.com\\\/\",\"name\":\"Danubia\",\"description\":\"\",\"potentialAction\":[{\"@type\":\"SearchAction\",\"target\":{\"@type\":\"EntryPoint\",\"urlTemplate\":\"https:\\\/\\\/www.danubia.com\\\/?s={search_term_string}\"},\"query-input\":{\"@type\":\"PropertyValueSpecification\",\"valueRequired\":true,\"valueName\":\"search_term_string\"}}],\"inLanguage\":\"hu\"},{\"@type\":\"Person\",\"@id\":\"https:\\\/\\\/www.danubia.com\\\/#\\\/schema\\\/person\\\/c3a081c566cce5d38b32c31f3bf569b8\",\"name\":\"Danubia Szabadalmi \u00e9s Jogi Iroda\",\"image\":{\"@type\":\"ImageObject\",\"inLanguage\":\"hu\",\"@id\":\"https:\\\/\\\/secure.gravatar.com\\\/avatar\\\/347a905c0860aaf34650db19625beeb4cfc4347b5df0d66ef80381817b31b53c?s=96&r=g\",\"url\":\"https:\\\/\\\/secure.gravatar.com\\\/avatar\\\/347a905c0860aaf34650db19625beeb4cfc4347b5df0d66ef80381817b31b53c?s=96&r=g\",\"contentUrl\":\"https:\\\/\\\/secure.gravatar.com\\\/avatar\\\/347a905c0860aaf34650db19625beeb4cfc4347b5df0d66ef80381817b31b53c?s=96&r=g\",\"caption\":\"Danubia Szabadalmi \u00e9s Jogi Iroda\"}}]}<\/script>\n<!-- \/ Yoast SEO plugin. -->","yoast_head_json":{"title":"A kevesebb n\u00e9ha t\u00f6bb \u2013 avagy h\u00e1ny jellemz\u0151t \u00edrjunk az ig\u00e9nypontba? - Danubia","description":"A szabadalom (vagy szabadalmi bejelent\u00e9s, ha m\u00e9g nem adt\u00e1k meg) legfontosabb r\u00e9sz\u00e9t az ig\u00e9nypontok k\u00e9pezik.","robots":{"index":"index","follow":"follow","max-snippet":"max-snippet:-1","max-image-preview":"max-image-preview:large","max-video-preview":"max-video-preview:-1"},"canonical":"https:\/\/www.danubia.com\/hu\/szabadalom\/a-kevesebb-neha-tobb-avagy-hany-jellemzot-irjunk-az-igenypontba\/","og_locale":"hu_HU","og_type":"article","og_title":"A kevesebb n\u00e9ha t\u00f6bb \u2013 avagy h\u00e1ny jellemz\u0151t \u00edrjunk az ig\u00e9nypontba? - Danubia","og_description":"A szabadalom (vagy szabadalmi bejelent\u00e9s, ha m\u00e9g nem adt\u00e1k meg) legfontosabb r\u00e9sz\u00e9t az ig\u00e9nypontok k\u00e9pezik.","og_url":"https:\/\/www.danubia.com\/hu\/szabadalom\/a-kevesebb-neha-tobb-avagy-hany-jellemzot-irjunk-az-igenypontba\/","og_site_name":"Danubia","article_published_time":"2022-04-11T15:15:14+00:00","og_image":[{"width":1280,"height":854,"url":"https:\/\/www.danubia.com\/wp-content\/uploads\/2022\/04\/pexels-pavel-danilyuk-8112136.jpg","type":"image\/jpeg"}],"author":"Danubia Szabadalmi \u00e9s Jogi Iroda","twitter_card":"summary_large_image","twitter_misc":{"Szerz\u0151:":"Danubia Szabadalmi \u00e9s Jogi Iroda","Becs\u00fclt olvas\u00e1si id\u0151":"7 perc"},"schema":{"@context":"https:\/\/schema.org","@graph":[{"@type":"Article","@id":"https:\/\/www.danubia.com\/hu\/szabadalom\/a-kevesebb-neha-tobb-avagy-hany-jellemzot-irjunk-az-igenypontba\/#article","isPartOf":{"@id":"https:\/\/www.danubia.com\/hu\/szabadalom\/a-kevesebb-neha-tobb-avagy-hany-jellemzot-irjunk-az-igenypontba\/"},"author":{"name":"Danubia Szabadalmi \u00e9s Jogi Iroda","@id":"https:\/\/www.danubia.com\/#\/schema\/person\/c3a081c566cce5d38b32c31f3bf569b8"},"headline":"A kevesebb n\u00e9ha t\u00f6bb \u2013 avagy h\u00e1ny jellemz\u0151t \u00edrjunk az ig\u00e9nypontba?","datePublished":"2022-04-11T15:15:14+00:00","mainEntityOfPage":{"@id":"https:\/\/www.danubia.com\/hu\/szabadalom\/a-kevesebb-neha-tobb-avagy-hany-jellemzot-irjunk-az-igenypontba\/"},"wordCount":2160,"image":{"@id":"https:\/\/www.danubia.com\/hu\/szabadalom\/a-kevesebb-neha-tobb-avagy-hany-jellemzot-irjunk-az-igenypontba\/#primaryimage"},"thumbnailUrl":"https:\/\/www.danubia.com\/wp-content\/uploads\/2022\/04\/pexels-pavel-danilyuk-8112136.jpg","articleSection":["Szabadalom"],"inLanguage":"hu"},{"@type":"WebPage","@id":"https:\/\/www.danubia.com\/hu\/szabadalom\/a-kevesebb-neha-tobb-avagy-hany-jellemzot-irjunk-az-igenypontba\/","url":"https:\/\/www.danubia.com\/hu\/szabadalom\/a-kevesebb-neha-tobb-avagy-hany-jellemzot-irjunk-az-igenypontba\/","name":"A kevesebb n\u00e9ha t\u00f6bb \u2013 avagy h\u00e1ny jellemz\u0151t \u00edrjunk az ig\u00e9nypontba? - Danubia","isPartOf":{"@id":"https:\/\/www.danubia.com\/#website"},"primaryImageOfPage":{"@id":"https:\/\/www.danubia.com\/hu\/szabadalom\/a-kevesebb-neha-tobb-avagy-hany-jellemzot-irjunk-az-igenypontba\/#primaryimage"},"image":{"@id":"https:\/\/www.danubia.com\/hu\/szabadalom\/a-kevesebb-neha-tobb-avagy-hany-jellemzot-irjunk-az-igenypontba\/#primaryimage"},"thumbnailUrl":"https:\/\/www.danubia.com\/wp-content\/uploads\/2022\/04\/pexels-pavel-danilyuk-8112136.jpg","datePublished":"2022-04-11T15:15:14+00:00","author":{"@id":"https:\/\/www.danubia.com\/#\/schema\/person\/c3a081c566cce5d38b32c31f3bf569b8"},"description":"A szabadalom (vagy szabadalmi bejelent\u00e9s, ha m\u00e9g nem adt\u00e1k meg) legfontosabb r\u00e9sz\u00e9t az ig\u00e9nypontok k\u00e9pezik.","breadcrumb":{"@id":"https:\/\/www.danubia.com\/hu\/szabadalom\/a-kevesebb-neha-tobb-avagy-hany-jellemzot-irjunk-az-igenypontba\/#breadcrumb"},"inLanguage":"hu","potentialAction":[{"@type":"ReadAction","target":["https:\/\/www.danubia.com\/hu\/szabadalom\/a-kevesebb-neha-tobb-avagy-hany-jellemzot-irjunk-az-igenypontba\/"]}]},{"@type":"ImageObject","inLanguage":"hu","@id":"https:\/\/www.danubia.com\/hu\/szabadalom\/a-kevesebb-neha-tobb-avagy-hany-jellemzot-irjunk-az-igenypontba\/#primaryimage","url":"https:\/\/www.danubia.com\/wp-content\/uploads\/2022\/04\/pexels-pavel-danilyuk-8112136.jpg","contentUrl":"https:\/\/www.danubia.com\/wp-content\/uploads\/2022\/04\/pexels-pavel-danilyuk-8112136.jpg","width":1280,"height":854},{"@type":"BreadcrumbList","@id":"https:\/\/www.danubia.com\/hu\/szabadalom\/a-kevesebb-neha-tobb-avagy-hany-jellemzot-irjunk-az-igenypontba\/#breadcrumb","itemListElement":[{"@type":"ListItem","position":1,"name":"Home","item":"https:\/\/www.danubia.com\/hu\/"},{"@type":"ListItem","position":2,"name":"A kevesebb n\u00e9ha t\u00f6bb \u2013 avagy h\u00e1ny jellemz\u0151t \u00edrjunk az ig\u00e9nypontba?"}]},{"@type":"WebSite","@id":"https:\/\/www.danubia.com\/#website","url":"https:\/\/www.danubia.com\/","name":"Danubia","description":"","potentialAction":[{"@type":"SearchAction","target":{"@type":"EntryPoint","urlTemplate":"https:\/\/www.danubia.com\/?s={search_term_string}"},"query-input":{"@type":"PropertyValueSpecification","valueRequired":true,"valueName":"search_term_string"}}],"inLanguage":"hu"},{"@type":"Person","@id":"https:\/\/www.danubia.com\/#\/schema\/person\/c3a081c566cce5d38b32c31f3bf569b8","name":"Danubia Szabadalmi \u00e9s Jogi Iroda","image":{"@type":"ImageObject","inLanguage":"hu","@id":"https:\/\/secure.gravatar.com\/avatar\/347a905c0860aaf34650db19625beeb4cfc4347b5df0d66ef80381817b31b53c?s=96&r=g","url":"https:\/\/secure.gravatar.com\/avatar\/347a905c0860aaf34650db19625beeb4cfc4347b5df0d66ef80381817b31b53c?s=96&r=g","contentUrl":"https:\/\/secure.gravatar.com\/avatar\/347a905c0860aaf34650db19625beeb4cfc4347b5df0d66ef80381817b31b53c?s=96&r=g","caption":"Danubia Szabadalmi \u00e9s Jogi Iroda"}}]}},"_links":{"self":[{"href":"https:\/\/www.danubia.com\/hu\/wp-json\/wp\/v2\/posts\/9626","targetHints":{"allow":["GET"]}}],"collection":[{"href":"https:\/\/www.danubia.com\/hu\/wp-json\/wp\/v2\/posts"}],"about":[{"href":"https:\/\/www.danubia.com\/hu\/wp-json\/wp\/v2\/types\/post"}],"author":[{"embeddable":true,"href":"https:\/\/www.danubia.com\/hu\/wp-json\/wp\/v2\/users\/1"}],"replies":[{"embeddable":true,"href":"https:\/\/www.danubia.com\/hu\/wp-json\/wp\/v2\/comments?post=9626"}],"version-history":[{"count":1,"href":"https:\/\/www.danubia.com\/hu\/wp-json\/wp\/v2\/posts\/9626\/revisions"}],"predecessor-version":[{"id":9629,"href":"https:\/\/www.danubia.com\/hu\/wp-json\/wp\/v2\/posts\/9626\/revisions\/9629"}],"wp:featuredmedia":[{"embeddable":true,"href":"https:\/\/www.danubia.com\/hu\/wp-json\/wp\/v2\/media\/9627"}],"wp:attachment":[{"href":"https:\/\/www.danubia.com\/hu\/wp-json\/wp\/v2\/media?parent=9626"}],"wp:term":[{"taxonomy":"category","embeddable":true,"href":"https:\/\/www.danubia.com\/hu\/wp-json\/wp\/v2\/categories?post=9626"},{"taxonomy":"post_tag","embeddable":true,"href":"https:\/\/www.danubia.com\/hu\/wp-json\/wp\/v2\/tags?post=9626"}],"curies":[{"name":"wp","href":"https:\/\/api.w.org\/{rel}","templated":true}]}}